{"id":93140,"date":"2025-05-12T01:59:15","date_gmt":"2025-05-12T01:59:15","guid":{"rendered":"https:\/\/www.europesays.com\/fr\/93140\/"},"modified":"2025-05-12T01:59:15","modified_gmt":"2025-05-12T01:59:15","slug":"volley-ball-maxeville-nancy-volley-a-jamais-les-premiers","status":"publish","type":"post","link":"https:\/\/www.europesays.com\/fr\/93140\/","title":{"rendered":"Volley-ball. Max\u00e9ville-Nancy Volley, \u00e0 jamais les premiers\u00a0!"},"content":{"rendered":"<p>Depuis Fr\u00e9jus o\u00f9 il vit d\u00e9sormais, Michel Hentzen se souvient dans les moindres d\u00e9tails de la journ\u00e9e du 9\u00a0mai 2015. Ce jour-l\u00e0, pour la grande f\u00eate du volley hexagonal (*), les hommes de Manu Dumortier remportaient le titre de champion de France de Ligue B en assommant Nice en trois sets secs (3-0) et sans jamais trembler (25-20, 26-13, 25-18). \u00ab\u00a0De tout mon v\u00e9cu dans le volley, cela reste mon meilleur souvenir\u00a0\u00bb, confie l\u2019ancien manager g\u00e9n\u00e9ral sportif du club nanc\u00e9ien. \u00ab\u00a0On disposait d\u2019un budget ridiculement faible (530.000 euros) dans une poule \u00e0 14 \u00e9quipes. On avait su se montrer malin dans le recrutement. Le \u2018&rsquo;discount\u00a0\u00bb, c\u2019\u00e9tait alors un peu notre marque de fabrique\u00a0\u00bb.<\/p>\n<p>Des propos corrobor\u00e9s par Manu Dumortier, le coach de l\u2019\u00e9poque\u00a0: \u00ab On ne s\u2019imaginait pas en d\u00e9but d\u2019exercice pouvoir d\u00e9rocher le titre. Mais les joueurs \u00e9taient de qualit\u00e9. Je crois me souvenir que lors de cette finale, on a fait un match qui sortait de l\u2019ordinaire. Effectivement, on n&rsquo;a commis que deux fautes au service et Nice ne nous a bloqu\u00e9s qu\u2019\u00e0 deux reprises. On \u00e9tait tout simplement injouables\u00a0\u00bb.<\/p>\n<p>Et pourtant, en coulisses, les jours pr\u00e9c\u00e9dents la finale avaient \u00e9t\u00e9 remplis de craintes. \u00ab\u00a0Il faut se souvenir que Jelle Ribbens, notre libero, et le central Mirko Rad\u00e9vic avaient sign\u00e9, avant ce dernier acte, en faveur de Nice\u00a0\u00bb, rappelle Michel Hentzen. \u00ab On ne savait pas comment ils allaient se comporter dans un match qui ouvrait les portes de la Ligue A au vainqueur\u00a0\u00bb. Mais les deux futurs Ni\u00e7ois se sont montr\u00e9s professionnels jusqu\u2019au bout des ongles. \u00ab\u00a0Il y a d\u00e9j\u00e0 une question d\u2019honneur et puis gagner un titre cela n\u2019a pas de prix\u00a0\u00bb, glisse Manu Dumortier.<\/p>\n<p>La saison n\u2019avait pourtant pas \u00e9t\u00e9 simple. Michel Hentzen avait m\u00eame d\u00fb souvent jouer les pompiers de service\u00a0: \u00ab Il y avait des crispations entre le groupe et le coach mais aussi entre certains joueurs. Heureusement, une fois sur le terrain, celles-ci disparaissaient. D\u2019un point de vue plus personnel, j\u2019\u00e9tais doublement heureux de ce titre car dans cette \u00e9quipe figurait aussi Alexandre, mon fils, un pur produit du club qui avait d\u00e9but\u00e9 en pupilles\u00a0\u00bb.<\/p>\n<p>Si les images de liesse sont encore en m\u00e9moire de l\u2019ancien manager du club ce dernier garde aussi quelques mauvais souvenirs de cette finale. \u00ab On n\u2019avait m\u00eame pas \u00e9t\u00e9 re\u00e7u par les \u00e9lus nanc\u00e9iens pour ce titre\u00a0\u00bb, regrette Michel Hentzen. \u00ab\u00a0Forc\u00e9ment aujourd\u2019hui tout cela me manque un peu car le club du Nancy c\u2019est un peu mon b\u00e9b\u00e9\u00a0\u00bb. \u00c0 bon entendeur.<\/p>\n<p class=\"note\"><strong>(*) <\/strong> \u00c0 l\u2019\u00e9poque, toutes les finales des play-off des championnats g\u00e9r\u00e9s par la LNV se disputaient sur un seul match, le m\u00eame jour, \u00e0 Paris. <strong>L\u2019\u00e9quipe<\/strong> \u00a0: G.\u00a0Di Betta, A.\u00a0Hentzen, M.\u00a0Mourier, D.\u00a0Feughouo, M.\u00a0Rad\u00e9vic, J.\u00a0Lomacz, G.\u00a0Meyer, S.\u00a0Tolar, J.\u00a0Ribbens, C.\u00a0Fuah\u00e9a. Entra\u00eeneur\u00a0: M.\u00a0Dumortier.<\/p>\n","protected":false},"excerpt":{"rendered":"Depuis Fr\u00e9jus o\u00f9 il vit d\u00e9sormais, Michel Hentzen se souvient dans les moindres d\u00e9tails de la journ\u00e9e du&hellip;\n","protected":false},"author":2,"featured_media":93141,"comment_status":"","ping_status":"","sticky":false,"template":"","format":"standard","meta":{"footnotes":""},"categories":[9635],"tags":[1111,11,1704,1777,674,107,1701,1011,27,775,20543,9648,10061,1702,1703,12,25,517,1700,1632],"class_list":{"0":"post-93140","1":"post","2":"type-post","3":"status-publish","4":"format-standard","5":"has-post-thumbnail","7":"category-nancy","8":"tag-actu","9":"tag-actualites","10":"tag-edition-nancy-et-agglomeration","11":"tag-eu","12":"tag-europe","13":"tag-fil-info","14":"tag-fil-info-sport","15":"tag-fr","16":"tag-france","17":"tag-grand-est","18":"tag-grand-nancy-volley-ball","19":"tag-jarville-la-malgrange","20":"tag-maxeville","21":"tag-nancy","22":"tag-nancy-ville-54b","23":"tag-news","24":"tag-republique-francaise","25":"tag-sport","26":"tag-sport-lorrain","27":"tag-volley-ball"},"share_on_mastodon":{"url":"https:\/\/pubeurope.com\/@fr\/114492392239409665","error":""},"_links":{"self":[{"href":"https:\/\/www.europesays.com\/fr\/wp-json\/wp\/v2\/posts\/93140","targetHints":{"allow":["GET"]}}],"collection":[{"href":"https:\/\/www.europesays.com\/fr\/wp-json\/wp\/v2\/posts"}],"about":[{"href":"https:\/\/www.europesays.com\/fr\/wp-json\/wp\/v2\/types\/post"}],"author":[{"embeddable":true,"href":"https:\/\/www.europesays.com\/fr\/wp-json\/wp\/v2\/users\/2"}],"replies":[{"embeddable":true,"href":"https:\/\/www.europesays.com\/fr\/wp-json\/wp\/v2\/comments?post=93140"}],"version-history":[{"count":0,"href":"https:\/\/www.europesays.com\/fr\/wp-json\/wp\/v2\/posts\/93140\/revisions"}],"wp:featuredmedia":[{"embeddable":true,"href":"https:\/\/www.europesays.com\/fr\/wp-json\/wp\/v2\/media\/93141"}],"wp:attachment":[{"href":"https:\/\/www.europesays.com\/fr\/wp-json\/wp\/v2\/media?parent=93140"}],"wp:term":[{"taxonomy":"category","embeddable":true,"href":"https:\/\/www.europesays.com\/fr\/wp-json\/wp\/v2\/categories?post=93140"},{"taxonomy":"post_tag","embeddable":true,"href":"https:\/\/www.europesays.com\/fr\/wp-json\/wp\/v2\/tags?post=93140"}],"curies":[{"name":"wp","href":"https:\/\/api.w.org\/{rel}","templated":true}]}}