{"id":93146,"date":"2025-05-12T02:03:13","date_gmt":"2025-05-12T02:03:13","guid":{"rendered":"https:\/\/www.europesays.com\/fr\/93146\/"},"modified":"2025-05-12T02:03:13","modified_gmt":"2025-05-12T02:03:13","slug":"on-sest-donne-le-droit-de-rever","status":"publish","type":"post","link":"https:\/\/www.europesays.com\/fr\/93146\/","title":{"rendered":"On s&rsquo;est donn\u00e9 le droit de r\u00eaver"},"content":{"rendered":"<p>            Par<br \/>\n        <strong><br \/>\n            <a href=\"https:\/\/actu.fr\/auteur\/anthony-tallieu-actu-fr\" title=\"Consulter tous les articles de Anthony Tallieu\" target=\"_blank\" rel=\"noopener\">Anthony Tallieu<\/a><br \/>\n        <\/strong><\/p>\n<p>        Publi\u00e9 le<\/p>\n<p>            11 mai 2025 \u00e0 23h21        <\/p>\n<p><strong>Montpellier<\/strong> a \u00e9cras\u00e9 une Union Bordeaux-B\u00e8gles remani\u00e9e une semaine apr\u00e8s sa qualification en finale de Champions Cup, ce dimanche en cl\u00f4ture de la<strong><a href=\"https:\/\/actu.fr\/rugby\/classements-resultats\/\" target=\"_blank\" rel=\"noopener\"> 23e journ\u00e9e de Top 14 <\/a><\/strong>(46-27). Au-del\u00e0 de la fiert\u00e9 d\u2019avoir corrig\u00e9 le dauphin de Toulouse, et <a href=\"https:\/\/actu.fr\/nouvelle-aquitaine\/bordeaux_33063\/finale-de-champions-cup-et-qualification-en-top-14-bordeaux-begles-face-a-un-calendrier-casse-tete_62595081.html\" target=\"_blank\" rel=\"noopener\">peut-\u00eatre futur champion d\u2019Europe<\/a>, le MHR s\u2019est ouvert le champ des possibles pour une fin de saison palpitante.<\/p>\n<p class=\" wall-content\">Avec 52 points, le club h\u00e9raultais est revenu \u00e0 hauteur de La Rochelle, 6e. Provisoirement car Clermont, derri\u00e8re avec 48 points et dont le match \u00e0 Castres a \u00e9t\u00e9 report\u00e9 en raison du d\u00e9c\u00e8s de Josaia Raisuqe, peut virtuellement lui passer devant. Malgr\u00e9 cela, les Montpelli\u00e9rains, qui n\u2019avaient jamais \u00e9t\u00e9 en position de qualifiables avant ce dimanche, sont d\u00e9sormais pleinement ma\u00eetres de leur destin pour se qualifier pour la phase finale.<\/p>\n<p class=\" wall-content\">\n<p>Un huiti\u00e8me de finale \u00e0 La Rochelle ?<\/p>\n<p class=\" wall-content\">La raison ? La Rochelle et Clermont sont au programme du MHR en plus du Racing 92 pour les trois matchs restants. De fait, en gagnant les trois \u2013 en prenant au moins un bonus offensif car une possibilit\u00e9 d\u2019\u00e9galit\u00e9 d\u00e9favorable avec Lyon existe si le LOU prend 15 points \u2013 Montpellier sera assur\u00e9 de terminer au moins \u00e0 la sixi\u00e8me place. Le chemin est toutefois plus facile \u00e0 \u00e9crire qu\u2019\u00e0 accomplir et la plus grosse \u00e9tape semble pour dimanche prochain \u00e0 Deflandre.<\/p>\n<p class=\" wall-content\">\u00ab\u00a0On s\u2019\u00e9tait dit qu\u2019il fallait qu\u2019on se donne le droit de r\u00eaver en gagnant contre Bordeaux, a racont\u00e9 l\u2019ailier Ma\u00ebl Moustin, auteur d\u2019un doubl\u00e9 contre l\u2019UBB, apr\u00e8s la rencontre. On est tr\u00e8s heureux mais il ne va pas falloir se rel\u00e2cher car on n\u2019a pas le droit \u00e0 l\u2019erreur. Ce n\u2019est que le d\u00e9but.\u00a0\u00bb<\/p>\n<p class=\" wall-content\">\n<p class=\" wall-content\">Le coup d\u2019envoi d\u2019un sprint final terrible qui reprend dimanche donc face \u00e0 un Stade rochelais qui a le vent en poupe, port\u00e9 par trois victoires cons\u00e9cutives dont deux in-extremis par la plus petite des marges. Un choc qui prend d\u00e9j\u00e0 des allures de huiti\u00e8me de finale pour le MHR.<\/p>\n<p>Vid\u00e9os : en ce moment sur Actu<\/p>\n<p class=\" wall-content\">Suivez toute l\u2019actualit\u00e9 de vos villes et m\u00e9dias favoris en vous inscrivant \u00e0 <a href=\"https:\/\/moncompte.actu.fr\" title=\"D\u00e9couvez Mon Actu\" rel=\"nofollow noopener\" data-trk=\"{&quot;cta&quot;:{&quot;action&quot;:&quot;https:\\\/\\\/moncompte.actu.fr&quot;,&quot;category&quot;:&quot;mon compte&quot;,&quot;from&quot;:&quot;article footer&quot;,&quot;name&quot;:&quot;Mon actu&quot;,&quot;type&quot;:&quot;cta&quot;}}\" target=\"_blank\">Mon Actu<\/a>.<\/p>\n<ul class=\"ac-article-tag wall-content\">\n<li><a href=\"https:\/\/actu.fr\/tag\/montpellier-herault-rugby\" data-trk=\"{&quot;cta&quot;:{&quot;action&quot;:&quot;Montpellier H\\u00e9rault Rugby (MHR)&quot;,&quot;category&quot;:&quot;tag&quot;,&quot;from&quot;:&quot;article footer&quot;,&quot;name&quot;:&quot;Montpellier H\\u00e9rault Rugby (MHR)&quot;,&quot;type&quot;:&quot;cta&quot;}}\" target=\"_blank\" rel=\"noopener\">#Montpellier H\u00e9rault Rugby (MHR)<\/a><\/li>\n<li><a href=\"https:\/\/actu.fr\/tag\/usb-union-bordeaux-begles\" data-trk=\"{&quot;cta&quot;:{&quot;action&quot;:&quot;UBB Union Bordeaux B\\u00e8gles&quot;,&quot;category&quot;:&quot;tag&quot;,&quot;from&quot;:&quot;article footer&quot;,&quot;name&quot;:&quot;UBB Union Bordeaux B\\u00e8gles&quot;,&quot;type&quot;:&quot;cta&quot;}}\" target=\"_blank\" rel=\"noopener\">#UBB Union Bordeaux B\u00e8gles<\/a><\/li>\n<\/ul>\n","protected":false},"excerpt":{"rendered":"Par Anthony Tallieu Publi\u00e9 le 11 mai 2025 \u00e0 23h21 Montpellier a \u00e9cras\u00e9 une Union Bordeaux-B\u00e8gles remani\u00e9e une&hellip;\n","protected":false},"author":2,"featured_media":93147,"comment_status":"","ping_status":"","sticky":false,"template":"","format":"standard","meta":{"footnotes":""},"categories":[9599],"tags":[1111,11,1777,674,1011,27,2208,20544,12,2680,25,479,60,478,4435],"class_list":{"0":"post-93146","1":"post","2":"type-post","3":"status-publish","4":"format-standard","5":"has-post-thumbnail","7":"category-montpellier","8":"tag-actu","9":"tag-actualites","10":"tag-eu","11":"tag-europe","12":"tag-fr","13":"tag-france","14":"tag-montpellier","15":"tag-montpellier-herault-rugby-mhr","16":"tag-news","17":"tag-occitanie","18":"tag-republique-francaise","19":"tag-rugby","20":"tag-sports","21":"tag-top-14","22":"tag-ubb-union-bordeaux-begles"},"share_on_mastodon":{"url":"https:\/\/pubeurope.com\/@fr\/114492407996576761","error":""},"_links":{"self":[{"href":"https:\/\/www.europesays.com\/fr\/wp-json\/wp\/v2\/posts\/93146","targetHints":{"allow":["GET"]}}],"collection":[{"href":"https:\/\/www.europesays.com\/fr\/wp-json\/wp\/v2\/posts"}],"about":[{"href":"https:\/\/www.europesays.com\/fr\/wp-json\/wp\/v2\/types\/post"}],"author":[{"embeddable":true,"href":"https:\/\/www.europesays.com\/fr\/wp-json\/wp\/v2\/users\/2"}],"replies":[{"embeddable":true,"href":"https:\/\/www.europesays.com\/fr\/wp-json\/wp\/v2\/comments?post=93146"}],"version-history":[{"count":0,"href":"https:\/\/www.europesays.com\/fr\/wp-json\/wp\/v2\/posts\/93146\/revisions"}],"wp:featuredmedia":[{"embeddable":true,"href":"https:\/\/www.europesays.com\/fr\/wp-json\/wp\/v2\/media\/93147"}],"wp:attachment":[{"href":"https:\/\/www.europesays.com\/fr\/wp-json\/wp\/v2\/media?parent=93146"}],"wp:term":[{"taxonomy":"category","embeddable":true,"href":"https:\/\/www.europesays.com\/fr\/wp-json\/wp\/v2\/categories?post=93146"},{"taxonomy":"post_tag","embeddable":true,"href":"https:\/\/www.europesays.com\/fr\/wp-json\/wp\/v2\/tags?post=93146"}],"curies":[{"name":"wp","href":"https:\/\/api.w.org\/{rel}","templated":true}]}}