{"id":93150,"date":"2025-05-12T02:08:19","date_gmt":"2025-05-12T02:08:19","guid":{"rendered":"https:\/\/www.europesays.com\/fr\/93150\/"},"modified":"2025-05-12T02:08:19","modified_gmt":"2025-05-12T02:08:19","slug":"poneys-jeux-maquillage-une-journee-dediee-aux-enfants-dans-cet-hippodrome","status":"publish","type":"post","link":"https:\/\/www.europesays.com\/fr\/93150\/","title":{"rendered":"Poneys, jeux, maquillage\u2026 Une journ\u00e9e d\u00e9di\u00e9e aux enfants dans cet hippodrome"},"content":{"rendered":"<p>Apr\u00e8s <a href=\"https:\/\/redon.maville.com\/sport\/detail_-a-val-d-anast-plusieurs-centaines-de-personnes-viennent-voir-les-cracks-du-grand-national-de-trot-_7-6777649_actu.Htm\" rel=\"sponsored nofollow noopener\" target=\"_blank\">les courses du Grand national de trot (GNT)<\/a>, il y a deux semaines et demi, les habitu\u00e9s de l\u2019hippodrome des Bruy\u00e8res, plus connu sous le nom de l\u2019hippodrome de Maure-de-Bretagne, \u00e0 Val d\u2019Anast (Ille-et-Vilaine), seront probablement au rendez-vous dimanche 11\u00a0mai 2025. Sept courses de trot y sont programm\u00e9es, dont le Prix France Alzheimer. En revanche, ils ne seront pas les seuls. <a href=\"https:\/\/rennes.maville.com\/sport\/detail_-a-val-d-anast-l-hippodrome-accueille-des-courses-de-chevaux-et-l-election-de-miss-centre-bretagne-_7-6798685_actu.Htm\" rel=\"sponsored nofollow noopener\" target=\"_blank\">La f\u00eate des courses<\/a> est organis\u00e9e en m\u00eame temps. Alors, des personnes non-initi\u00e9es devraient aussi venir aux courses.<\/p>\n<p><strong>Lire aussi\u00a0:<\/strong> <a href=\"https:\/\/redon.maville.com\/sport\/detail_-sur-cet-hippodrome-breton-les-chevaux-etaient-a-vendre-apres-la-course-_7-6719606_actu.Htm\" rel=\"sponsored nofollow noopener\" target=\"_blank\">Sur cet hippodrome breton, les chevaux \u00e9taient \u00e0 vendre apr\u00e8s la course<\/a><\/p>\n<p>Une foule d\u2019animations pour les enfants<\/p>\n<p>L\u2019\u00e9v\u00e9nement qui se d\u00e9roule une fois par an depuis une vingtaine d\u2019ann\u00e9es est surtout <strong>\u00ab\u00a0d\u00e9di\u00e9 aux enfants et aux familles\u00a0\u00bb<\/strong>, indique Jean-Jacques Barre, le pr\u00e9sident de la soci\u00e9t\u00e9 des courses. <strong>\u00ab\u00a02\u00a0000\u00a0\u00e0 3\u00a0000 personnes viennent \u00e0 la f\u00eate des courses, dont 300 \u00e0 350\u00a0enfants. Cela varie en fonction de la m\u00e9t\u00e9o.\u00a0\u00bb<\/strong> Pour attirer les visiteurs, des animations gratuites pour les enfants sont programm\u00e9es tout au long de la journ\u00e9e, comme des bapt\u00eames de poney, du maquillage, des ch\u00e2teaux gonflables ou encore des barbes \u00e0 papa.<\/p>\n<p>Le grand public pourra aussi assister \u00e0 l\u2019\u00e9lection de Miss Centre-Bretagne, organis\u00e9e \u00e0 partir de 14\u00a0h, en pr\u00e9sence de Marie Castel, Miss Bretagne 2024 et d\u2019Anne-Claire Ferron, Miss Centre-Bretagne 2024. Apr\u00e8s chaque course, des lots seront \u00e9galement \u00e0 gagner pour les adultes via un tirage au sort de la seconde chance.<\/p>\n<p><strong>Lire aussi\u00a0:<\/strong> <a href=\"https:\/\/rennes.maville.com\/sport\/detail_-cet-hippodrome-d-ille-et-vilaine-multiplie-les-petits-gestes-pour-le-bien-etre-animal-et-la-planete-_7-6153446_actu.Htm\" rel=\"sponsored nofollow noopener\" target=\"_blank\">Cet hippodrome d\u2019Ille-et-Vilaine multiplie les petits gestes pour le bien-\u00eatre animal et la plan\u00e8te<\/a><\/p>\n<p>Donner le go\u00fbt des courses<\/p>\n<p>Si le but premier est <strong>\u00ab\u00a0de faire passer un week-end \u00e0 la campagne, au contact des animaux\u00a0\u00bb<\/strong> aux familles, tout est fait pour attirer les non-initi\u00e9s, donner envie de d\u00e9couvrir l\u2019hippodrome et le go\u00fbt des courses. Dans ce sens, les n\u00e9ophytes qui voudraient s\u2019essayer pour la premi\u00e8re fois au pari hippique peuvent \u00eatre accompagn\u00e9es. <strong>\u00ab\u00a0Nous avons un syst\u00e8me d\u2019initiation au pari\u00a0\u00bb<\/strong>, commente Jean-Jacques Barre. La soci\u00e9t\u00e9 PMU sera \u00e9galement pr\u00e9sente pour r\u00e9pondre aux questions, expliquer et accompagner les nouveaux parieurs.<\/p>\n<p><strong>Dimanche 11\u00a0mai 2025,<\/strong> \u00e0 l\u2019hippodrome des Bruy\u00e8res, \u00e0 Val d\u2019Anast. Ouverture des portes \u00e0 11\u00a0h\u00a030. Tarif\u00a0: 6\u00a0\u20ac\u00a0; gratuit pour les moins de 18\u00a0ans. Renseignements\u00a0: <a href=\"https:\/\/lhippodrome-maure.com\/\" rel=\"nofollow noopener\" target=\"_blank\">lhippodrome-maure.com<\/a><\/p>\n<p>\u00a0<\/p>\n","protected":false},"excerpt":{"rendered":"Apr\u00e8s les courses du Grand national de trot (GNT), il y a deux semaines et demi, les habitu\u00e9s&hellip;\n","protected":false},"author":2,"featured_media":93151,"comment_status":"","ping_status":"","sticky":false,"template":"","format":"standard","meta":{"footnotes":""},"categories":[2821],"tags":[1111,11,3809,1465,829,1777,674,63,1011,27,1792,1922,12,584,25,479,517,1470],"class_list":{"0":"post-93150","1":"post","2":"type-post","3":"status-publish","4":"format-standard","5":"has-post-thumbnail","7":"category-rennes","8":"tag-actu","9":"tag-actualites","10":"tag-ball","11":"tag-basket","12":"tag-bretagne","13":"tag-eu","14":"tag-europe","15":"tag-football","16":"tag-fr","17":"tag-france","18":"tag-handball","19":"tag-info","20":"tag-news","21":"tag-rennes","22":"tag-republique-francaise","23":"tag-rugby","24":"tag-sport","25":"tag-volley"},"share_on_mastodon":{"url":"https:\/\/pubeurope.com\/@fr\/114492427702243597","error":""},"_links":{"self":[{"href":"https:\/\/www.europesays.com\/fr\/wp-json\/wp\/v2\/posts\/93150","targetHints":{"allow":["GET"]}}],"collection":[{"href":"https:\/\/www.europesays.com\/fr\/wp-json\/wp\/v2\/posts"}],"about":[{"href":"https:\/\/www.europesays.com\/fr\/wp-json\/wp\/v2\/types\/post"}],"author":[{"embeddable":true,"href":"https:\/\/www.europesays.com\/fr\/wp-json\/wp\/v2\/users\/2"}],"replies":[{"embeddable":true,"href":"https:\/\/www.europesays.com\/fr\/wp-json\/wp\/v2\/comments?post=93150"}],"version-history":[{"count":0,"href":"https:\/\/www.europesays.com\/fr\/wp-json\/wp\/v2\/posts\/93150\/revisions"}],"wp:featuredmedia":[{"embeddable":true,"href":"https:\/\/www.europesays.com\/fr\/wp-json\/wp\/v2\/media\/93151"}],"wp:attachment":[{"href":"https:\/\/www.europesays.com\/fr\/wp-json\/wp\/v2\/media?parent=93150"}],"wp:term":[{"taxonomy":"category","embeddable":true,"href":"https:\/\/www.europesays.com\/fr\/wp-json\/wp\/v2\/categories?post=93150"},{"taxonomy":"post_tag","embeddable":true,"href":"https:\/\/www.europesays.com\/fr\/wp-json\/wp\/v2\/tags?post=93150"}],"curies":[{"name":"wp","href":"https:\/\/api.w.org\/{rel}","templated":true}]}}