{"id":931507,"date":"2026-05-14T03:16:41","date_gmt":"2026-05-14T03:16:41","guid":{"rendered":"https:\/\/www.europesays.com\/fr\/931507\/"},"modified":"2026-05-14T03:16:41","modified_gmt":"2026-05-14T03:16:41","slug":"pollution-aux-pfas-des-experts-de-lonu-demandent-a-la-france-de-sexpliquer","status":"publish","type":"post","link":"https:\/\/www.europesays.com\/fr\/931507\/","title":{"rendered":"Pollution aux PFAS : des experts de l&rsquo;ONU demandent \u00e0 la France de s&rsquo;expliquer"},"content":{"rendered":"<p style=\"text-align:\">Cinq Rapporteurs sp\u00e9ciaux de l&rsquo;ONU ont demand\u00e9 \u00e0 l&rsquo;\u00c9tat fran\u00e7ais de s&rsquo;expliquer sur ses efforts de lutte contre les PFAS, les polluants \u00e9ternels, dans la vall\u00e9e de la chimie au sud de Lyon, \u00e9voquant de possibles \u00ab\u00a0violations des droits humains\u00a0\u00bb.<\/p>\n<p><a href=\"https:\/\/lecourrier.vn\/le-parlement-europeen-adopte-des-regles-plus-strictes-contre-la-pollution-aux-microplastiques\/1293628.html\" title=\"Le Parlement europ\u00e9en adopte des r\u00e8gles plus strictes contre la pollution aux microplastiques\" rel=\"nofollow noopener\" target=\"_blank\">&gt;&gt; Le Parlement europ\u00e9en adopte des r\u00e8gles plus strictes contre la pollution aux microplastiques<\/a><\/p>\n<p><a href=\"https:\/\/lecourrier.vn\/pollution-au-petrole-a-anvers-la-principale-voie-dacces-au-port-rouverte\/1345220.html\" title=\"Pollution au p\u00e9trole \u00e0 Anvers : la principale voie d&#039;acc\u00e8s au port rouverte\" rel=\"nofollow noopener\" target=\"_blank\">&gt;&gt; Pollution au p\u00e9trole \u00e0 Anvers : la principale voie d&rsquo;acc\u00e8s au port rouverte<\/a><\/p>\n<p><a href=\"https:\/\/lecourrier.vn\/la-cour-supreme-donne-raison-a-chevron-dans-une-affaire-de-negligence-environnementale\/1345765.html\" title=\"La Cour supr\u00eame donne raison \u00e0 Chevron dans une affaire de n\u00e9gligence environnementale\" rel=\"nofollow noopener\" target=\"_blank\">&gt;&gt; La Cour supr\u00eame donne raison \u00e0 Chevron dans une affaire de n\u00e9gligence environnementale<\/a><\/p>\n<tr>\n<td class=\"pic\"><img decoding=\"async\" class=\"lazyload\" src=\"https:\/\/www.europesays.com\/fr\/wp-content\/uploads\/2026\/05\/093108-field_media_image-3012412-f32927ffd67fdc011ab98af8ea4b85c70a68e807.webp\" alt=\"\"\/><\/td>\n<\/tr>\n<tr>\n<td class=\"caption\">Manifestation contre les PFAS de militants pour l&rsquo;environnement devant la Commission europ\u00e9enne \u00e0 Bruxelles le 5 mars 2026.\u00a0<\/td>\n<\/tr>\n<tr align=\"right\">\n<td class=\"author\">Photo : AFP\/VNA\/CVN<\/td>\n<\/tr>\n<p style=\"text-align:left\">Ces experts, qui sont mandat\u00e9s par le Conseil des droits de l&rsquo;homme mais ne s&rsquo;expriment pas au nom de l&rsquo;ONU, ont \u00e9t\u00e9 alert\u00e9s en juillet par l&rsquo;association \u00e9cologiste Notre Affaire \u00e0 tous, qui vient de rendre publique cette proc\u00e9dure.<\/p>\n<p style=\"text-align:left\">Apr\u00e8s avoir \u00e9tudi\u00e9 les informations transmises, jug\u00e9es \u00ab\u00a0suffisamment fiables\u00a0\u00bb, les rapporteurs sp\u00e9ciaux ont adress\u00e9 en mars des courriers au gouvernement fran\u00e7ais, ainsi qu&rsquo;aux industriels Daikin et Arkema, qui \u00e9mettent des PFAS sur la plateforme de Pierre-B\u00e9nite (Rh\u00f4ne).<\/p>\n<p style=\"text-align:left\">Dans ce document, mis en ligne sur leur site, les rapporteurs expriment leur \u00ab\u00a0plus vive pr\u00e9occupation quant aux effets n\u00e9fastes sur les droits humains des activit\u00e9s d&rsquo;Arkema France et de Daikin Chemical France\u00a0\u00bb.<\/p>\n<p style=\"text-align:left\">\u00ab\u00a0La contamination g\u00e9n\u00e9ralis\u00e9e, grave et persistante par les PFAS dans la vall\u00e9e de la Chimie soul\u00e8ve des inqui\u00e9tudes quant \u00e0 la mise en \u0153uvre par le gouvernement (&#8230;) de ses obligations en vertu du droit international\u00a0\u00bb, notamment de prot\u00e9ger ses populations contre \u00ab\u00a0les violations commises par les entreprises sur son territoire\u00a0\u00bb, ajoutent-ils.<\/p>\n<p style=\"text-align:left\">Pour eux, \u00ab\u00a0il est pr\u00e9occupant que les autorit\u00e9s publiques fran\u00e7aises n&rsquo;aient pas appliqu\u00e9 rapidement le principe de pr\u00e9caution\u00a0\u00bb dans cette \u00ab\u00a0r\u00e9gion la plus contamin\u00e9e de France\u00a0\u00bb par les polluants \u00e9ternels.<\/p>\n<p style=\"text-align:left\">\u00ab\u00a0Tout en reconnaissant les efforts r\u00e9cemment d\u00e9ploy\u00e9s par les autorit\u00e9s fran\u00e7aises pour r\u00e9glementer\u00a0\u00bb l&rsquo;usage des PFAS, ils jugent qu'\u00a0\u00bbil semble manquer une vision \u00e0 long-terme\u00a0\u00bb pour s&rsquo;en passer sans affecter l&#8217;emploi.<\/p>\n<p style=\"text-align:left\">Ils demandent donc au gouvernement et aux deux industriels de pr\u00e9ciser les mesures d\u00e9j\u00e0 prises ou \u00e0 venir, notamment pour r\u00e9guler, informer, mesurer ou encore \u00e9liminer cette pollution, et ils leur donnent 60 jours pour r\u00e9pondre.<\/p>\n<p style=\"text-align:left\">Contact\u00e9 par l&rsquo;AFP, le gouvernement n&rsquo;a pas r\u00e9agi dans l&rsquo;imm\u00e9diat.<\/p>\n<p style=\"text-align:left\">Arkema France, qui leur a fait parvenir sa r\u00e9ponse, assure mercredi 13 mai \u00e0 l&rsquo;AFP que le courrier des experts de l&rsquo;ONU \u00ab\u00a0contient de nombreuses all\u00e9gations factuellement inexactes\u00a0\u00bb et rappelle que le site de Pierre-B\u00e9nite est \u00ab\u00a0conforme aux r\u00e9glementations applicables\u00a0\u00bb. \u00ab\u00a0Arkema France s&rsquo;engage \u00e0 coop\u00e9rer de bonne foi avec les m\u00e9canismes des Nations unies\u00a0\u00bb, ajoute-t-elle.<\/p>\n<p style=\"text-align:left\">De son c\u00f4t\u00e9, Daikin a fait savoir qu&rsquo;elle r\u00e9pondrait aux rapporteurs sp\u00e9ciaux de l&rsquo;ONU \u00ab\u00a0dans les d\u00e9lais, dans un esprit de transparence et de coop\u00e9ration\u00a0\u00bb, et assure avoir \u00ab\u00a0acc\u00e9l\u00e9r\u00e9 ses investissements\u00a0\u00bb pour mieux ma\u00eetriser ses \u00e9missions de PFAS.<\/p>\n<p style=\"text-align:left\">Quasi-indestructibles, les substances per- et polyfluoroalkyl\u00e9es, ou PFAS, massivement utilis\u00e9es dans l&rsquo;industrie chimique, s&rsquo;accumulent avec le temps dans l&rsquo;air, le sol, les eaux des rivi\u00e8res, la nourriture et jusqu&rsquo;au corps humain, d&rsquo;o\u00f9 leur surnom de polluants \u00e9ternels. Certains ont des effets d\u00e9l\u00e9t\u00e8res pour la sant\u00e9.<\/p>\n<p style=\"text-align:right\"><b>AFP\/VNA\/CVN<\/b><\/p>\n","protected":false},"excerpt":{"rendered":"Cinq Rapporteurs sp\u00e9ciaux de l&rsquo;ONU ont demand\u00e9 \u00e0 l&rsquo;\u00c9tat fran\u00e7ais de s&rsquo;expliquer sur ses efforts de lutte contre&hellip;\n","protected":false},"author":2,"featured_media":931508,"comment_status":"","ping_status":"","sticky":false,"template":"","format":"standard","meta":{"footnotes":"","_share_on_mastodon":"0"},"categories":[4],"tags":[11,1011,27,12,3521,13885,1800,25],"class_list":["post-931507","post","type-post","status-publish","format-standard","has-post-thumbnail","category-france","tag-actualites","tag-fr","tag-france","tag-news","tag-onu","tag-pfas","tag-pollution","tag-republique-francaise"],"share_on_mastodon":{"url":"https:\/\/pubeurope.com\/@fr\/116570763200910453","error":""},"_links":{"self":[{"href":"https:\/\/www.europesays.com\/fr\/wp-json\/wp\/v2\/posts\/931507","targetHints":{"allow":["GET"]}}],"collection":[{"href":"https:\/\/www.europesays.com\/fr\/wp-json\/wp\/v2\/posts"}],"about":[{"href":"https:\/\/www.europesays.com\/fr\/wp-json\/wp\/v2\/types\/post"}],"author":[{"embeddable":true,"href":"https:\/\/www.europesays.com\/fr\/wp-json\/wp\/v2\/users\/2"}],"replies":[{"embeddable":true,"href":"https:\/\/www.europesays.com\/fr\/wp-json\/wp\/v2\/comments?post=931507"}],"version-history":[{"count":0,"href":"https:\/\/www.europesays.com\/fr\/wp-json\/wp\/v2\/posts\/931507\/revisions"}],"wp:featuredmedia":[{"embeddable":true,"href":"https:\/\/www.europesays.com\/fr\/wp-json\/wp\/v2\/media\/931508"}],"wp:attachment":[{"href":"https:\/\/www.europesays.com\/fr\/wp-json\/wp\/v2\/media?parent=931507"}],"wp:term":[{"taxonomy":"category","embeddable":true,"href":"https:\/\/www.europesays.com\/fr\/wp-json\/wp\/v2\/categories?post=931507"},{"taxonomy":"post_tag","embeddable":true,"href":"https:\/\/www.europesays.com\/fr\/wp-json\/wp\/v2\/tags?post=931507"}],"curies":[{"name":"wp","href":"https:\/\/api.w.org\/{rel}","templated":true}]}}