{"id":93172,"date":"2025-05-12T02:24:18","date_gmt":"2025-05-12T02:24:18","guid":{"rendered":"https:\/\/www.europesays.com\/fr\/93172\/"},"modified":"2025-05-12T02:24:18","modified_gmt":"2025-05-12T02:24:18","slug":"la-place-hubert-mounier-nouveau-coeur-culturel-de-la-confluence","status":"publish","type":"post","link":"https:\/\/www.europesays.com\/fr\/93172\/","title":{"rendered":"La place Hubert Mounier, nouveau coeur culturel de la Confluence"},"content":{"rendered":"<p><img width=\"487\" height=\"298\" src=\"https:\/\/www.europesays.com\/fr\/wp-content\/uploads\/2025\/05\/placeHubertMounier.jpg\" class=\"attachment-post-thumbnail size-post-thumbnail wp-post-image\" alt=\"\" decoding=\"async\" fetchpriority=\"high\" \/><\/p>\n<p>La place Hubert Mounier (SdH\/LPI)<\/p>\n<p><strong>L\u2019espace public a \u00e9t\u00e9 inaugur\u00e9 lundi en pr\u00e9sence de la famille du chanteur de l\u2019affaire Luis Trio, de plusieurs \u00e9lus, de Kent et de Benjamin Biolay.<\/strong><\/p>\n<p>La place Hubert Mounier a \u00e9t\u00e9 inaugur\u00e9e lundi 5 mai devant la salle du march\u00e9-gare, \u00e0 la Confluence. Etaient pr\u00e9sentes les filles du chanteur, Juliette et Suzie Mounier, mais aussi le pr\u00e9sident de la M\u00e9tropole de Lyon, Bruno Bernard, le pr\u00e9sident de la SPL Lyon Confluence et maire de Lyon, Gr\u00e9gory Doucet, le maire du 2e arrondissement de Lyon, Pierre Oliver, ainsi que les chanteurs Kent et Benjamin Biolay.<\/p>\n<p>Cette place de 2.500 m\u00b2 a \u00e9t\u00e9 nomm\u00e9e en hommage au chanteur de l\u2019affaire Louis\u2019 Trio et auteur de BD lyonnais, et constitue une pi\u00e8ce majeure de la polarit\u00e9 culturelle du quartier du march\u00e9. Cette place ouverte, situ\u00e9e au pied de la salle du march\u00e9 gare, fait le lien entre le nouveau quartier du March\u00e9 et celui de Perrache \u2013 Sainte-Blandine. Ce nouvel espace de rencontre et de d\u00e9tente du quartier assure \u00e9galement un lien entre le nord et le sud de la rue Delandine.<\/p>\n<p><img loading=\"lazy\" decoding=\"async\" width=\"487\" height=\"299\" src=\"https:\/\/www.europesays.com\/fr\/wp-content\/uploads\/2025\/05\/Place-Hubert-Mounier.jpg\" alt=\"\" class=\"wp-image-90832\" \/>(Laurence Dani\u00e8re\/SPL Lyon Confluence)<\/p>\n<p>Une grande fresque au sol de 620 m\u00b2 reproduisant l\u2019extrait d\u2019une BD d\u2019Hubert Mounier fait ainsi entrer la couleur et l\u2019art au sein de cet espace public, axe apais\u00e9 de circulation pour les usagers du quartier. Ce sont en tout 5.270 carreaux de 17 nuances diff\u00e9rentes qui constituent cette \u0153uvre urbaine originale. La SPL Lyon Confluence a ainsi r\u00e9alis\u00e9 un am\u00e9nagement de la place qui entend r\u00e9pondre aux attentes des habitants exprim\u00e9es lors d\u2019une phase de participation citoyenne conduite en amont de la r\u00e9alisation des espaces publics du quartier du march\u00e9. <\/p>\n<p><img decoding=\"async\" src=\"https:\/\/www.europesays.com\/fr\/wp-content\/uploads\/2025\/04\/abonnezvouslarge.jpg\" alt=\"\" \/><\/p>\n<p>Pour lire la totalit\u00e9 de l&rsquo;article,<strong> <a href=\"http:\/\/www.lyonpoleimmo.com\/membership-options-page\/\" target=\"_blank\" rel=\"noopener\">abonnez-vous<\/a> <\/strong>ou <a href=\"http:\/\/www.lyonpoleimmo.com\/senregistrer\/\" target=\"_blank\" rel=\"noopener\"><strong>identifiez-vous<\/strong><\/a>  <\/p>\n<p><strong>Si vous avez appr\u00e9ci\u00e9 cet article, s&rsquo;il vous plait, prenez le temps de <a href=\"#comments\">laisser un commentaire<\/a> ou de <a href=\"http:\/\/www.lyonpoleimmo.com\/feed\/\" target=\"_blank\" rel=\"noopener\">souscrire au flux<\/a> afin de recevoir les futurs articles directement dans votre lecteur de flux.<br \/>\n    <\/strong><\/p>\n<p>\t<a href=\"http:\/\/www.lyonpoleimmo.com\/2025\/05\/07\/90796\/urbanisme-des-elus-critiquent-lingerence-de-la-metropole-dans-les-affaires-communales\/\" rel=\"bookmark noopener\" title=\"Lien Permanent vers Urbanisme : des \u00e9lus critiquent l\u2019 \u00abing\u00e9rence\u00bb de la M\u00e9tropole  dans les affaires communales\" target=\"_blank\">Urbanisme : des \u00e9lus critiquent l\u2019 \u00abing\u00e9rence\u00bb de la M\u00e9tropole  dans les affaires communales<\/a><\/p>\n<p>\t<a href=\"http:\/\/www.lyonpoleimmo.com\/2025\/05\/07\/90796\/urbanisme-des-elus-critiquent-lingerence-de-la-metropole-dans-les-affaires-communales\/\" rel=\"bookmark noopener\" title=\"Lien Permanent vers Urbanisme : des \u00e9lus critiquent l\u2019 \u00abing\u00e9rence\u00bb de la M\u00e9tropole  dans les affaires communales\" target=\"_blank\"><\/p>\n<p>Les pr\u00e9sidents de trois groupes d\u2019opposition \u00e0 la M\u00e9tropole de Lyon accusent dans un communiqu\u00e9 la collectivit\u00e9 d\u2019ing\u00e9rence des affaires communales en mati\u00e8re d\u2019urbanisme.<\/p>\n<p><\/a><\/p>\n<p>\t<a href=\"http:\/\/www.lyonpoleimmo.com\/2025\/05\/05\/90740\/evasyon-ou-la-mue-reussie-dun-ensemble-tertiaire-au-coeur-du-quartier-sans-souci\/\" rel=\"bookmark noopener\" title=\"Lien Permanent vers \u00ab\u00a0EvasYon\u00a0\u00bb ou la mue r\u00e9ussie d\u2019un ensemble tertiaire au c\u0153ur du quartier Sans Souci\" target=\"_blank\">\u00ab\u00a0EvasYon\u00a0\u00bb ou la mue r\u00e9ussie d\u2019un ensemble tertiaire au c\u0153ur du quartier Sans Souci<\/a><\/p>\n<p>\t<a href=\"http:\/\/www.lyonpoleimmo.com\/2025\/05\/05\/90740\/evasyon-ou-la-mue-reussie-dun-ensemble-tertiaire-au-coeur-du-quartier-sans-souci\/\" rel=\"bookmark noopener\" title=\"Lien Permanent vers \u00ab\u00a0EvasYon\u00a0\u00bb ou la mue r\u00e9ussie d\u2019un ensemble tertiaire au c\u0153ur du quartier Sans Souci\" target=\"_blank\"><\/p>\n<p>L\u2019op\u00e9ration inaugur\u00e9e fin mars par Vinci Immobilier, int\u00e8gre le premier Bikube, nouvelle marque de coliving au concept hybride, mais aussi un nouvel immeuble tertiaire et une r\u00e9sidence \u00e9tudiante.<\/p>\n<p><\/a><\/p>\n<p>\t<a href=\"http:\/\/www.lyonpoleimmo.com\/2025\/04\/29\/90696\/confluence-lilot-e4-nord-attribue-au-groupement-porte-par-vinci\/\" rel=\"bookmark noopener\" title=\"Lien Permanent vers Confluence\u00a0: l\u2019\u00eelot E4 Nord attribu\u00e9 au groupement port\u00e9 par Vinci\" target=\"_blank\">Confluence\u00a0: l\u2019\u00eelot E4 Nord attribu\u00e9 au groupement port\u00e9 par Vinci<\/a><\/p>\n<p>\t<a href=\"http:\/\/www.lyonpoleimmo.com\/2025\/04\/29\/90696\/confluence-lilot-e4-nord-attribue-au-groupement-porte-par-vinci\/\" rel=\"bookmark noopener\" title=\"Lien Permanent vers Confluence\u00a0: l\u2019\u00eelot E4 Nord attribu\u00e9 au groupement port\u00e9 par Vinci\" target=\"_blank\"><\/p>\n<p><img decoding=\"async\" src=\"https:\/\/www.europesays.com\/fr\/wp-content\/uploads\/2025\/05\/IlotE4Nord2.jpg\" \/>Vinci Immobilier, Lipsky+Rollet AE et Tectoniques ont \u00e9t\u00e9 d\u00e9sign\u00e9s laur\u00e9ats pour la r\u00e9alisation de cet \u00eelot qui comprendra un gymnase municipal omnisport avec une salle d\u2019escalade, une r\u00e9sidence \u00e9tudiante sociale, des logements, des bureaux et des commerces.<\/p>\n<p><\/a><\/p>\n<p>\t<a href=\"http:\/\/www.lyonpoleimmo.com\/2025\/04\/22\/90625\/lamenagement-de-la-zac-saint-jean-a-villeurbanne-confiee-a-la-spl-mlac\/\" rel=\"bookmark noopener\" title=\"Lien Permanent vers L\u2019am\u00e9nagement de la ZAC Saint-Jean \u00e0 Villeurbanne confi\u00e9e \u00e0 la SPL MLAC\" target=\"_blank\">L\u2019am\u00e9nagement de la ZAC Saint-Jean \u00e0 Villeurbanne confi\u00e9e \u00e0 la SPL MLAC<\/a><\/p>\n<p>\t<a href=\"http:\/\/www.lyonpoleimmo.com\/2025\/04\/22\/90625\/lamenagement-de-la-zac-saint-jean-a-villeurbanne-confiee-a-la-spl-mlac\/\" rel=\"bookmark noopener\" title=\"Lien Permanent vers L\u2019am\u00e9nagement de la ZAC Saint-Jean \u00e0 Villeurbanne confi\u00e9e \u00e0 la SPL MLAC\" target=\"_blank\"><\/p>\n<p>La M\u00e9tropole de Lyon a indiqu\u00e9 avoir confi\u00e9 \u00e0 la soci\u00e9t\u00e9 publique locale membre du groupe SERL la mission d\u2019am\u00e9nagement de ce quartier inscrit au NPNRU.<\/p>\n<p><\/a><\/p>\n<p>\t<a href=\"http:\/\/www.lyonpoleimmo.com\/2025\/04\/13\/90456\/la-place-basse-beraudier-a-ete-inauguree\/\" rel=\"bookmark noopener\" title=\"Lien Permanent vers La place basse B\u00e9raudier a \u00e9t\u00e9 inaugur\u00e9e\" target=\"_blank\">La place basse B\u00e9raudier a \u00e9t\u00e9 inaugur\u00e9e<\/a><\/p>\n<p>\t<a href=\"http:\/\/www.lyonpoleimmo.com\/2025\/04\/13\/90456\/la-place-basse-beraudier-a-ete-inauguree\/\" rel=\"bookmark noopener\" title=\"Lien Permanent vers La place basse B\u00e9raudier a \u00e9t\u00e9 inaugur\u00e9e\" target=\"_blank\"><\/p>\n<p><img decoding=\"async\" src=\"https:\/\/www.europesays.com\/fr\/wp-content\/uploads\/2025\/04\/Inauguration-placebasse-Beraudier.jpg\" alt=\"null\" \/>Depuis ce vendredi, les utilisateurs du m\u00e9tro peuvent rallier directement cette place basse B\u00e9raudier, laquelle permet d\u2019arriver directement via des escalators \u00e0 l\u2019entr\u00e9e de la gare.<\/p>\n<p><\/a><\/p>\n<p>\t<a href=\"http:\/\/www.lyonpoleimmo.com\/2025\/04\/11\/90418\/rillieux-la-pape-monin-mecanique-va-simplanter-sur-osterode\/\" rel=\"bookmark noopener\" title=\"Lien Permanent vers Rillieux-la-Pape : Monin M\u00e9canique va s\u2019implanter sur Ost\u00e9rode\" target=\"_blank\">Rillieux-la-Pape : Monin M\u00e9canique va s\u2019implanter sur Ost\u00e9rode<\/a><\/p>\n<p>\t<a href=\"http:\/\/www.lyonpoleimmo.com\/2025\/04\/11\/90418\/rillieux-la-pape-monin-mecanique-va-simplanter-sur-osterode\/\" rel=\"bookmark noopener\" title=\"Lien Permanent vers Rillieux-la-Pape : Monin M\u00e9canique va s\u2019implanter sur Ost\u00e9rode\" target=\"_blank\"><\/p>\n<p>Un lancement des travaux en vue de l\u2019implantation de l\u2019entreprise \u00e9tait organis\u00e9 ce mardi, en pr\u00e9sence d\u2019\u00e9lus et du dirigeant de l\u2019entreprise de m\u00e9canique.<\/p>\n<p><\/a><\/p>\n<p>\t<a href=\"http:\/\/www.lyonpoleimmo.com\/2025\/04\/10\/90410\/1ere-pierre-au-sein-du-nouveau-quartier-de-la-filature-a-villeurbanne\/\" rel=\"bookmark noopener\" title=\"Lien Permanent vers Pose de la 1\u00e8re pierre d\u2019Aurea, au sein du nouveau quartier de la Filature \u00e0 Villeurbanne\" target=\"_blank\">Pose de la 1\u00e8re pierre d\u2019Aurea, au sein du nouveau quartier de la Filature \u00e0 Villeurbanne<\/a><\/p>\n<p>\t<a href=\"http:\/\/www.lyonpoleimmo.com\/2025\/04\/10\/90410\/1ere-pierre-au-sein-du-nouveau-quartier-de-la-filature-a-villeurbanne\/\" rel=\"bookmark noopener\" title=\"Lien Permanent vers Pose de la 1\u00e8re pierre d\u2019Aurea, au sein du nouveau quartier de la Filature \u00e0 Villeurbanne\" target=\"_blank\"><\/p>\n<p><img decoding=\"async\" src=\"https:\/\/www.europesays.com\/fr\/wp-content\/uploads\/2025\/04\/Premiere-pierre-ACI-Aurea.jpg\" \/>BNP Paribas Real Estate, Ginkgo et CDC Habitat Auvergne-Rh\u00f4ne-Alpes ont pos\u00e9 mardi la premi\u00e8re pierre de la r\u00e9sidence Aurea, la premi\u00e8re \u00e9difi\u00e9e sur l\u2019ex-friche ACI.<\/p>\n<p><\/a><\/p>\n<p>\t<a href=\"http:\/\/www.lyonpoleimmo.com\/2025\/04\/09\/90379\/givors-reamenagement-despaces-publics-du-quartier-des-vernes\/\" rel=\"bookmark noopener\" title=\"Lien Permanent vers Givors : r\u00e9am\u00e9nagement d\u2019espaces publics du quartier des Vernes\" target=\"_blank\">Givors : r\u00e9am\u00e9nagement d\u2019espaces publics du quartier des Vernes<\/a><\/p>\n<p>\t<a href=\"http:\/\/www.lyonpoleimmo.com\/2025\/04\/09\/90379\/givors-reamenagement-despaces-publics-du-quartier-des-vernes\/\" rel=\"bookmark noopener\" title=\"Lien Permanent vers Givors : r\u00e9am\u00e9nagement d\u2019espaces publics du quartier des Vernes\" target=\"_blank\"><\/p>\n<p><img loading=\"lazy\" decoding=\"async\" width=\"487\" height=\"291\" class=\"wp-image-90382\" src=\"https:\/\/www.europesays.com\/fr\/wp-content\/uploads\/2025\/04\/Givors-Vernes-place-de-Gaulle.jpg\" alt=\"\" \/><br \/>La M\u00e9tropole de Lyon engage 2,4 millions d\u2019euros pour le r\u00e9am\u00e9nagement du c\u0153ur de quartier des Vernes, dans le cadre du projet de renouvellement urbain. Le secteur va changer de visage.<\/p>\n<p><\/a><\/p>\n<p>\t<a href=\"http:\/\/www.lyonpoleimmo.com\/2025\/04\/07\/90336\/inauguration-de-la-grande-rue-de-la-guillotiere\/\" rel=\"bookmark noopener\" title=\"Lien Permanent vers Inauguration de la grande rue de la Guilloti\u00e8re\" target=\"_blank\">Inauguration de la grande rue de la Guilloti\u00e8re<\/a><\/p>\n<p>\t<a href=\"http:\/\/www.lyonpoleimmo.com\/2025\/04\/07\/90336\/inauguration-de-la-grande-rue-de-la-guillotiere\/\" rel=\"bookmark noopener\" title=\"Lien Permanent vers Inauguration de la grande rue de la Guilloti\u00e8re\" target=\"_blank\"><\/p>\n<p><img decoding=\"async\" src=\"https:\/\/www.europesays.com\/fr\/wp-content\/uploads\/2025\/04\/inauguration-grande-rue-guillotiere.jpg\" alt=\"null\" \/>La M\u00e9tropole de Lyon met en avant une \u00abrue apais\u00e9e, confortable et v\u00e9g\u00e9talis\u00e9e\u00bb.<\/p>\n<p><\/a><\/p>\n<p>\t<a href=\"http:\/\/www.lyonpoleimmo.com\/2025\/03\/25\/90126\/rillieux-la-pape-inauguration-de-la-place-du-chateau\/\" rel=\"bookmark noopener\" title=\"Lien Permanent vers Rillieux-la-Pape : inauguration de la Place du Ch\u00e2teau\" target=\"_blank\">Rillieux-la-Pape : inauguration de la Place du Ch\u00e2teau<\/a><\/p>\n<p>\t<a href=\"http:\/\/www.lyonpoleimmo.com\/2025\/03\/25\/90126\/rillieux-la-pape-inauguration-de-la-place-du-chateau\/\" rel=\"bookmark noopener\" title=\"Lien Permanent vers Rillieux-la-Pape : inauguration de la Place du Ch\u00e2teau\" target=\"_blank\"><\/p>\n<p>Cet espace public renouvel\u00e9 est situ\u00e9 dans le quartier de la Roue \u00e0 Rillieux-la-Pape.<\/p>\n<p><\/a><\/p>\n<p>\t<a href=\"http:\/\/www.lyonpoleimmo.com\/2025\/03\/18\/90009\/la-loi-trace-adoptee-en-premiere-lecture-au-senat\/\" rel=\"bookmark noopener\" title=\"Lien Permanent vers La loi TRACE adopt\u00e9e en premi\u00e8re lecture au S\u00e9nat\" target=\"_blank\">La loi TRACE adopt\u00e9e en premi\u00e8re lecture au S\u00e9nat<\/a><\/p>\n<p>\t<a href=\"http:\/\/www.lyonpoleimmo.com\/2025\/03\/18\/90009\/la-loi-trace-adoptee-en-premiere-lecture-au-senat\/\" rel=\"bookmark noopener\" title=\"Lien Permanent vers La loi TRACE adopt\u00e9e en premi\u00e8re lecture au S\u00e9nat\" target=\"_blank\"><\/p>\n<p><img decoding=\"async\" src=\"https:\/\/www.europesays.com\/fr\/wp-content\/uploads\/2025\/04\/Rebsamen.jpg\" \/>Cette proposition de loi dite de trajectoire de r\u00e9duction de l\u2019artificialisation concert\u00e9e avec les \u00e9lus vise \u00e0 adapter la mise en \u0153uvre de l\u2019objectif z\u00e9ro artificialisation nette des sols en 2050 aux contraintes des collectivit\u00e9s locales.<\/p>\n<p><\/a><\/p>\n<p>\t<a href=\"http:\/\/www.lyonpoleimmo.com\/2025\/03\/16\/89960\/le-projet-de-scot-2040-valide\/\" rel=\"bookmark noopener\" title=\"Lien Permanent vers Le projet de SCOT 2040 valid\u00e9\" target=\"_blank\">Le projet de SCOT 2040 valid\u00e9<\/a><\/p>\n<p>\t<a href=\"http:\/\/www.lyonpoleimmo.com\/2025\/03\/16\/89960\/le-projet-de-scot-2040-valide\/\" rel=\"bookmark noopener\" title=\"Lien Permanent vers Le projet de SCOT 2040 valid\u00e9\" target=\"_blank\"><\/p>\n<p>Les \u00e9lus du SEPAL ont valid\u00e9 vendredi ce projet, \u00e0 l\u2019occasion du conseil syndical du syndicat mixte. L\u2019opposition m\u00e9tropolitaine a d\u00e9nonc\u00e9 la r\u00e9duction drastique du foncier \u00e9conomique.<\/p>\n<p><\/a><\/p>\n<p>\t<a href=\"http:\/\/www.lyonpoleimmo.com\/2025\/03\/13\/89944\/lindustrie-represente-45-du-foncier-eligible-au-zan\/\" rel=\"bookmark noopener\" title=\"Lien Permanent vers \u00abL\u2019industrie repr\u00e9sente 4,5% du foncier \u00e9ligible au ZAN\u00bb\" target=\"_blank\">\u00abL\u2019industrie repr\u00e9sente 4,5% du foncier \u00e9ligible au ZAN\u00bb<\/a><\/p>\n<p>\t<a href=\"http:\/\/www.lyonpoleimmo.com\/2025\/03\/13\/89944\/lindustrie-represente-45-du-foncier-eligible-au-zan\/\" rel=\"bookmark noopener\" title=\"Lien Permanent vers \u00abL\u2019industrie repr\u00e9sente 4,5% du foncier \u00e9ligible au ZAN\u00bb\" target=\"_blank\"><\/p>\n<p><img decoding=\"async\" src=\"https:\/\/www.europesays.com\/fr\/wp-content\/uploads\/2025\/04\/Marc-Ferracci2.jpg\" alt=\"null\" \/>Marc Ferracci a visit\u00e9 ce jeudi, en marge du salon Global Industrie, l\u2019entreprise Borrelly Spring Washers \u00e0 Saint-Laurent-d\u2019Agny, fleuron lyonnais de l\u2019industrie m\u00e9tallique. Pour le ministre charg\u00e9 de l\u2019Industrie et de l\u2019\u00c9nergie, l\u2019industrie constitue une faible empreinte en mati\u00e8re d\u2019artificialisation.<\/p>\n<p><\/a><\/p>\n<p>\t<a href=\"http:\/\/www.lyonpoleimmo.com\/2025\/03\/13\/89946\/le-premier-ministre-promeut-la-simplification-a-global-industrie\/\" rel=\"bookmark noopener\" title=\"Lien Permanent vers Le Premier ministre promeut la simplification \u00e0 \u00abGlobal Industrie\u00bb\" target=\"_blank\">Le Premier ministre promeut la simplification \u00e0 \u00abGlobal Industrie\u00bb<\/a><\/p>\n<p>\t<a href=\"http:\/\/www.lyonpoleimmo.com\/2025\/03\/13\/89946\/le-premier-ministre-promeut-la-simplification-a-global-industrie\/\" rel=\"bookmark noopener\" title=\"Lien Permanent vers Le Premier ministre promeut la simplification \u00e0 \u00abGlobal Industrie\u00bb\" target=\"_blank\"><\/p>\n<p>Fran\u00e7ois Bayrou \u00e9tait pr\u00e9sent ce jeudi au salon d\u00e9di\u00e9 \u00e0 l\u2019industrie \u00e0 Lyon Eurexpo.<\/p>\n<p><\/a><\/p>\n<p>\t<a href=\"http:\/\/www.lyonpoleimmo.com\/2025\/03\/11\/89894\/debut-des-travaux-pour-le-bois-de-la-part-dieu\/\" rel=\"bookmark noopener\" title=\"Lien Permanent vers D\u00e9but des travaux pour le bois de la Part-Dieu\" target=\"_blank\">D\u00e9but des travaux pour le bois de la Part-Dieu<\/a><\/p>\n<p>\t<a href=\"http:\/\/www.lyonpoleimmo.com\/2025\/03\/11\/89894\/debut-des-travaux-pour-le-bois-de-la-part-dieu\/\" rel=\"bookmark noopener\" title=\"Lien Permanent vers D\u00e9but des travaux pour le bois de la Part-Dieu\" target=\"_blank\"><\/p>\n<p><img decoding=\"async\" src=\"https:\/\/www.europesays.com\/fr\/wp-content\/uploads\/2025\/04\/bois-part-Dieu1-1.jpg\" alt=\"null\" \/>Bruno Bernard et Gr\u00e9gory Doucet ont officiellement lanc\u00e9 ce mardi l\u2019am\u00e9nagement du bois de la Part-Dieu, un nouvel espace public v\u00e9g\u00e9talis\u00e9.<\/p>\n<p><\/a><\/p>\n","protected":false},"excerpt":{"rendered":"La place Hubert Mounier (SdH\/LPI) L\u2019espace public a \u00e9t\u00e9 inaugur\u00e9 lundi en pr\u00e9sence de la famille du chanteur&hellip;\n","protected":false},"author":2,"featured_media":93173,"comment_status":"","ping_status":"","sticky":false,"template":"","format":"standard","meta":{"footnotes":""},"categories":[1889],"tags":[5265,1111,11,2430,1777,674,1011,27,2428,12,25,1352],"class_list":{"0":"post-93172","1":"post","2":"type-post","3":"status-publish","4":"format-standard","5":"has-post-thumbnail","7":"category-lyon","8":"tag-abonnes","9":"tag-actu","10":"tag-actualites","11":"tag-auvergne-rhone-alpes","12":"tag-eu","13":"tag-europe","14":"tag-fr","15":"tag-france","16":"tag-lyon","17":"tag-news","18":"tag-republique-francaise","19":"tag-urbanisme"},"share_on_mastodon":{"url":"https:\/\/pubeurope.com\/@fr\/114492490787724238","error":""},"_links":{"self":[{"href":"https:\/\/www.europesays.com\/fr\/wp-json\/wp\/v2\/posts\/93172","targetHints":{"allow":["GET"]}}],"collection":[{"href":"https:\/\/www.europesays.com\/fr\/wp-json\/wp\/v2\/posts"}],"about":[{"href":"https:\/\/www.europesays.com\/fr\/wp-json\/wp\/v2\/types\/post"}],"author":[{"embeddable":true,"href":"https:\/\/www.europesays.com\/fr\/wp-json\/wp\/v2\/users\/2"}],"replies":[{"embeddable":true,"href":"https:\/\/www.europesays.com\/fr\/wp-json\/wp\/v2\/comments?post=93172"}],"version-history":[{"count":0,"href":"https:\/\/www.europesays.com\/fr\/wp-json\/wp\/v2\/posts\/93172\/revisions"}],"wp:featuredmedia":[{"embeddable":true,"href":"https:\/\/www.europesays.com\/fr\/wp-json\/wp\/v2\/media\/93173"}],"wp:attachment":[{"href":"https:\/\/www.europesays.com\/fr\/wp-json\/wp\/v2\/media?parent=93172"}],"wp:term":[{"taxonomy":"category","embeddable":true,"href":"https:\/\/www.europesays.com\/fr\/wp-json\/wp\/v2\/categories?post=93172"},{"taxonomy":"post_tag","embeddable":true,"href":"https:\/\/www.europesays.com\/fr\/wp-json\/wp\/v2\/tags?post=93172"}],"curies":[{"name":"wp","href":"https:\/\/api.w.org\/{rel}","templated":true}]}}