{"id":93176,"date":"2025-05-12T02:28:19","date_gmt":"2025-05-12T02:28:19","guid":{"rendered":"https:\/\/www.europesays.com\/fr\/93176\/"},"modified":"2025-05-12T02:28:19","modified_gmt":"2025-05-12T02:28:19","slug":"plusieurs-milliers-de-manifestants-contre-lislamophobie-dimanche-a-paris-actualites","status":"publish","type":"post","link":"https:\/\/www.europesays.com\/fr\/93176\/","title":{"rendered":"Plusieurs milliers de manifestants contre l&rsquo;islamophobie dimanche \u00e0 Paris : Actualit\u00e9s"},"content":{"rendered":"<p class=\"lead \">Plusieurs milliers de manifestants ont d\u00e9fil\u00e9 dimanche \u00e0 Paris \u00e0 l&rsquo;appel de plusieurs organisations et de personnalit\u00e9s pour d\u00e9noncer \u00ab\u00a0la progression de l&rsquo;islamophobie en France\u00a0\u00bb et rendre hommage \u00e0 Aboubakar Ciss\u00e9, jeune Malien tu\u00e9 dans une mosqu\u00e9e du Gard.<\/p>\n<p class=\"lead \">\u00ab\u00a0Le racisme, \u00e7a commence avec des mots et \u00e7a finit comme Aboubakar\u00a0\u00bb, clamait une pancarte visible dans le cort\u00e8ge o\u00f9 ont pris place de nombreux repr\u00e9sentants de la France Insoumise, dont Jean-Luc M\u00e9lenchon, Louis Boyard, Aymeric Caron, Aur\u00e9lie Trouv\u00e9 ou Eric Coquerel, a constat\u00e9 une journaliste de l&rsquo;AFP.<\/p>\n<p class=\"lead \">\u00ab\u00a0Avec la mort d&rsquo;Aboubakar Ciss\u00e9, une ligne rouge a \u00e9t\u00e9 franchie\u00a0\u00bb, a estim\u00e9 Tarek, 44 ans, cadre de production francilien, d\u00e9filant sous le soleil avec un grand drapeau bleu-blanc-rouge.<\/p>\n<p class=\"lead \"> Au milieu de drapeaux fran\u00e7ais et palestiniens, les manifestants scandaient notamment \u00ab\u00a0non, non \u00e0 l&rsquo;islamophobie\u00a0\u00bb, avec plusieurs slogans et pancartes ciblant le ministre de l&rsquo;Int\u00e9rieur: \u00ab\u00a0M\u00eame si Retailleau ne veut pas, nous on est l\u00e0\u00a0\u00bb, \u00ab\u00a0c&rsquo;est pas les femmes voil\u00e9es, c&rsquo;est pas les musulmans, c&rsquo;est Retailleau qu&rsquo;il faut virer\u00a0\u00bb.<\/p>\n<p class=\"lead \">Des organisations antiracistes avaient appel\u00e9 \u00e0 d\u00e9filer dans la capitale, o\u00f9 la pr\u00e9fecture de police a compt\u00e9 3.700 participants et les organisateurs 15.000, et ailleurs en France: ils \u00e9taient quelque 400 \u00e0 Lille, environ 200 \u00e0 Lyon selon la pr\u00e9fecture, 150 \u00e0 Marseille selon les organisateurs et la pr\u00e9fecture de police.<\/p>\n<p class=\"lead \">Le d\u00e9put\u00e9 LFI \u00c9ric Coquerel a d\u00e9plor\u00e9 une \u00ab\u00a0augmentation de l&rsquo;islamophobie de mani\u00e8re incontestable, jusqu&rsquo;\u00e0 la mort d&rsquo;Aboubakar Ciss\u00e9 dans une mosqu\u00e9e\u00a0\u00bb. \u00ab\u00a0Jamais on ne dira assez la responsabilit\u00e9 du ministre Retailleau qui fusionne droite et extr\u00eame droite\u00a0\u00bb, a-t-il lanc\u00e9, assurant \u00e0 \u00ab\u00a0nos compatriotes de confession musulmane\u00a0\u00bb qu'\u00a0\u00bbon ne l\u00e2chera rien\u00a0\u00bb.<\/p>\n<p class=\"lead \">\u00ab\u00a0L&rsquo;islamophobie tue, blesse, discrimine, humilie&#8230; Stop\u00a0\u00bb, pouvait-on lire sur une pancarte \u00e0 Marseille, o\u00f9, dans le rassemblement, se trouvaient aussi un pr\u00eatre catholique, le p\u00e8re Joseph Sene, 36 ans, \u00ab\u00a0venu soutenir nos fr\u00e8res musulmans\u00a0\u00bb, et un pasteur protestant, Bryan Parrish, 63 ans, pour lequel \u00ab\u00a0on peut tr\u00e8s bien vivre ensemble\u00a0\u00bb.<\/p>\n<p class=\"lead \">Les trois premiers mois de l&rsquo;ann\u00e9e ont enregistr\u00e9 une augmentation des actes antimusulmans de 72% par rapport \u00e0 la p\u00e9riode en 2024 avec 79 cas recens\u00e9s, selon un d\u00e9compte du minist\u00e8re de l&rsquo;Int\u00e9rieur.<\/p>\n<p class=\"lead \">Yassine Benyettou, secr\u00e9taire national du collectif RED Jeunes et coorganisateur de la marche, a d\u00e9plor\u00e9 cette semaine \u00ab\u00a0une peur constante\u00a0\u00bb grandissante dans la communaut\u00e9 musulmane, estimant que la \u00ab\u00a0parole d\u00e9complex\u00e9e\u00a0\u00bb d&rsquo;une partie de la classe politique alimente un climat antimusulman.<\/p>\n<p class=\"lead \">Le meurtre d&rsquo;Aboubakar Ciss\u00e9 a raviv\u00e9 un d\u00e9bat autour du terme m\u00eame d'\u00a0\u00bbislamophobie\u00a0\u00bb.<\/p>\n<p class=\"lead \">Bruno Retailleau, dont l&rsquo;attitude dans cette affaire a \u00e9t\u00e9 critiqu\u00e9e \u00e0 gauche et par des proches de la victime, a estim\u00e9 qu'\u00a0\u00bbil y a une connotation id\u00e9ologique du terme +islamophobie+ tr\u00e8s marqu\u00e9e vis-\u00e0-vis des Fr\u00e8res musulmans, qui fait que dans notre minist\u00e8re, on prend la pr\u00e9caution de ne pas l&rsquo;utiliser\u00a0\u00bb.<\/p>\n<p class=\"lead \">Le Premier ministre Fran\u00e7ois Bayrou a au contraire d\u00e9fendu l&#8217;emploi du terme \u00ab\u00a0islamophobe\u00a0\u00bb dans cette affaire.<\/p>\n<p class=\"lead \">Ce d\u00e9bat a trouv\u00e9 un \u00e9cho dans le cort\u00e8ge parisien dimanche avec cette pancarte brandie par un manifestant: \u00ab\u00a0Ils ne sont pas islamophobes, c&rsquo;est juste qu&rsquo;ils n&rsquo;aiment pas les musulmans\u00a0\u00bb.<\/p>\n<p class=\"small font-weight-bold text-gray3 \"> publi\u00e9 le 11 mai \u00e0 19h14, AFP<\/p>\n<p>                             Partager<\/p>\n","protected":false},"excerpt":{"rendered":"Plusieurs milliers de manifestants ont d\u00e9fil\u00e9 dimanche \u00e0 Paris \u00e0 l&rsquo;appel de plusieurs organisations et de personnalit\u00e9s pour&hellip;\n","protected":false},"author":2,"featured_media":93177,"comment_status":"","ping_status":"","sticky":false,"template":"","format":"standard","meta":{"footnotes":""},"categories":[1888],"tags":[1111,1928,11,1927,1769,1777,674,1011,27,2683,5318,452,1136,2088,20353,12,1926,626,1925,316,4020,25],"class_list":{"0":"post-93176","1":"post","2":"type-post","3":"status-publish","4":"format-standard","5":"has-post-thumbnail","7":"category-paris","8":"tag-actu","9":"tag-actu-paris","10":"tag-actualites","11":"tag-actualites-paris","12":"tag-enqute","13":"tag-eu","14":"tag-europe","15":"tag-fr","16":"tag-france","17":"tag-homicide","18":"tag-islam","19":"tag-italie","20":"tag-mali","21":"tag-manifestation","22":"tag-mosque","23":"tag-news","24":"tag-news-paris","25":"tag-paris","26":"tag-paris-news","27":"tag-politique","28":"tag-religion","29":"tag-republique-francaise"},"share_on_mastodon":{"url":"https:\/\/pubeurope.com\/@fr\/114492506314403155","error":""},"_links":{"self":[{"href":"https:\/\/www.europesays.com\/fr\/wp-json\/wp\/v2\/posts\/93176","targetHints":{"allow":["GET"]}}],"collection":[{"href":"https:\/\/www.europesays.com\/fr\/wp-json\/wp\/v2\/posts"}],"about":[{"href":"https:\/\/www.europesays.com\/fr\/wp-json\/wp\/v2\/types\/post"}],"author":[{"embeddable":true,"href":"https:\/\/www.europesays.com\/fr\/wp-json\/wp\/v2\/users\/2"}],"replies":[{"embeddable":true,"href":"https:\/\/www.europesays.com\/fr\/wp-json\/wp\/v2\/comments?post=93176"}],"version-history":[{"count":0,"href":"https:\/\/www.europesays.com\/fr\/wp-json\/wp\/v2\/posts\/93176\/revisions"}],"wp:featuredmedia":[{"embeddable":true,"href":"https:\/\/www.europesays.com\/fr\/wp-json\/wp\/v2\/media\/93177"}],"wp:attachment":[{"href":"https:\/\/www.europesays.com\/fr\/wp-json\/wp\/v2\/media?parent=93176"}],"wp:term":[{"taxonomy":"category","embeddable":true,"href":"https:\/\/www.europesays.com\/fr\/wp-json\/wp\/v2\/categories?post=93176"},{"taxonomy":"post_tag","embeddable":true,"href":"https:\/\/www.europesays.com\/fr\/wp-json\/wp\/v2\/tags?post=93176"}],"curies":[{"name":"wp","href":"https:\/\/api.w.org\/{rel}","templated":true}]}}