{"id":93188,"date":"2025-05-12T02:35:09","date_gmt":"2025-05-12T02:35:09","guid":{"rendered":"https:\/\/www.europesays.com\/fr\/93188\/"},"modified":"2025-05-12T02:35:09","modified_gmt":"2025-05-12T02:35:09","slug":"le-gouvernement-britannique-devoile-son-plan-radical-pour-reduire-limmigration","status":"publish","type":"post","link":"https:\/\/www.europesays.com\/fr\/93188\/","title":{"rendered":"Le gouvernement britannique d\u00e9voile son plan \u00abradical\u00bb pour r\u00e9duire l&rsquo;immigration"},"content":{"rendered":"<p>Il sera d\u00e9sormais plus difficile d\u2019obtenir un titre de r\u00e9sident permanent au Royaume-Uni, de m\u00eame que les conditions d\u2019octroi de visas, y compris de travail, seront durcies.<\/p>\n<p class=\"fig-paragraph\">Le gouvernement travailliste britannique de\u00a0<a href=\"http:\/\/www.lefigaro.fr\/conjoncture\/keir-starmer-sabre-dans-l-administration-britannique-qui-pourrait-perdre-plus-de-100-000-emplois-20250409\" data-fig-type=\"Article\" data-gtm-custom-categorie=\"navigation\" data-gtm-custom-action=\"crossclick\" data-gtm-custom-label=\"Contextuel\" data-gtm-event=\"customEventSPE\" data-fig-domain=\"LEFIGARO\" rel=\"nofollow noopener\" target=\"_blank\">Keir Starmer<\/a>\u00a0d\u00e9voile lundi une feuille de route aux \u00abmesures radicales\u00bb pour r\u00e9duire l&rsquo;immigration, au moment o\u00f9 le Royaume-Uni voit\u00a0<a href=\"http:\/\/www.lefigaro.fr\/international\/royaume-uni-l-extreme-droite-tente-de-tirer-profit-de-la-tuerie-de-southport-20240801\" data-fig-type=\"Article\" data-gtm-custom-categorie=\"navigation\" data-gtm-custom-action=\"crossclick\" data-gtm-custom-label=\"Contextuel\" data-gtm-event=\"customEventSPE\" data-fig-domain=\"LEFIGARO\" rel=\"nofollow noopener\" target=\"_blank\">l&rsquo;extr\u00eame droite grimper dans les sondages<\/a>\u00a0et s&rsquo;implanter dans le pays. Preuve de l&rsquo;enjeu, le Premier ministre lui-m\u00eame prendra la parole lundi matin lors d&rsquo;une conf\u00e9rence de presse, peu avant que sa ministre de l&rsquo;Int\u00e9rieur Yvette Cooper ne d\u00e9voile la feuille de route devant le Parlement.<\/p>\n<p class=\"fig-paragraph\">\u00abTous les domaines du syst\u00e8me d&rsquo;immigration, y compris (les visas) de travail, de regroupement familial, d&rsquo;\u00e9tude, seront renforc\u00e9s afin que nous puissions mieux les contr\u00f4ler. La mise en \u0153uvre sera plus stricte que jamais et le nombre d&rsquo;immigrants diminuera\u00bb, doit d\u00e9clarer le Premier ministre Keir Starmer, selon des extraits de son discours communiqu\u00e9s par Downing Street. \u00abNous cr\u00e9erons un syst\u00e8me qui est contr\u00f4l\u00e9, s\u00e9lectif et juste\u00bb, a-t-il insist\u00e9, alors que l&rsquo;immigration nette a atteint 728.000 personnes entre juin 2023 et juin 2024, et pr\u00e8s d&rsquo;un million l&rsquo;ann\u00e9e pr\u00e9c\u00e9dente.<\/p>\n<p class=\"fig-paragraph\">Le gouvernement, qui promet des \u00abmesures radicales\u00bb et fustige le bilan de ses pr\u00e9d\u00e9cesseurs conservateurs, a distill\u00e9 ces derniers jours une partie du contenu de son plan, press\u00e9 de montrer qu&rsquo;il r\u00e9pond aux pr\u00e9occupations des \u00e9lecteurs, apr\u00e8s le succ\u00e8s du parti anti-immigration Reform UK de Nigel Farage aux \u00e9lections locales du 1er mai dernier.<\/p>\n<p>Durcissement des conditions d\u2019octroi de visas<\/p>\n<p class=\"fig-paragraph\">Afin de s&rsquo;assurer que les \u00e9trangers d\u00e9sireux de s&rsquo;installer au Royaume-Uni \u00abm\u00e9ritent\u00bb de rester, il sera d\u00e9sormais plus difficile d&rsquo;obtenir un titre de r\u00e9sident permanent, a d\u00e9taill\u00e9 Downing Street. 162.000 personnes l&rsquo;ont obtenu l&rsquo;an dernier, en hausse de 35% sur un an. Il faudra dix ans de pr\u00e9sence sur le territoire, contre cinq actuellement.<\/p>\n<p class=\"fig-paragraph\">Les infirmi\u00e8res, m\u00e9decins, ing\u00e9nieurs et dirigeants dans l&rsquo;intelligence artificielle pourront toutefois candidater avant. Et les d\u00e9pendants adultes d&rsquo;un titulaire de visa devront d\u00e9montrer un niveau d&rsquo;anglais suffisant pour \u00eatre autoris\u00e9s \u00e0 venir au Royaume-Uni, avec l&rsquo;objectif de r\u00e9duire le nombre de visas familiaux.<\/p>\n<p class=\"fig-paragraph\">Le plan pr\u00e9voit aussi un durcissement des conditions d&rsquo;octroi des visas de travail, deuxi\u00e8me source d&rsquo;installation d&rsquo;\u00e9trangers dans le pays (369.000 en 2024). Selon Yvette Cooper, cela r\u00e9duira \u00abjusqu&rsquo;\u00e0 50.000\u00bb le nombre d&rsquo;arriv\u00e9es de travailleurs peu qualifi\u00e9s l&rsquo;an prochain. \u00abPendant des ann\u00e9es, notre syst\u00e8me a encourag\u00e9 les entreprises \u00e0 faire venir des travailleurs moins bien pay\u00e9s, plut\u00f4t que d&rsquo;investir dans nos jeunes\u00bb, doit dire Keir Starmer, affirmant vouloir \u00abune rupture nette avec le pass\u00e9\u00bb.<\/p>\n<p class=\"fig-paragraph\">Un candidat \u00e0 un visa de travailleur qualifi\u00e9 devra aussi justifier d&rsquo;un niveau de dipl\u00f4me \u00e9quivalent \u00e0 une licence fran\u00e7aise. Des exceptions sont pr\u00e9vues dans des domaines en manque de main-d\u2019\u0153uvre. Et les employeurs qui veulent recruter des personnes \u00e0 l&rsquo;\u00e9tranger devront investir dans la formation de travailleurs britanniques. Les entreprises du secteur du soin (auxiliaire de vie, etc.), qui d\u00e9pendent fortement de la main-d\u2019\u0153uvre \u00e9trang\u00e8re, ne pourront plus recruter directement \u00e0 l&rsquo;\u00e9tranger.<\/p>\n<p>Les visas pour le Pakistan, le Nigeria et le Sri Lanka<\/p>\n<p class=\"fig-paragraph\">La semaine derni\u00e8re, le gouvernement avait aussi annonc\u00e9 vouloir restreindre les visas de travail et \u00e9tudiants pour les ressortissants de pays comme le Pakistan, le Nigeria et le Sri Lanka, les plus susceptibles de demander l&rsquo;asile. Avant lui, les gouvernements conservateurs avaient d\u00e9j\u00e0 pris des mesures pour durcir les conditions d&rsquo;attribution de visas.<\/p>\n<p class=\"fig-paragraph\">Le gouvernement veut aussi pouvoir expulser plus d&rsquo;\u00e9trangers condamn\u00e9s pour des crimes. Actuellement ils ne sont g\u00e9n\u00e9ralement expuls\u00e9s que s&rsquo;ils \u00e9copent d&rsquo;une peine de prison sup\u00e9rieure \u00e0 un an. Outre l&rsquo;immigration l\u00e9gale, le gouvernement est \u00e9galement sous pression pour endiguer l&rsquo;arriv\u00e9e de migrants traversant la Manche sur de petites embarcations. Quelque 36.800 sont arriv\u00e9s l&rsquo;an dernier, et plus de 11.000 depuis le d\u00e9but de l&rsquo;ann\u00e9e.<\/p>\n","protected":false},"excerpt":{"rendered":"Il sera d\u00e9sormais plus difficile d\u2019obtenir un titre de r\u00e9sident permanent au Royaume-Uni, de m\u00eame que les conditions&hellip;\n","protected":false},"author":2,"featured_media":93189,"comment_status":"","ping_status":"","sticky":false,"template":"","format":"standard","meta":{"footnotes":""},"categories":[1588],"tags":[259,11,260,1777,674,1061,14,2581,261,12,262,473,1853,1851,1850,1852],"class_list":{"0":"post-93188","1":"post","2":"type-post","3":"status-publish","4":"format-standard","5":"has-post-thumbnail","7":"category-royaume-uni","8":"tag-actualite-internationale","9":"tag-actualites","10":"tag-affaires-etrangeres","11":"tag-eu","12":"tag-europe","13":"tag-immigration","14":"tag-international","15":"tag-keir-starmer","16":"tag-ministere-des-affaires-etrangeres","17":"tag-news","18":"tag-politique-etrangere","19":"tag-royaume-uni","20":"tag-royaume-uni-de-grande-bretagne-et-dirlande-du-nord","21":"tag-uk","22":"tag-united-kingdom","23":"tag-united-kingdom-of-great-britain-and-northern-ireland"},"share_on_mastodon":{"url":"https:\/\/pubeurope.com\/@fr\/114492533945243817","error":""},"_links":{"self":[{"href":"https:\/\/www.europesays.com\/fr\/wp-json\/wp\/v2\/posts\/93188","targetHints":{"allow":["GET"]}}],"collection":[{"href":"https:\/\/www.europesays.com\/fr\/wp-json\/wp\/v2\/posts"}],"about":[{"href":"https:\/\/www.europesays.com\/fr\/wp-json\/wp\/v2\/types\/post"}],"author":[{"embeddable":true,"href":"https:\/\/www.europesays.com\/fr\/wp-json\/wp\/v2\/users\/2"}],"replies":[{"embeddable":true,"href":"https:\/\/www.europesays.com\/fr\/wp-json\/wp\/v2\/comments?post=93188"}],"version-history":[{"count":0,"href":"https:\/\/www.europesays.com\/fr\/wp-json\/wp\/v2\/posts\/93188\/revisions"}],"wp:featuredmedia":[{"embeddable":true,"href":"https:\/\/www.europesays.com\/fr\/wp-json\/wp\/v2\/media\/93189"}],"wp:attachment":[{"href":"https:\/\/www.europesays.com\/fr\/wp-json\/wp\/v2\/media?parent=93188"}],"wp:term":[{"taxonomy":"category","embeddable":true,"href":"https:\/\/www.europesays.com\/fr\/wp-json\/wp\/v2\/categories?post=93188"},{"taxonomy":"post_tag","embeddable":true,"href":"https:\/\/www.europesays.com\/fr\/wp-json\/wp\/v2\/tags?post=93188"}],"curies":[{"name":"wp","href":"https:\/\/api.w.org\/{rel}","templated":true}]}}