{"id":93207,"date":"2025-05-12T02:47:03","date_gmt":"2025-05-12T02:47:03","guid":{"rendered":"https:\/\/www.europesays.com\/fr\/93207\/"},"modified":"2025-05-12T02:47:03","modified_gmt":"2025-05-12T02:47:03","slug":"fracture-de-la-main-pour-joan-mir-apres-sa-chute","status":"publish","type":"post","link":"https:\/\/www.europesays.com\/fr\/93207\/","title":{"rendered":"Fracture de la main pour Joan Mir apr\u00e8s sa chute"},"content":{"rendered":"<p><a href=\"https:\/\/fr.motorsport.com\/driver\/joan-mir\/289392\/\" target=\"_blank\" rel=\"noopener\">Joan Mir<\/a> a \u00e9t\u00e9 pris dans les accrochages du d\u00e9part au GP de France. <a href=\"https:\/\/fr.motorsport.com\/driver\/enea-bastianini\/109398\/\" target=\"_blank\" rel=\"noopener\">Enea Bastianini<\/a> a percut\u00e9 <a href=\"https:\/\/fr.motorsport.com\/driver\/pecco-bagnaia\/109394\/\" target=\"_blank\" rel=\"noopener\">Pecco Bagnaia<\/a>, qui a \u00e9t\u00e9 envoy\u00e9 \u00e0 terre, et en voulant brusquement \u00e9viter l&rsquo;incident, le pilote de l&rsquo;\u00e9quipe Honda officielle s&rsquo;est finalement accroch\u00e9 avec <a href=\"https:\/\/fr.motorsport.com\/driver\/johann-zarco\/96107\/\" target=\"_blank\" rel=\"noopener\">Johann Zarco<\/a>, futur vainqueur de l&rsquo;\u00e9preuve, et il est tomb\u00e9 \u00e0 son tour.<\/p>\n<p>D&rsquo;abord transport\u00e9 au centre m\u00e9dical, il a ensuite \u00e9t\u00e9 transf\u00e9r\u00e9 \u00e0 l&rsquo;h\u00f4pital pour des examens compl\u00e9mentaires, qui ont confirm\u00e9 une blessure.<\/p>\n<p>Selon Honda, Joan Mir est \u00ab\u00a0touch\u00e9 par une fracture de la main droite et une douleur au cou [et] sa condition sera \u00e9valu\u00e9e dans les prochains jours\u00a0\u00bb. Le constructeur n&rsquo;a pas donn\u00e9 plus de pr\u00e9cisions sur la nature de la blessure de son pilote.<\/p>\n<p>Mir avait montr\u00e9 des signes prometteurs en prenant le point de la neuvi\u00e8me place lors du sprint et en signant le meilleur temps au cours du warm-up, disput\u00e9 sur piste humide.<\/p>\n<p>Plusieurs pilotes bless\u00e9s cette ann\u00e9e<\/p>\n<p>Apr\u00e8s de nombreuses blessures en 2023 et une am\u00e9lioration de la situation l&rsquo;an pass\u00e9, aucune course ne s&rsquo;est d\u00e9roul\u00e9e avec l&rsquo;ensemble des titulaires depuis le d\u00e9but de l&rsquo;ann\u00e9e.<\/p>\n<p><a href=\"https:\/\/fr.motorsport.com\/driver\/jorge-martin\/109391\/\" target=\"_blank\" rel=\"noopener\">Jorge Mart\u00edn<\/a> est le plus touch\u00e9, avec deux blessures lors de la pr\u00e9-saison et une nouvelle <a href=\"https:\/\/fr.motorsport.com\/motogp\/news\/jorge-martin-passer-scanner-retour-espagne\/10717307\/\" target=\"_blank\" rel=\"noopener\">alors qu&rsquo;il faisait son retour<\/a>, \u00e0 Losail. <a href=\"https:\/\/fr.motorsport.com\/motogp\/news\/jorge-martin-passer-scanner-retour-espagne\/10717307\/\" target=\"_blank\" rel=\"noopener\">Miguel Oliveira<\/a> a de son c\u00f4t\u00e9 manqu\u00e9 quatre courses apr\u00e8s s&rsquo;\u00eatre bless\u00e9 lors du sprint en Argentine, et <a href=\"https:\/\/fr.motorsport.com\/motogp\/news\/miguel-oliveira-retour-blessure-gp-france\/10720157\/\" target=\"_blank\" rel=\"noopener\">faisait son retour ce week-end<\/a>.<\/p>\n<p>Apr\u00e8s le GP d&rsquo;Espagne, <a href=\"https:\/\/fr.motorsport.com\/driver\/pedro-acosta\/840236\/\" target=\"_blank\" rel=\"noopener\">Pedro Acosta<\/a> et <a href=\"https:\/\/fr.motorsport.com\/driver\/somkiat-chantra\/823104\/\" target=\"_blank\" rel=\"noopener\">Somkiat Chantra<\/a> ont d\u00fb \u00eatre op\u00e9r\u00e9s pour le m\u00eame mal, un arm-pump. Le premier a pu disputer le GP de France <a href=\"https:\/\/fr.motorsport.com\/motogp\/news\/acosta-libere-douleur-comme-si-bras-exploser\/10720992\/\" target=\"_blank\" rel=\"noopener\">malgr\u00e9 une g\u00eane encore pr\u00e9sente<\/a>, tandis que le second a <a href=\"https:\/\/fr.motorsport.com\/motogp\/news\/somkiat-chantra-forfait-gp-france\/10720823\/\" target=\"_blank\" rel=\"noopener\">d\u00fb d\u00e9clarer forfait<\/a>.<\/p>\n<p>Lire aussi :<\/p>\n<p>Dans cet article<\/p>\n<p>    Vincent Lalanne-Sicaud\n<\/p>\n<p>    MotoGP\n<\/p>\n<p>    Joan Mir\n<\/p>\n<p>    Honda HRC\n<\/p>\n<p>Soyez le premier inform\u00e9 et souscrivez aux alertes mails pour recevoir les infos en temps r\u00e9el<\/p>\n<p>    S&rsquo;abonner aux alertes de news<\/p>\n","protected":false},"excerpt":{"rendered":"Joan Mir a \u00e9t\u00e9 pris dans les accrochages du d\u00e9part au GP de France. Enea Bastianini a percut\u00e9&hellip;\n","protected":false},"author":2,"featured_media":93208,"comment_status":"","ping_status":"","sticky":false,"template":"","format":"standard","meta":{"footnotes":""},"categories":[1413],"tags":[1011,27,15545,3345,3346,15546,1457,1456,1458,60],"class_list":{"0":"post-93207","1":"post","2":"type-post","3":"status-publish","4":"format-standard","5":"has-post-thumbnail","7":"category-moto","8":"tag-fr","9":"tag-france","10":"tag-gp-de-france","11":"tag-honda-hrc","12":"tag-joan-mir","13":"tag-le-mans-circuit-bugatti","14":"tag-moto","15":"tag-motocycle","16":"tag-motogp","17":"tag-sports"},"share_on_mastodon":{"url":"https:\/\/pubeurope.com\/@fr\/114492581023261654","error":""},"_links":{"self":[{"href":"https:\/\/www.europesays.com\/fr\/wp-json\/wp\/v2\/posts\/93207","targetHints":{"allow":["GET"]}}],"collection":[{"href":"https:\/\/www.europesays.com\/fr\/wp-json\/wp\/v2\/posts"}],"about":[{"href":"https:\/\/www.europesays.com\/fr\/wp-json\/wp\/v2\/types\/post"}],"author":[{"embeddable":true,"href":"https:\/\/www.europesays.com\/fr\/wp-json\/wp\/v2\/users\/2"}],"replies":[{"embeddable":true,"href":"https:\/\/www.europesays.com\/fr\/wp-json\/wp\/v2\/comments?post=93207"}],"version-history":[{"count":0,"href":"https:\/\/www.europesays.com\/fr\/wp-json\/wp\/v2\/posts\/93207\/revisions"}],"wp:featuredmedia":[{"embeddable":true,"href":"https:\/\/www.europesays.com\/fr\/wp-json\/wp\/v2\/media\/93208"}],"wp:attachment":[{"href":"https:\/\/www.europesays.com\/fr\/wp-json\/wp\/v2\/media?parent=93207"}],"wp:term":[{"taxonomy":"category","embeddable":true,"href":"https:\/\/www.europesays.com\/fr\/wp-json\/wp\/v2\/categories?post=93207"},{"taxonomy":"post_tag","embeddable":true,"href":"https:\/\/www.europesays.com\/fr\/wp-json\/wp\/v2\/tags?post=93207"}],"curies":[{"name":"wp","href":"https:\/\/api.w.org\/{rel}","templated":true}]}}