{"id":9321,"date":"2025-04-08T03:57:14","date_gmt":"2025-04-08T03:57:14","guid":{"rendered":"https:\/\/www.europesays.com\/fr\/9321\/"},"modified":"2025-04-08T03:57:14","modified_gmt":"2025-04-08T03:57:14","slug":"le-duck-face-lea-salame-pas-convaincante-face-a-larusso-vent-de-gene-dans-quelle-epoque","status":"publish","type":"post","link":"https:\/\/www.europesays.com\/fr\/9321\/","title":{"rendered":"\u00ab\u00a0Le duck face !\u00a0\u00bb : L\u00e9a Salam\u00e9 pas convaincante face \u00e0 Larusso, vent de g\u00eane dans Quelle \u00e9poque !"},"content":{"rendered":"<p>Visage embl\u00e9matique de France 2 depuis son recrutement par<br \/>\n<a href=\"https:\/\/www.closermag.fr\/people\/pas-si-triste-hugo-manos-clair-et-net-sur-sa-separation-avec-laurent-ruquier-3534406\" target=\"_blank\" rel=\"noopener\"><br \/>\nLaurent Ruquier<\/a> dans l&rsquo;\u00e9mission On n&rsquo;est pas couch\u00e9. L\u00e9a Salam\u00e9<br \/>\navait co-pr\u00e9sent\u00e9 le programme intitul\u00e9 On est en direct avec<br \/>\nl&rsquo;animateur durant une saison. Avant de se voir offrir <strong>son<br \/>\npropre talk-show hebdomadaire<\/strong> en 2022. La journaliste est<br \/>\nd\u00e9sormais aux commandes de Quelle \u00e9poque ! chaque samedi en<br \/>\ndeuxi\u00e8me partie de soir\u00e9e.<\/p>\n<p>Samedi 5 avril 2025, L\u00e9a Salam\u00e9 a re\u00e7u comme \u00e0 son habitude<br \/>\nplusieurs personnalit\u00e9s sur le plateau de son \u00e9mission. Dont les<br \/>\n<strong>chanteuses cultes des ann\u00e9es 80 et 90, Sabrina et<br \/>\nLarusso<\/strong>. Les deux femmes \u00e9taient pr\u00e9sentes dans Quelle<br \/>\n\u00e9poque ! pour assurer la promotion du concert \u00e9v\u00e8nement Stars 80 \/<br \/>\nStars 90. Bien \u00e9videmment, la journaliste a interrog\u00e9 ses deux<br \/>\nconvives sur l&rsquo;incroyable triomphe de leurs tourn\u00e9es<br \/>\nrespectives.<\/p>\n<p>L\u00e9a Salam\u00e9 \u00e0 Larusso : \u00ab\u00a0Oui, vous \u00eates belle. Le cheveu est un<br \/>\npeu&#8230;\u00a0\u00bb<\/p>\n<p class=\"transcription ng-star-inserted\">\u00ab\u00a0Comment vous<br \/>\nexpliquez ce carton partout en France ? C&rsquo;est quoi ? C&rsquo;est la<br \/>\nnostalgie ?\u00a0\u00bb, leur a ainsi demand\u00e9 L\u00e9a Salam\u00e9. \u00ab\u00a0Non, je<br \/>\ntrouve qu&rsquo;<strong>il y a des chansons qui ne vieillissent<br \/>\npas<\/strong>, c&rsquo;est \u00e7a. Et qui sont toujours avec une \u00e9nergie, un<br \/>\nsens. Il y a le sens de l&rsquo;\u00e9nergie, la m\u00e9lodie, tout \u00e7a qui est<br \/>\nrest\u00e9. Tu sais, les chansons qui sont belles restent, c&rsquo;est<br \/>\n\u00e7a\u00a0\u00bb, a premi\u00e8rement r\u00e9pondu Sabrina.<\/p>\n<p class=\"transcription ng-star-inserted\">\u00ab\u00a0Et vous vous en<br \/>\npensez quoi ? Qu&rsquo;est-ce qui explique que vous remplissiez les<br \/>\nsalles comme \u00e7a ?\u00a0\u00bb, a ensuite ajout\u00e9 L\u00e9a Salam\u00e9 en s&rsquo;adressant<br \/>\n\u00e0 Larusso. \u00ab\u00a0Je pense qu&rsquo;il y a une nostalgie, effectivement,<br \/>\ndes ann\u00e9es 80 et des ann\u00e9es 90. S&rsquo;il y a quelque chose de commun<br \/>\nentre les deux g\u00e9n\u00e9rations. C&rsquo;est que <strong>les chansons \u00e9taient<br \/>\ntr\u00e8s m\u00e9lodieuses<\/strong>. On travaillait fort \u00e0 ce que \u00e7a rentre<br \/>\ndans la t\u00eate. Les textes, tout avait une importance. Et puis, il y<br \/>\navait beaucoup de diversit\u00e9\u00a0\u00bb, a-t-elle ainsi lanc\u00e9.<\/p>\n<p>La chanteuse s&rsquo;est ensuite interrompue en voyant une image<br \/>\nd&rsquo;archive s&rsquo;afficher sur l&rsquo;\u00e9cran situ\u00e9 derri\u00e8re L\u00e9a<br \/>\nSalam\u00e9.\u00a0\u00ab\u00a0Mon Dieu ! Qu&rsquo;est-ce que je suis belle !\u00a0\u00bb,<br \/>\na-t-elle notamment l\u00e2ch\u00e9 sur un ton ironique. \u00ab\u00a0Oui, vous \u00eates<br \/>\nbelle. Le cheveu est un peu&#8230;\u00a0\u00bb, a rapidement r\u00e9agi<br \/>\nl&rsquo;animatrice, provoquant malgr\u00e9 elle un petit moment de malaise en<br \/>\nplateau. \u00ab\u00a0Non mais <strong>on est sur 20 ans d&rsquo;avance<\/strong>,<br \/>\nregarde le&#8230;\u00a0\u00bb, a ensuite d\u00e9clar\u00e9 Larusso.<\/p>\n<p>Michel Drucker : \u00ab\u00a0Les chansons<br \/>\npopulaires ne meurent jamais\u00a0\u00bb<\/p>\n<p class=\"transcription ng-star-inserted\">\u00ab\u00a0<strong>Oui c&rsquo;est<br \/>\nvrai le duck face<\/strong>\u00ab\u00a0, a finalement conclu L\u00e9a Salam\u00e9.<br \/>\nDe son c\u00f4t\u00e9, <a href=\"https:\/\/www.closermag.fr\/people\/sa-maitresse-michel-drucker-balance-sur-cette-liaison-meconnue-de-francois-mitterrand-en-plein-direct-3532226\" target=\"_blank\" rel=\"noopener\"><br \/>\nMichel Drucker<\/a>, qui faisait \u00e9galement partie des invit\u00e9s de<br \/>\nQuelle \u00e9poque ! cette semaine, est intervenu. Habitu\u00e9 \u00e0 recevoir de<br \/>\nnombreux chanteurs sur le mythique canap\u00e9 rouge de l&rsquo;\u00e9mission<br \/>\nVivement dimanche sur France 3. L&rsquo;animateur a tenu \u00e0 rappeler que :<br \/>\n\u00ab\u00a0Les chansons populaires ne meurent jamais\u00a0\u00bb.<\/p>\n<p class=\"transcription ng-star-inserted\">\u00ab\u00a0Voil\u00e0, c&rsquo;est \u00e7a, les<br \/>\nchansons populaires ne meurent jamais. Il y en a beaucoup dansante.<br \/>\n<strong>C&rsquo;\u00e9tait la notion de la f\u00eate<\/strong>, on s&rsquo;amusait, on<br \/>\n\u00e9coutait beaucoup. \u00c7a passait dans la voiture, il y avait vraiment<br \/>\nquelque chose\u00a0\u00bb, a \u00e9galement pr\u00e9cis\u00e9 la chroniqueuse de Quelle<br \/>\n\u00e9poque ! <a href=\"https:\/\/www.telestar.fr\/actu_tv\/quelle-epoque-lea-salame-et-nicolas-demorand-retiennent-difficilement-leurs-larmes-intense-emotion-en-plateau-1717247\" target=\"_blank\" rel=\"noopener\"><br \/>\nCharlotte Dhenaux<\/a>. \u00ab\u00a0Oui, il y a un truc, et effectivement<br \/>\nles chansons populaires ne vieillissent jamais\u00a0\u00bb, a aussi<br \/>\nsoulign\u00e9 L\u00e9a Salam\u00e9.<\/p>\n","protected":false},"excerpt":{"rendered":"Visage embl\u00e9matique de France 2 depuis son recrutement par Laurent Ruquier dans l&rsquo;\u00e9mission On n&rsquo;est pas couch\u00e9. L\u00e9a&hellip;\n","protected":false},"author":2,"featured_media":9322,"comment_status":"","ping_status":"","sticky":false,"template":"","format":"standard","meta":{"footnotes":""},"categories":[1356],"tags":[548,58,59,1011,27,3806,252,1364],"class_list":{"0":"post-9321","1":"post","2":"type-post","3":"status-publish","4":"format-standard","5":"has-post-thumbnail","7":"category-television","8":"tag-article-simple","9":"tag-divertissement","10":"tag-entertainment","11":"tag-fr","12":"tag-france","13":"tag-lea-salame","14":"tag-television","15":"tag-tv"},"share_on_mastodon":{"url":"https:\/\/pubeurope.com\/@fr\/114300337900759264","error":""},"_links":{"self":[{"href":"https:\/\/www.europesays.com\/fr\/wp-json\/wp\/v2\/posts\/9321","targetHints":{"allow":["GET"]}}],"collection":[{"href":"https:\/\/www.europesays.com\/fr\/wp-json\/wp\/v2\/posts"}],"about":[{"href":"https:\/\/www.europesays.com\/fr\/wp-json\/wp\/v2\/types\/post"}],"author":[{"embeddable":true,"href":"https:\/\/www.europesays.com\/fr\/wp-json\/wp\/v2\/users\/2"}],"replies":[{"embeddable":true,"href":"https:\/\/www.europesays.com\/fr\/wp-json\/wp\/v2\/comments?post=9321"}],"version-history":[{"count":0,"href":"https:\/\/www.europesays.com\/fr\/wp-json\/wp\/v2\/posts\/9321\/revisions"}],"wp:featuredmedia":[{"embeddable":true,"href":"https:\/\/www.europesays.com\/fr\/wp-json\/wp\/v2\/media\/9322"}],"wp:attachment":[{"href":"https:\/\/www.europesays.com\/fr\/wp-json\/wp\/v2\/media?parent=9321"}],"wp:term":[{"taxonomy":"category","embeddable":true,"href":"https:\/\/www.europesays.com\/fr\/wp-json\/wp\/v2\/categories?post=9321"},{"taxonomy":"post_tag","embeddable":true,"href":"https:\/\/www.europesays.com\/fr\/wp-json\/wp\/v2\/tags?post=9321"}],"curies":[{"name":"wp","href":"https:\/\/api.w.org\/{rel}","templated":true}]}}