{"id":93215,"date":"2025-05-12T02:52:05","date_gmt":"2025-05-12T02:52:05","guid":{"rendered":"https:\/\/www.europesays.com\/fr\/93215\/"},"modified":"2025-05-12T02:52:05","modified_gmt":"2025-05-12T02:52:05","slug":"amel-bent-se-confie-avec-emotion-sur-le-deces-de-sa-grand-mere","status":"publish","type":"post","link":"https:\/\/www.europesays.com\/fr\/93215\/","title":{"rendered":"Amel Bent se confie avec \u00e9motion sur le d\u00e9c\u00e8s de sa grand-m\u00e8re"},"content":{"rendered":"<p>Ce dimanche 11 mai, sur le plateau du JT de France 2, Amel Bent est revenue sur la mort de sa grand-m\u00e8re, sa principale source d&rsquo;inspiration, \u00e0 qui elle rend hommage dans son nouvel album.<\/p>\n<p>R\u00e9v\u00e9l\u00e9e dans les ann\u00e9es 2000,<a href=\"https:\/\/www.programme-tv.net\/news\/musique\/374722-ca-je-nen-veux-pas-amel-bent-devoile-son-exigence-qui-surprend-tout-le-monde-quand-elle-part-en-tournee\/\" data-api-deeplink=\"teleloisirs:\/\/news\/374722\" target=\"_blank\" rel=\"noopener\"> Amel Bent<\/a> a su rester sur le devant de la sc\u00e8ne musicale fran\u00e7aise. D\u00e9couverte au sein de la deuxi\u00e8me saison de la Nouvelle star, en 2004, la chanteuse a offici\u00e9 en tant que coach dans l&rsquo;\u00e9mission <a href=\"https:\/\/www.programme-tv.net\/news\/tv\/374108-kylian-the-voice-2025-est-il-encore-en-contact-avec-amel-bent-apres-son-parcours-la-version-kids-il-nous-repond\/\" data-api-deeplink=\"teleloisirs:\/\/news\/374108\" target=\"_blank\" rel=\"noopener\">The Voice<\/a> plusieurs ann\u00e9es d&rsquo;affil\u00e9e. Le 16 mai 2025, elle d\u00e9voilera son huiti\u00e8me album, intitul\u00e9 Minuit une, dans lequel elle rend hommage \u00e0 sa grand-m\u00e8re d\u00e9c\u00e9d\u00e9e en novembre dernier. Venue promouvoir la sortie de son nouveau projet musical, sur le plateau de France 2, Amel Bent est revenue avec \u00e9motion sur sa principale source d&rsquo;inspiration.<\/p>\n<p>\u00ab\u00a0C&rsquo;\u00e9tait une femme qui nous a gard\u00e9s\u00a0\u00bb : Amel Bent fait de bouleversantes confidences sur sa grand-m\u00e8re d\u00e9c\u00e9d\u00e9e<\/p>\n<p>\u00ab\u00a0Je t\u2019ai perdue Mima, donc je ne parle que de toi\u00a0\u00bb, chante Amel Bent dans son nouveau titre intitul\u00e9 Mima, en hommage \u00e0 sa grand-m\u00e8re r\u00e9cemment d\u00e9c\u00e9d\u00e9e. La chanteuse a travers\u00e9 une p\u00e9riode compliqu\u00e9e, comme elle le confie face \u00e0 <a href=\"https:\/\/www.programme-tv.net\/news\/people\/370948-pardon-a-alice-taglioni-et-laurent-delahousse-laurent-ruquier-s-excuse-apres-une-remarque-maladroite-dans-les-grosses-tetes\/\" data-api-deeplink=\"teleloisirs:\/\/news\/370948\" target=\"_blank\" rel=\"noopener\">Laurent Delahousse<\/a>, ce dimanche 11 mai : \u00ab\u00a0Tr\u00e8s triste et un peu perdue, comme le reste de notre famille. C&rsquo;\u00e9tait une femme qui nous a gard\u00e9s tous ensemble&#8230; <b>C&rsquo;\u00e9tait le pilier de la famille. Quand le pilier s&rsquo;en va, on se demande comment on va continuer \u00e0 garder cette vie qu&rsquo;on avait avant<\/b>\u00ab\u00a0. L&rsquo;interpr\u00e8te de Ma Philosophie ajoute : \u00ab\u00a0On se rend compte que, quand la personne n&rsquo;est pas l\u00e0, elle a laiss\u00e9 beaucoup plus que ce que l&rsquo;on imagine, m\u00eame quand elle n&rsquo;est pas l\u00e0\u00a0\u00bb. <\/p>\n<p>                        \u00ab\u00a0J&rsquo;ai perdu mes deux grandes sources d&rsquo;inspiration\u00a0\u00bb : Amel Bent \u00e9voque la mort de Charles Aznavour<\/p>\n<p>Un deuil qui s&rsquo;ajoute \u00e0 la perte, il y a quelques ann\u00e9es, de sa plus grande idole : <a href=\"https:\/\/www.programme-tv.net\/news\/people\/371044-exclu-ils-nous-ont-fait-de-tres-beaux-cadeaux-magali-ripoll-n-oubliez-pas-les-paroles-devoile-ce-geste-touchant-de-nagui-et-charles-aznavour-a-la-naissance-de-ses-enfants\/\" data-api-deeplink=\"teleloisirs:\/\/news\/371044\" target=\"_blank\" rel=\"noopener\">Charles Aznavour.<\/a> Sur le plateau du JT de France 2, Amel Bent confie : \u00ab\u00a0J&rsquo;ai perdu mes deux grandes sources d&rsquo;inspiration : Charles Aznavour et ma mamie. C&rsquo;est \u00e0 eux que j&rsquo;ai toujours rendu hommage de leurs vivants et je crois que je n&rsquo;aurai jamais de cesse de penser et \u00e0 Charles et \u00e0 A\u00efcha pour la m\u00e9lancolie, pour cette \u00e9ducation merveilleuse. Gr\u00e2ce \u00e0 eux, je n&rsquo;ai pas peur, ni d&rsquo;avoir du chagrin, ni de rester forte aussi\u00a0\u00bb. Charles Aznavour avait d&rsquo;ailleurs laiss\u00e9 un joli cadeau \u00e0 la chanteuse, en lui \u00e9crivant une chanson. Quelques jours apr\u00e8s sa mort, en 2018, Amel Bent confiait \u00e0 <a href=\"https:\/\/www.programme-tv.net\/news\/tv\/216004-exclu-mort-de-charles-aznavour-amel-bent-raconte-sa-derniere-rencontre-bouleversante-avec-le-chanteur\/\" data-api-deeplink=\"teleloisirs:\/\/news\/216004\" target=\"_blank\" rel=\"noopener\">T\u00e9l\u00e9-Loisirs <\/a>: \u00ab\u00a0Il m\u2019a \u00e9crit donc cette chanson qui s\u2019appelle Je reste seule. Un titre que je n&rsquo;ai jamais pu chanter sur sc\u00e8ne tellement il m&rsquo;\u00e9meut\u00a0\u00bb. <\/p>\n","protected":false},"excerpt":{"rendered":"Ce dimanche 11 mai, sur le plateau du JT de France 2, Amel Bent est revenue sur la&hellip;\n","protected":false},"author":2,"featured_media":93216,"comment_status":"","ping_status":"","sticky":false,"template":"","format":"standard","meta":{"footnotes":""},"categories":[1359],"tags":[20546,11775,244,58,59,1011,27,5097,973,1630],"class_list":{"0":"post-93215","1":"post","2":"type-post","3":"status-publish","4":"format-standard","5":"has-post-thumbnail","7":"category-people","8":"tag-amel-bent","9":"tag-charles-aznavour","10":"tag-commentaire","11":"tag-divertissement","12":"tag-entertainment","13":"tag-fr","14":"tag-france","15":"tag-laurent-delahousse","16":"tag-people","17":"tag-zapping"},"share_on_mastodon":{"url":"https:\/\/pubeurope.com\/@fr\/114492600711449511","error":""},"_links":{"self":[{"href":"https:\/\/www.europesays.com\/fr\/wp-json\/wp\/v2\/posts\/93215","targetHints":{"allow":["GET"]}}],"collection":[{"href":"https:\/\/www.europesays.com\/fr\/wp-json\/wp\/v2\/posts"}],"about":[{"href":"https:\/\/www.europesays.com\/fr\/wp-json\/wp\/v2\/types\/post"}],"author":[{"embeddable":true,"href":"https:\/\/www.europesays.com\/fr\/wp-json\/wp\/v2\/users\/2"}],"replies":[{"embeddable":true,"href":"https:\/\/www.europesays.com\/fr\/wp-json\/wp\/v2\/comments?post=93215"}],"version-history":[{"count":0,"href":"https:\/\/www.europesays.com\/fr\/wp-json\/wp\/v2\/posts\/93215\/revisions"}],"wp:featuredmedia":[{"embeddable":true,"href":"https:\/\/www.europesays.com\/fr\/wp-json\/wp\/v2\/media\/93216"}],"wp:attachment":[{"href":"https:\/\/www.europesays.com\/fr\/wp-json\/wp\/v2\/media?parent=93215"}],"wp:term":[{"taxonomy":"category","embeddable":true,"href":"https:\/\/www.europesays.com\/fr\/wp-json\/wp\/v2\/categories?post=93215"},{"taxonomy":"post_tag","embeddable":true,"href":"https:\/\/www.europesays.com\/fr\/wp-json\/wp\/v2\/tags?post=93215"}],"curies":[{"name":"wp","href":"https:\/\/api.w.org\/{rel}","templated":true}]}}