{"id":93238,"date":"2025-05-12T03:04:08","date_gmt":"2025-05-12T03:04:08","guid":{"rendered":"https:\/\/www.europesays.com\/fr\/93238\/"},"modified":"2025-05-12T03:04:08","modified_gmt":"2025-05-12T03:04:08","slug":"amnesty-international-denonce-un-signal-alarmant","status":"publish","type":"post","link":"https:\/\/www.europesays.com\/fr\/93238\/","title":{"rendered":"Amnesty International d\u00e9nonce \u00abun signal alarmant\u00bb"},"content":{"rendered":"<p>Le ministre de l\u2019Int\u00e9rieur Bruno Retailleau a engag\u00e9 la proc\u00e9dure de dissolution du collectif Urgence Palestine, ce que l\u2019ONG juge comme une entrave \u00e0 la libert\u00e9 d\u2019expression des associations en France.<\/p>\n<p class=\"fig-paragraph\">Amnesty International s&rsquo;inqui\u00e8te lundi du \u00absignal alarmant\u00bb que constitue, selon elle, la proc\u00e9dure de\u00a0<a href=\"http:\/\/www.lefigaro.fr\/politique\/bruno-retailleau-engage-la-procedure-de-dissolution-du-groupe-urgence-palestine-20250430\" data-fig-type=\"NewsFlash\" data-gtm-custom-categorie=\"navigation\" data-gtm-custom-action=\"crossclick\" data-gtm-custom-label=\"Contextuel\" data-gtm-event=\"customEventSPE\" data-fig-domain=\"LEFIGARO\" target=\"_blank\" rel=\"noopener\">dissolution du groupe Urgence Palestine<\/a>\u00a0engag\u00e9e par le ministre de l&rsquo;Int\u00e9rieur Bruno Retailleau.<\/p>\n<p class=\"fig-paragraph\">\u00abLa d\u00e9cision du gouvernement de dissoudre un collectif de d\u00e9fense des droits des Palestiniens, en plein g\u00e9nocide dans la bande de Gaza, serait un acte tr\u00e8s grave\u00bb, estime dans son communiqu\u00e9 la pr\u00e9sidente d&rsquo;Amnesty International France, Anne Savinel-Barras, d\u00e9non\u00e7ant les \u00abrestrictions disproportionn\u00e9es\u00bb dans plusieurs pays d&rsquo;Europe et aux \u00c9tats-Unis \u00abdes libert\u00e9s d&rsquo;expression et de r\u00e9union pacifique des d\u00e9fenseurs des droits des Palestiniens\u00bb.<\/p>\n<p class=\"fig-paragraph\">Le ministre de l&rsquo;Int\u00e9rieur a annonc\u00e9 le 30 avril engager la proc\u00e9dure de dissolution du collectif, cr\u00e9\u00e9 apr\u00e8s la guerre d\u00e9clench\u00e9e \u00e0 Gaza par l&rsquo;attaque sans pr\u00e9c\u00e9dent du Hamas en Isra\u00ebl le\u00a0<a href=\"http:\/\/www.lefigaro.fr\/actualite-france\/dieu-seul-le-sait-n043-du-7-octobre-2023-au-7-juillet-2024-la-naissance-d-un-vote-musulman-decisif-en-france-20240714\" data-fig-type=\"Article\" data-gtm-custom-categorie=\"navigation\" data-gtm-custom-action=\"crossclick\" data-gtm-custom-label=\"Contextuel\" data-gtm-event=\"customEventSPE\" data-fig-domain=\"LEFIGARO\" target=\"_blank\" rel=\"noopener\">7 octobre 2023<\/a>.<\/p>\n<p class=\"fig-paragraph\">Urgence Palestine dit rassembler \u00abdes citoyens, des organisations et mouvements associatifs, syndicaux et politiques mobilis\u00e9s pour l&rsquo;autod\u00e9termination du peuple palestinien\u00bb, et organise r\u00e9guli\u00e8rement des manifestations, parfois interdites par les autorit\u00e9s &#8211; ce qu&rsquo;a \u00e9galement d\u00e9nonc\u00e9 par Amnesty International.<\/p>\n<p>\u00abLa d\u00e9gradation continue de la libert\u00e9 d\u2019expression\u00bb<\/p>\n<p class=\"fig-paragraph\">La proc\u00e9dure de dissolution, qui ne devrait \u00eatre utilis\u00e9e qu&rsquo;en \u00abdernier recours\u00bb, illustre \u00abla d\u00e9gradation continue des libert\u00e9s d&rsquo;expression, d&rsquo;association et de r\u00e9union pacifique en France\u00bb, estime aussi l&rsquo;ONG.<\/p>\n<p class=\"fig-paragraph\">\u00abLe droit fran\u00e7ais relatif aux dissolutions d&rsquo;associations n&rsquo;est pas conforme au droit international des droits humains car il permet la dissolution sur la base de motifs vagues, comme par exemple, la \u00ab\u00a0provocation \u00e0 la haine\u00a0\u00bb, la \u00ab\u00a0provocation \u00e0 des manifestations arm\u00e9es\u00a0\u00bb ou l'\u00a0\u00bbapologie du terrorisme\u00a0\u00bb, et ce sans contr\u00f4le judiciaire pr\u00e9alable\u00bb, accuse Amnesty.<\/p>\n<p class=\"fig-paragraph\">L&rsquo;attaque men\u00e9e par le Hamas contre Isra\u00ebl le 7 octobre 2023 a entra\u00een\u00e9 la mort de 1.218 personnes du c\u00f4t\u00e9 isra\u00e9lien, en majorit\u00e9 des civils, selon un d\u00e9compte de l&rsquo;AFP bas\u00e9 sur des chiffres officiels.<\/p>\n<p class=\"fig-paragraph\">L&rsquo;offensive isra\u00e9lienne men\u00e9e en repr\u00e9sailles a fait au moins 52.535 morts \u00e0 Gaza, en majorit\u00e9 des civils, selon des chiffres du minist\u00e8re de la Sant\u00e9 du Hamas, jug\u00e9s fiables par l&rsquo;ONU.<\/p>\n","protected":false},"excerpt":{"rendered":"Le ministre de l\u2019Int\u00e9rieur Bruno Retailleau a engag\u00e9 la proc\u00e9dure de dissolution du collectif Urgence Palestine, ce que&hellip;\n","protected":false},"author":2,"featured_media":93239,"comment_status":"","ping_status":"","sticky":false,"template":"","format":"standard","meta":{"footnotes":""},"categories":[4],"tags":[259,11,260,4946,1013,1011,27,14,261,12,3518,262,25],"class_list":{"0":"post-93238","1":"post","2":"type-post","3":"status-publish","4":"format-standard","5":"has-post-thumbnail","7":"category-france","8":"tag-actualite-internationale","9":"tag-actualites","10":"tag-affaires-etrangeres","11":"tag-amnesty-international","12":"tag-bruno-retailleau","13":"tag-fr","14":"tag-france","15":"tag-international","16":"tag-ministere-des-affaires-etrangeres","17":"tag-news","18":"tag-palestine","19":"tag-politique-etrangere","20":"tag-republique-francaise"},"share_on_mastodon":{"url":"https:\/\/pubeurope.com\/@fr\/114492647893001348","error":""},"_links":{"self":[{"href":"https:\/\/www.europesays.com\/fr\/wp-json\/wp\/v2\/posts\/93238","targetHints":{"allow":["GET"]}}],"collection":[{"href":"https:\/\/www.europesays.com\/fr\/wp-json\/wp\/v2\/posts"}],"about":[{"href":"https:\/\/www.europesays.com\/fr\/wp-json\/wp\/v2\/types\/post"}],"author":[{"embeddable":true,"href":"https:\/\/www.europesays.com\/fr\/wp-json\/wp\/v2\/users\/2"}],"replies":[{"embeddable":true,"href":"https:\/\/www.europesays.com\/fr\/wp-json\/wp\/v2\/comments?post=93238"}],"version-history":[{"count":0,"href":"https:\/\/www.europesays.com\/fr\/wp-json\/wp\/v2\/posts\/93238\/revisions"}],"wp:featuredmedia":[{"embeddable":true,"href":"https:\/\/www.europesays.com\/fr\/wp-json\/wp\/v2\/media\/93239"}],"wp:attachment":[{"href":"https:\/\/www.europesays.com\/fr\/wp-json\/wp\/v2\/media?parent=93238"}],"wp:term":[{"taxonomy":"category","embeddable":true,"href":"https:\/\/www.europesays.com\/fr\/wp-json\/wp\/v2\/categories?post=93238"},{"taxonomy":"post_tag","embeddable":true,"href":"https:\/\/www.europesays.com\/fr\/wp-json\/wp\/v2\/tags?post=93238"}],"curies":[{"name":"wp","href":"https:\/\/api.w.org\/{rel}","templated":true}]}}