{"id":93240,"date":"2025-05-12T03:05:15","date_gmt":"2025-05-12T03:05:15","guid":{"rendered":"https:\/\/www.europesays.com\/fr\/93240\/"},"modified":"2025-05-12T03:05:15","modified_gmt":"2025-05-12T03:05:15","slug":"kevin-vauquelin-jetais-probablement-le-plus-costaud-actualite","status":"publish","type":"post","link":"https:\/\/www.europesays.com\/fr\/93240\/","title":{"rendered":"K\u00e9vin Vauquelin : \u00ab J\u2019\u00e9tais probablement le plus costaud \u00bb &#8211; Actualit\u00e9"},"content":{"rendered":"<p style=\"text-align: justify;\"><strong>K\u00e9vin Vauquelin aurait ador\u00e9 terminer sa premi\u00e8re partie de saison par une victoire. Mais bien qu\u2019il ait longtemps fait forte impression sur les ribins du Tro Bro Leon (1.Pro), le Normand n\u2019a pas pu jouer la victoire jusqu\u2019au bout, la faute \u00e0 une crevaison alors m\u00eame qu\u2019il venait de filer seul en t\u00eate, \u00e0 quelques 21 kilom\u00e8tres de Lannilis. \u201cC\u2019est aussi la magie du Tro Bro Leon, mais il y a une grosse d\u00e9ception\u201d, conc\u00e9dait-il au micro de DirectVelo apr\u00e8s la course.\u00a0 \u201cQuand je suis sorti, c\u2019\u00e9tait calcul\u00e9. J\u2019\u00e9tais pr\u00eat \u00e0 faire mon contre-la-montre\u201d. Et pendant plusieurs minutes, le leader d\u2019Ark\u00e9a-B&amp;B H\u00f4tels a eu le temps de se voir gagner. \u201cJ\u2019avais d\u00e9j\u00e0 test\u00e9 un peu les mecs avant et je me sentais vraiment bien et large, comme on dit. Je ne veux pas para\u00eetre pr\u00e9tentieux mais j\u2019\u00e9tais probablement le plus costaud de la course\u201d.<br \/>R\u00e9trograd\u00e9 seul en poursuite apr\u00e8s avoir d\u00fb changer de machine, K\u00e9vin Vauquelin a fait l\u2019effort pour remonter, apr\u00e8s avoir vu le retour dans sa roue du futur laur\u00e9at, Bastien Tronchon (Decathlon AG2R La Mondiale). \u201cBastien pourra me payer une bonne bi\u00e8re, j\u2019ai bien roul\u00e9 pour le ramener, il m\u2019a mis un relais par courtoisie mais c\u2019est tout\u201d, sourit l\u2019ancien soci\u00e9taire du VC Rouen 76, beau joueur. Lors des derni\u00e8res offensives dans le final, une fois de retour \u00e0 l\u2019avant, il n\u2019a plus \u00e9t\u00e9 en mesure de suivre. \u201cJ\u2019avais d\u00e9j\u00e0 fait plusieurs chronos avant, c\u2019est dommage\u201d.<br \/>\u00ab IL MANQUE LA CERISE SUR LE G\u00c2TEAU \u00bb <br \/>Du c\u00f4t\u00e9 de son directeur sportif, Laurent Pichon, la d\u00e9ception est \u00e9galement importante, forc\u00e9ment. \u201cSi l\u2019on regarde le positif, on va dire qu\u2019il \u00e9tait l\u2019un des deux plus forts de la course, \u00e0 \u00e9galit\u00e9 avec Tronchon. Ils ont fait \u00e0 peu pr\u00e8s la m\u00eame course. Le regret, c\u2019est qu\u2019il ram\u00e8ne Tronchon sur l\u2019avant mais il n\u2019y a pas eu de cadeau et c\u2019est normal\u201d, relate l\u2019ancien pro, tout de m\u00eame satisfait du comportement d\u2019ensemble de ses troupes en terres finist\u00e9riennes. \u201cOn \u00e9tait plac\u00e9s o\u00f9 il le fallait, quand il le fallait, lorsque \u00e7a faisait mal, notamment avec la pluie. Malgr\u00e9 toutes les cassures, on n\u2019avait personne \u00e0 l\u2019arri\u00e8re en difficult\u00e9 pendant longtemps, hormis Mathis Le Berre qui a chut\u00e9 t\u00f4t\u201d. Pas question de s&rsquo;apitoyer sur son sort pour autant. \u201cK\u00e9vin a crev\u00e9 mais comme (Valentin) Madouas, comme les Uno-X, les AG2R\u2026 On sait que \u00e7a fait partie du Tro Bro Leon, il y faut de la r\u00e9ussite\u201d.<br \/>La r\u00e9ussite, justement, les rouge-et-noir en ont manqu\u00e9 tout au long de ces quatre jours de course en Bretagne, en passant \u00e0 chaque fois pr\u00e8s de la victoire, sans parvenir \u00e0 en claquer une. \u201cOn a quand m\u00eame r\u00e9pondu pr\u00e9sent m\u00eame si on aurait pr\u00e9f\u00e9r\u00e9 une victoire. Il manque la cerise sur le g\u00e2teau\u201d, reprend Laurent Pichon. Un sentiment partag\u00e9 par le leader de l\u2019\u00e9quipe, qui va d\u00e9sormais prendre le temps de souffler, apr\u00e8s une premi\u00e8re partie de saison notamment marqu\u00e9e par des victoires \u00e0 l\u2019Etoile de Bess\u00e8ges et au R\u00e9gion Pays de la Loire Tour. \u201cJe n\u2019ai pas d\u00e9branch\u00e9 depuis La Marseillaise, il est temps de couper\u201d. Avec un retour pr\u00e9vu au mois de juin. Dauphin\u00e9 ou Tour de Suisse ? \u201cOn verra. Dans tous les cas, il y aura un stage en altitude apr\u00e8s la coupure pour pr\u00e9parer la suite\u201d. D\u2019ici-l\u00e0, Ark\u00e9a-B&amp;B H\u00f4tels continuera de poursuivre sur sa \u201cbonne dynamique\u201d &#8211; dixit K\u00e9vin Vauquelin &#8211; des derniers jours. \u201cIl ne faut pas l\u00e2cher, il faut faire preuve de r\u00e9silience en cyclisme\u201d, conclut Laurent Pichon. <\/strong><\/p>\n","protected":false},"excerpt":{"rendered":"K\u00e9vin Vauquelin aurait ador\u00e9 terminer sa premi\u00e8re partie de saison par une victoire. Mais bien qu\u2019il ait longtemps&hellip;\n","protected":false},"author":2,"featured_media":93241,"comment_status":"","ping_status":"","sticky":false,"template":"","format":"standard","meta":{"footnotes":""},"categories":[2],"tags":[11,834,828,836,829,837,827,83,826,824,823,207,814,817,815,816,822,821,832,211,839,1011,27,820,818,819,12,835,831,830,833,838,212,208,825],"class_list":{"0":"post-93240","1":"post","2":"type-post","3":"status-publish","4":"format-standard","5":"has-post-thumbnail","7":"category-actualites","8":"tag-actualites","9":"tag-attaque","10":"tag-belgique","11":"tag-braquet","12":"tag-bretagne","13":"tag-chute","14":"tag-competition","15":"tag-coupe-de-france","16":"tag-coureur","17":"tag-course-cyclisme","18":"tag-course-cycliste","19":"tag-cyclisme","20":"tag-direct","21":"tag-direct-velo","22":"tag-directvelo","23":"tag-directvelo-com","24":"tag-epreuve","25":"tag-epreuve-cycliste","26":"tag-federation-francaise-de-cyclisme","27":"tag-ffc","28":"tag-flandres","29":"tag-fr","30":"tag-france","31":"tag-live","32":"tag-live-course","33":"tag-live-epreuve","34":"tag-news","35":"tag-peloton","36":"tag-radio-peloton","37":"tag-radio-tour","38":"tag-ravitaillement","39":"tag-relance","40":"tag-uci","41":"tag-velo","42":"tag-velos"},"share_on_mastodon":{"url":"https:\/\/pubeurope.com\/@fr\/114492651777271617","error":""},"_links":{"self":[{"href":"https:\/\/www.europesays.com\/fr\/wp-json\/wp\/v2\/posts\/93240","targetHints":{"allow":["GET"]}}],"collection":[{"href":"https:\/\/www.europesays.com\/fr\/wp-json\/wp\/v2\/posts"}],"about":[{"href":"https:\/\/www.europesays.com\/fr\/wp-json\/wp\/v2\/types\/post"}],"author":[{"embeddable":true,"href":"https:\/\/www.europesays.com\/fr\/wp-json\/wp\/v2\/users\/2"}],"replies":[{"embeddable":true,"href":"https:\/\/www.europesays.com\/fr\/wp-json\/wp\/v2\/comments?post=93240"}],"version-history":[{"count":0,"href":"https:\/\/www.europesays.com\/fr\/wp-json\/wp\/v2\/posts\/93240\/revisions"}],"wp:featuredmedia":[{"embeddable":true,"href":"https:\/\/www.europesays.com\/fr\/wp-json\/wp\/v2\/media\/93241"}],"wp:attachment":[{"href":"https:\/\/www.europesays.com\/fr\/wp-json\/wp\/v2\/media?parent=93240"}],"wp:term":[{"taxonomy":"category","embeddable":true,"href":"https:\/\/www.europesays.com\/fr\/wp-json\/wp\/v2\/categories?post=93240"},{"taxonomy":"post_tag","embeddable":true,"href":"https:\/\/www.europesays.com\/fr\/wp-json\/wp\/v2\/tags?post=93240"}],"curies":[{"name":"wp","href":"https:\/\/api.w.org\/{rel}","templated":true}]}}