{"id":93255,"date":"2025-05-12T03:20:15","date_gmt":"2025-05-12T03:20:15","guid":{"rendered":"https:\/\/www.europesays.com\/fr\/93255\/"},"modified":"2025-05-12T03:20:15","modified_gmt":"2025-05-12T03:20:15","slug":"trois-semaines-de-travaux-vont-perturber-ce-carrefour-tres-passant-a-rennes-2","status":"publish","type":"post","link":"https:\/\/www.europesays.com\/fr\/93255\/","title":{"rendered":"Trois semaines de travaux vont perturber ce carrefour tr\u00e8s passant \u00e0 Rennes"},"content":{"rendered":"<p>C\u2019est un carrefour \u00ab\u00a0strat\u00e9gique\u00a0\u00bb, entre le quartier Maurepas et la Bellangerais \u00e0 Rennes (Ille-et-Vilaine), o\u00f9 des travaux sont pr\u00e9vus pendant trois semaines. Du lundi 12\u00a0mai au vendredi 4\u00a0juin 2025, le \u00ab\u00a0tourne-\u00e0-gauche\u00a0\u00bb situ\u00e9 \u00e0 l\u2019extr\u00e9mit\u00e9 Est du boulevard d\u2019Armorique \u00e0 l\u2019intersection avec l\u2019avenue du G\u00e9n\u00e9ral Georges S. Patton, sera interdit afin d\u2019am\u00e9nager le carrefour.<\/p>\n<p>Une d\u00e9viation sera mise en place par l\u2019avenue de Rochester, l\u2019avenue des Gayeulles, la rue de la H\u00e9roni\u00e8re et l\u2019avenue du G\u00e9n\u00e9ral Georges S. Patton.<\/p>\n<p><strong>Rue de l\u2019Alma<\/strong>, du lundi\u00a012 \u00e0 9 h 30 au mardi 13\u00a0mai \u00e0 6 h, la circulation sera interdite entre le boulevard du Colombier et la rue Paul-F\u00e9val, afin de permettre un montage de grue pour un chantier immobilier.<\/p>\n<p>D\u00e9viation par le boulevard Colombier<\/p>\n<p>Pour les v\u00e9hicules souhaitant quitter le centre-ville, une d\u00e9viation sera mise en place par le boulevard du Colombier, le boulevard Georges-Pompidou et le boulevard Jacques-Cartier. Pour les v\u00e9hicules souhaitant rejoindre le centre-ville, une d\u00e9viation sera mise en place par la rue Ginguen\u00e9 et le boulevard Georges-Pompidou.<\/p>\n<p><strong>Boulevard Volney,<\/strong> du mercredi\u00a014 au vendredi 16\u00a0mai, la circulation sera interdite entre la rue de Foug\u00e8res et la ville Volney, afin de permettre \u00e0 Rennes M\u00e9tropole de r\u00e9aliser des travaux de voirie.<\/p>\n<p>Pour les v\u00e9hicules arrivant du sud, une d\u00e9viation sera mise en place par la rue de Foug\u00e8res, le boulevard de la Duchesse Anne et la rue d\u2019Antrain. Pour les v\u00e9hicules arrivant du nord, une d\u00e9viation sera mise en place par la rue d\u2019Antrain, la rue de Brizeux et la rue Jean Gu\u00e9henno.<\/p>\n<p>Les autres chantiers pr\u00e9vus cette semaine sont \u00e0 retrouver sur <a href=\"https:\/\/travaux.rennesmetropole.fr\/\" target=\"_blank\" rel=\"nofollow noopener\">le site internet de Rennes m\u00e9tropole<\/a>.<\/p>\n<p>\u00a0<\/p>\n","protected":false},"excerpt":{"rendered":"C\u2019est un carrefour \u00ab\u00a0strat\u00e9gique\u00a0\u00bb, entre le quartier Maurepas et la Bellangerais \u00e0 Rennes (Ille-et-Vilaine), o\u00f9 des travaux sont&hellip;\n","protected":false},"author":2,"featured_media":92451,"comment_status":"","ping_status":"","sticky":false,"template":"","format":"standard","meta":{"footnotes":""},"categories":[2821],"tags":[1111,11,829,4304,1777,674,1011,27,12,4486,20433,584,25,20432,2086,933],"class_list":{"0":"post-93255","1":"post","2":"type-post","3":"status-publish","4":"format-standard","5":"has-post-thumbnail","7":"category-rennes","8":"tag-actu","9":"tag-actualites","10":"tag-bretagne","11":"tag-carrefour","12":"tag-eu","13":"tag-europe","14":"tag-fr","15":"tag-france","16":"tag-news","17":"tag-passant","18":"tag-perturber","19":"tag-rennes","20":"tag-republique-francaise","21":"tag-semaines","22":"tag-travaux","23":"tag-tres"},"share_on_mastodon":{"url":"https:\/\/pubeurope.com\/@fr\/114492710772482335","error":""},"_links":{"self":[{"href":"https:\/\/www.europesays.com\/fr\/wp-json\/wp\/v2\/posts\/93255","targetHints":{"allow":["GET"]}}],"collection":[{"href":"https:\/\/www.europesays.com\/fr\/wp-json\/wp\/v2\/posts"}],"about":[{"href":"https:\/\/www.europesays.com\/fr\/wp-json\/wp\/v2\/types\/post"}],"author":[{"embeddable":true,"href":"https:\/\/www.europesays.com\/fr\/wp-json\/wp\/v2\/users\/2"}],"replies":[{"embeddable":true,"href":"https:\/\/www.europesays.com\/fr\/wp-json\/wp\/v2\/comments?post=93255"}],"version-history":[{"count":0,"href":"https:\/\/www.europesays.com\/fr\/wp-json\/wp\/v2\/posts\/93255\/revisions"}],"wp:featuredmedia":[{"embeddable":true,"href":"https:\/\/www.europesays.com\/fr\/wp-json\/wp\/v2\/media\/92451"}],"wp:attachment":[{"href":"https:\/\/www.europesays.com\/fr\/wp-json\/wp\/v2\/media?parent=93255"}],"wp:term":[{"taxonomy":"category","embeddable":true,"href":"https:\/\/www.europesays.com\/fr\/wp-json\/wp\/v2\/categories?post=93255"},{"taxonomy":"post_tag","embeddable":true,"href":"https:\/\/www.europesays.com\/fr\/wp-json\/wp\/v2\/tags?post=93255"}],"curies":[{"name":"wp","href":"https:\/\/api.w.org\/{rel}","templated":true}]}}