{"id":9327,"date":"2025-04-08T04:07:12","date_gmt":"2025-04-08T04:07:12","guid":{"rendered":"https:\/\/www.europesays.com\/fr\/9327\/"},"modified":"2025-04-08T04:07:12","modified_gmt":"2025-04-08T04:07:12","slug":"sorenza-jeune-chanteuse-de-la-manche-est-qualifiee-pour-les-battles","status":"publish","type":"post","link":"https:\/\/www.europesays.com\/fr\/9327\/","title":{"rendered":"Sorenza, jeune chanteuse de la Manche, est qualifi\u00e9e pour les battles"},"content":{"rendered":"<p>            Par<br \/>\n        <strong><br \/>\n            <a href=\"https:\/\/actu.fr\/auteur\/s-lavenu\" title=\"Consulter tous les articles de Sol\u00e8ne Lavenu\" rel=\"nofollow noopener\" target=\"_blank\">Sol\u00e8ne Lavenu<\/a><br \/>\n        <\/strong><\/p>\n<p>        Publi\u00e9 le<\/p>\n<p>            6 avr. 2025 \u00e0 12h04        <\/p>\n<p>Carr\u00e9 blond impeccable, grands yeux bruns maquill\u00e9s\u2026, la Manchoise <a href=\"https:\/\/actu.fr\/normandie\/cherbourg-en-cotentin_50129\/the-voice-qui-est-sorenza-jeune-chanteuse-de-la-manche-a-laffiche-samedi-sur-tf1_62226743.html\" rel=\"nofollow noopener\" target=\"_blank\">Sorenza<\/a> est apparue ce <b>samedi 5\u00a0avril 2025 <\/b>dans l\u2019<a href=\"https:\/\/actu.fr\/tag\/the-voice\" rel=\"nofollow noopener\" target=\"_blank\">\u00e9mission de TF1 \u00ab\u2009The Voice\u2009\u00bb<\/a>, attabl\u00e9e aux c\u00f4t\u00e9s de deux autres candidats.<\/p>\n<p class=\" wall-content\">Sa t\u00e2che \u00e9tait ardue. Il fallait convaincre <a href=\"https:\/\/actu.fr\/societe\/the-voice-candidate-remarquee-la-manchoise-sorenza-a-choisi-son-coach_62230481.html\" rel=\"nofollow noopener\" target=\"_blank\">son mentor<\/a>, <a href=\"https:\/\/actu.fr\/tag\/vianney\" rel=\"nofollow noopener\" target=\"_blank\">Vianney<\/a>, qu\u2019elle \u00e9tait la <b>meilleure des trois candidats de son \u00e9quipe<\/b>.<\/p>\n<p>Une interpr\u00e9tation de Jacques Brel<\/p>\n<p class=\" wall-content\">La chanteuse, originaire de <a href=\"https:\/\/actu.fr\/normandie\/pontorson_50410\" rel=\"nofollow noopener\" target=\"_blank\">Pontorson<\/a> et un temps professeure des \u00e9coles \u00e0 <a href=\"https:\/\/actu.fr\/normandie\/cherbourg-en-cotentin_50129\" rel=\"nofollow noopener\" target=\"_blank\">Cherbourg<\/a>, s\u2019y est attel\u00e9e en reprenant la chanson <a href=\"https:\/\/www.youtube.com\/watch?v=jDh9UeoIOjA\" rel=\"nofollow noopener\" target=\"_blank\">Les vieux de Jacques Brel<\/a>. \u00ab\u2009Les vieux ne parlent plus, ou alors seulement parfois du bout des yeux\u2026\u2009\u00bb, a-t-elle entonn\u00e9 sous le regard des quatre membres du jury\u2009: Patricia Kaas, Florent Pagny, Zaz et donc Vianney. Ce dernier les a d\u2019ailleurs rejoints au cours de la chanson pour les accompagner \u00e0 la guitare.<\/p>\n<p class=\" wall-content\">Un agr\u00e9able moment qui a pris fin aux derni\u00e8res notes de la musique que les quatre candidats ont conclues en ch\u0153ur. Ils laissaient alors la place au temps plus difficile, celui du choix.<\/p>\n<blockquote class=\"ac-article-quote wall-content\">\n<p>Bravo les amis. Ce que vous avez donn\u00e9 c\u2019\u00e9tait simple, et sur cette chanson, il faut rester simple. C\u2019est ce qui a rendu le moment beau, j\u2019ai ador\u00e9.<\/p>\n<p>Vianney, coach The Voice de Sorenza<\/p><\/blockquote>\n<p class=\" wall-content\"><a href=\"https:\/\/www.instagram.com\/p\/DID_sN9NSjs\/embed\" title=\"Ouvrir le lien sur Instagram\" rel=\"nofollow noopener\" target=\"_blank\">Visualiser le contenu sur Instagram<\/a><\/p>\n<p>En pleurs<\/p>\n<p class=\" wall-content\"><a href=\"https:\/\/actu.fr\/tag\/florent-pagny\" rel=\"nofollow noopener\" target=\"_blank\">Florent Pagny<\/a> a parl\u00e9 du spectre vocal de Kh\u00e9noah. Une pr\u00e9f\u00e9rence partag\u00e9e par Zaz. Mais pas par Patricia Kaas qui a offert ses faveurs \u00e0 \u00c9tienne. Sorenza semblait bien isol\u00e9e et plut\u00f4t mal engag\u00e9e, mais son coach a finalement pr\u00e9f\u00e9r\u00e9 une \u00e2me un peu plus charg\u00e9e \u00e0 ces deux voix rondes et particuli\u00e8res.<\/p>\n<p>Vid\u00e9os : en ce moment sur Actu<\/p>\n<blockquote class=\"ac-article-quote wall-content\">\n<p>Il y a quelque chose qui vient de loin et qui m\u2019embarque, alors je vais partir avec Sorenza\u2009!<\/p>\n<p>Vianney, coach The Voice de Sorenza<\/p><\/blockquote>\n<p class=\" wall-content\">La Manchoise a explos\u00e9\u2026 en pleurs. \u00ab\u2009Le<b> yoyo \u00e9motionnel\u2009<\/b>\u00bb, a comment\u00e9 Zaz pour la consoler. L\u2019ancienne institutrice de 26\u00a0ans gagne un nouveau bon point et passe directement en classe sup\u00e9rieure\u2009: les <b>battles<\/b>.<\/p>\n<p class=\" wall-content\"><b>Rendez-vous le 19\u00a0avril<\/b> pour conna\u00eetre la suite.<\/p>\n<p class=\" wall-content\">D\u2019ici l\u00e0, vous pouvez \u00e9couter son <b>deuxi\u00e8me single <\/b>Je veux \u00eatre l\u00e0, sorti ce dimanche 6\u00a0avril sur toutes les plateformes d\u2019\u00e9coute.<\/p>\n<p class=\" wall-content\"><a href=\"https:\/\/www.instagram.com\/p\/DH8HD4LorwW\/embed\" title=\"Ouvrir le lien sur Instagram\" rel=\"nofollow noopener\" target=\"_blank\">Visualiser le contenu sur Instagram<\/a><\/p>\n<p class=\" wall-content\">Suivez toute l\u2019actualit\u00e9 de vos villes et m\u00e9dias favoris en vous inscrivant \u00e0 <a href=\"https:\/\/moncompte.actu.fr\" title=\"D\u00e9couvez Mon Actu\" rel=\"nofollow noopener\" data-trk=\"{&quot;cta&quot;:{&quot;action&quot;:&quot;https:\\\/\\\/moncompte.actu.fr&quot;,&quot;category&quot;:&quot;mon compte&quot;,&quot;from&quot;:&quot;article footer&quot;,&quot;name&quot;:&quot;Mon actu&quot;,&quot;type&quot;:&quot;cta&quot;}}\" target=\"_blank\">Mon Actu<\/a>.<\/p>\n<p>                    <script async src=\"\/\/www.instagram.com\/embed.js\"><\/script><\/p>\n","protected":false},"excerpt":{"rendered":"Par Sol\u00e8ne Lavenu Publi\u00e9 le 6 avr. 2025 \u00e0 12h04 Carr\u00e9 blond impeccable, grands yeux bruns maquill\u00e9s\u2026, la&hellip;\n","protected":false},"author":2,"featured_media":9328,"comment_status":"","ping_status":"","sticky":false,"template":"","format":"standard","meta":{"footnotes":""},"categories":[8],"tags":[58,59,1011,27,1652,873,252,3074],"class_list":{"0":"post-9327","1":"post","2":"type-post","3":"status-publish","4":"format-standard","5":"has-post-thumbnail","7":"category-divertissement","8":"tag-divertissement","9":"tag-entertainment","10":"tag-fr","11":"tag-france","12":"tag-loisirs-culture","13":"tag-musique","14":"tag-television","15":"tag-the-voice"},"share_on_mastodon":{"url":"https:\/\/pubeurope.com\/@fr\/114300377112634067","error":""},"_links":{"self":[{"href":"https:\/\/www.europesays.com\/fr\/wp-json\/wp\/v2\/posts\/9327","targetHints":{"allow":["GET"]}}],"collection":[{"href":"https:\/\/www.europesays.com\/fr\/wp-json\/wp\/v2\/posts"}],"about":[{"href":"https:\/\/www.europesays.com\/fr\/wp-json\/wp\/v2\/types\/post"}],"author":[{"embeddable":true,"href":"https:\/\/www.europesays.com\/fr\/wp-json\/wp\/v2\/users\/2"}],"replies":[{"embeddable":true,"href":"https:\/\/www.europesays.com\/fr\/wp-json\/wp\/v2\/comments?post=9327"}],"version-history":[{"count":0,"href":"https:\/\/www.europesays.com\/fr\/wp-json\/wp\/v2\/posts\/9327\/revisions"}],"wp:featuredmedia":[{"embeddable":true,"href":"https:\/\/www.europesays.com\/fr\/wp-json\/wp\/v2\/media\/9328"}],"wp:attachment":[{"href":"https:\/\/www.europesays.com\/fr\/wp-json\/wp\/v2\/media?parent=9327"}],"wp:term":[{"taxonomy":"category","embeddable":true,"href":"https:\/\/www.europesays.com\/fr\/wp-json\/wp\/v2\/categories?post=9327"},{"taxonomy":"post_tag","embeddable":true,"href":"https:\/\/www.europesays.com\/fr\/wp-json\/wp\/v2\/tags?post=9327"}],"curies":[{"name":"wp","href":"https:\/\/api.w.org\/{rel}","templated":true}]}}