{"id":93270,"date":"2025-05-12T03:34:24","date_gmt":"2025-05-12T03:34:24","guid":{"rendered":"https:\/\/www.europesays.com\/fr\/93270\/"},"modified":"2025-05-12T03:34:24","modified_gmt":"2025-05-12T03:34:24","slug":"lens-et-marseille-au-paradis","status":"publish","type":"post","link":"https:\/\/www.europesays.com\/fr\/93270\/","title":{"rendered":"Lens et Marseille au paradis"},"content":{"rendered":"<p>                                                              <img data-twic-src=\"https:\/\/www.europesays.com\/fr\/wp-content\/uploads\/2025\/05\/6c0801b3ff81172a30d9d4092eb0232e.jpeg\" data-credit=\"Sulyvan MANFROI \/ APL \/ FFF\" title=\"Sulyvan MANFROI \/ APL \/ FFF\" alt=\"Lens joie f\u00e9minine\" class=\"block\"\/>                                        <\/p>\n<p style=\"font-weight: bold\">Lens et Marseille joueront en Arkema Premi\u00e8re Ligue la saison prochaine, gr\u00e2ce \u00e0 leurs succ\u00e8s \u00e0 Toulouse (3-2) et \u00e0 Saint-Malo (3-1), lors de la 21e journ\u00e9e de Seconde Ligue, dimanche 11 mai. <\/p>\n<p style=\"text-align: left;\">L&rsquo;\u00e9dition 2024-2025 de la Seconde Ligue f\u00e9minine a livr\u00e9 dimanche apr\u00e8s-midi une partie de son verdict et pas la moins importante : la 21e et avant-derni\u00e8re journ\u00e9e de la saison a d\u00e9livr\u00e9 les deux billets synonymes de mont\u00e9e en Arkema Premi\u00e8re Ligue 2025-2026 !<\/p>\n<p style=\"text-align: left;\">Le Racing Club de Lens (1er, 45 pts) et l&rsquo;Olympique de Marseille (2e, 42 pts) les ont d\u00e9croch\u00e9s en s&rsquo;assurant les deux premi\u00e8res places du classement, sans attendre l&rsquo;ultime journ\u00e9e du dimanche 18 mai. Ils ont empoch\u00e9 trois points d\u00e9cisifs \u00e0 la faveur de deux victoires en d\u00e9placement, au Toulouse FC (3-2) et \u00e0 l&rsquo;US Saint-Malo, respectivement.\u00a0<\/p>\n<p style=\"text-align: left;\">Pour les Lensoises, conduites par Sarah M&rsquo;Barek, cette mont\u00e9e en Arkema Premi\u00e8re Ligue est une premi\u00e8re historique, pour les Phoc\u00e9ennes, men\u00e9es par Fr\u00e9d\u00e9ric Gon\u00e7alves, elle marque leur retour parmi l&rsquo;\u00e9lite, apr\u00e8s quatre saisons en Seconde Ligue depuis 2020-2021.\u00a0<\/p>\n<p>\u00ab Je tiens \u00e0 f\u00e9liciter Lens et l\u2019OM pour ces accessions qui viennent valoriser l\u2019engagement de places fortes du football fran\u00e7ais dans le football feminin, a salu\u00e9 Jeam-Michel Aulas, pr\u00e9sident de la Ligue Professionnel de Football F\u00e9minin (LFFP). Depuis deux saisons avec le passage en poule unique, puis la cr\u00e9ation de la licence club, la Seconde Ligue se montre competitive et structurante pour la LFFP, comme le prouve le maintien des promus Strasbourg et Nantes en Arkema Premi\u00e8re Ligue. Cette saison est particuli\u00e8rement dynamique avec plusieurs records d\u2019affluences et un sc\u00e9nario haletant pour les accessions et rel\u00e9gation. \u00bb<\/p>\n<p style=\"text-align: center;\"><strong><a href=\"https:\/\/www.fff.fr\/competition\/engagement\/425155-seconde-ligue\/phase\/1\/classement.html?gp_no=1\" target=\"_blank\" rel=\"noopener nofollow\">Le classement de la Seconde Ligue<\/a><\/strong><\/p>\n<p><img decoding=\"async\" title=\"Philippe LE BRECH APL \/ FFF\" src=\"https:\/\/www.europesays.com\/fr\/wp-content\/uploads\/2025\/05\/b2c21a5d9fefd5705f2b3ad974e6ba88.jpeg\" alt=\"\"\/>La joie du groupe marseillais victorieux \u00e0 Saint-Malo (photo Philippe LE BRECH \/ ALPL \/ FFF).<\/p>\n<p>J21 : r\u00e9sultats et classement<\/p>\n<ul>\n<li class=\"light\">Toulouse FC &#8211; RC Lens 2-3<\/li>\n<li class=\"light\">US Saint-Malo &#8211; Olympique de Marseille 1-3<\/li>\n<li class=\"light\">Le Mans FC &#8211; US Orl\u00e9ans LF 3-1<\/li>\n<li class=\"light\">FC Metz &#8211; OGC Nice 1-1<\/li>\n<li class=\"light\">Rodez AF &#8211; Thonon-Evian GG FC 2-2<br \/>Exempt : LOSC Lille<\/li>\n<\/ul>\n<p class=\"light\"><strong>Classement<\/strong> : 1. <strong>RC Lens<\/strong>, 45 pts ; 2. <strong>Olympique de Marseille,<\/strong> 42 pts ; 3. Toulouse FC, 37 pts ; 4. Le Mans FC, 31 pts ; 5. US Saint-Malo, 24 pts ; 6. LOSC Lille, 24 pts ; 7. FC Metz, 22 pts ; 8. Thonon-Evian GG FC, 22 pts ; 9. US Orl\u00e9ans, 16 pts ; 10. OGC Nice, 15 pts ; 11. Rodez AF, 14<\/p>\n<p>\u00a0<\/p>\n<p>\u00a0LES CHIFFRES DE LA 21e JOURN\u00c9E\u00a0<\/p>\n<p>2<\/p>\n<p>Victoires \u00e0 l&rsquo;ext\u00e9rieur<\/p>\n<p>1<\/p>\n<p>Exempt, LOSC Lille, \u00e0 la suite du forfait g\u00e9n\u00e9ral de Bordeaux.<\/p>\n<p>19<\/p>\n<p>Buts marqu\u00e9s (moyenne 3,8)<\/p>\n<p>9<\/p>\n<p>Buts \u00e0 domicile (moyenne 1,8)<\/p>\n<p>10<\/p>\n<p>Buts \u00e0 l&rsquo;ext\u00e9rieur (moyenne 2)<\/p>\n<p><img decoding=\"async\" title=\"Sulyvan MANFROI APL \/ FFF\" src=\"https:\/\/www.europesays.com\/fr\/wp-content\/uploads\/2025\/05\/ea11c2d9e893099b469178a338623af9.jpeg\" alt=\"\"\/>Une image de la victoire lensoise au Stadium de Toulouse (photo Sulyvan MANFROI \/ APL \/ FFF).<\/p>\n<p>\u00a0LE TABLEAU DE BORD DE LA SECONDE LIGUE\u00a0<\/p>\n<p><strong>105<\/strong><\/p>\n<p>Matches jou\u00e9s cette saison<\/p>\n<p><strong>37<\/strong><\/p>\n<p>Succ\u00e8s \u00e0 l\u2019ext\u00e9rieur<\/p>\n<p><strong>329<\/strong><\/p>\n<p>Buts inscrits (moyenne 3,1)<\/p>\n<p><strong>176<\/strong><\/p>\n<p>Buts \u00e0 domicile (moyenne 1,67)<\/p>\n<p><strong>153<\/strong><\/p>\n<p>Buts \u00e0 l&rsquo;ext\u00e9rieur (moyenne 1,45)<\/p>\n<p>La prochaine journ\u00e9e (J22)<\/p>\n<p class=\"light\"><strong>Titre et maintien en jeu<\/strong><br \/>Si les deux billets pour la mont\u00e9e, la 22e et derni\u00e8re journ\u00e9e de Seconde Ligue ne sera pas d\u00e9nu\u00e9 d&rsquo;enjeux. Elle servira d&rsquo;abord \u00e0 attribuer le titre de champion. Lens (45 pts), malgr\u00e9 ses trois longueurs d&rsquo;avance sur l&rsquo;OM (42 pts), n&rsquo;est pas encore assur\u00e9 d&rsquo;\u00eatre sacr\u00e9, d&rsquo;autant qu&rsquo;il ne participera pas \u00e0 cette ultime \u00e9tape, \u00e9tant exempt. En avance au goal average particulier (Lens-OM : 2-2 ; OM-Lens : 1-0), Marseille sera couronn\u00e9 en cas de victoire \u00e0 domicile face au Toulouse FC.\u00a0<br \/>Le maintien sera aussi au centre des pr\u00e9occupations. Orl\u00e9ans (9e, 16 pts), Nice (10e, 15 pts) et Rodez (11e, 14 pts), qui se suivent en deux points, lutteront \u00e0 distance pour \u00e9chapper \u00e0 la onzi\u00e8me place synonyme de r\u00e9l\u00e9gation en D3 F\u00e9minine.\u00a0<\/p>\n<p class=\"light\">\u00a0<\/p>\n<p class=\"light\"><strong>Le programme<\/strong><\/p>\n<p class=\"light\">&#8211; Dimanche 18 mai 2025 :<\/p>\n<ul>\n<li class=\"light\">15h00 : LOSC Lille &#8211; Rodez AF\u00a0<\/li>\n<li class=\"light\">15h00 : Olympique de Marseille &#8211; Toulouse FC<\/li>\n<li class=\"light\">15h00 : OGC Nice &#8211; Le Mans FC<\/li>\n<li class=\"light\">15h00 : Thonon \u00c9vian GG FC &#8211; FC Metz<\/li>\n<li class=\"light\">15h00 : US Orl\u00e9ans LF &#8211; US Saint-Malo<\/li>\n<li class=\"light\">Exempt : RC Lens<\/li>\n<\/ul>\n","protected":false},"excerpt":{"rendered":"Lens et Marseille joueront en Arkema Premi\u00e8re Ligue la saison prochaine, gr\u00e2ce \u00e0 leurs succ\u00e8s \u00e0 Toulouse (3-2)&hellip;\n","protected":false},"author":2,"featured_media":93271,"comment_status":"","ping_status":"","sticky":false,"template":"","format":"standard","meta":{"footnotes":""},"categories":[2814],"tags":[1111,11,1777,674,85,1011,27,884,12,882,25],"class_list":{"0":"post-93270","1":"post","2":"type-post","3":"status-publish","4":"format-standard","5":"has-post-thumbnail","7":"category-marseille","8":"tag-actu","9":"tag-actualites","10":"tag-eu","11":"tag-europe","12":"tag-fff","13":"tag-fr","14":"tag-france","15":"tag-marseille","16":"tag-news","17":"tag-provence-alpes-cote-dazur","18":"tag-republique-francaise"},"share_on_mastodon":{"url":"https:\/\/pubeurope.com\/@fr\/114492765917448973","error":""},"_links":{"self":[{"href":"https:\/\/www.europesays.com\/fr\/wp-json\/wp\/v2\/posts\/93270","targetHints":{"allow":["GET"]}}],"collection":[{"href":"https:\/\/www.europesays.com\/fr\/wp-json\/wp\/v2\/posts"}],"about":[{"href":"https:\/\/www.europesays.com\/fr\/wp-json\/wp\/v2\/types\/post"}],"author":[{"embeddable":true,"href":"https:\/\/www.europesays.com\/fr\/wp-json\/wp\/v2\/users\/2"}],"replies":[{"embeddable":true,"href":"https:\/\/www.europesays.com\/fr\/wp-json\/wp\/v2\/comments?post=93270"}],"version-history":[{"count":0,"href":"https:\/\/www.europesays.com\/fr\/wp-json\/wp\/v2\/posts\/93270\/revisions"}],"wp:featuredmedia":[{"embeddable":true,"href":"https:\/\/www.europesays.com\/fr\/wp-json\/wp\/v2\/media\/93271"}],"wp:attachment":[{"href":"https:\/\/www.europesays.com\/fr\/wp-json\/wp\/v2\/media?parent=93270"}],"wp:term":[{"taxonomy":"category","embeddable":true,"href":"https:\/\/www.europesays.com\/fr\/wp-json\/wp\/v2\/categories?post=93270"},{"taxonomy":"post_tag","embeddable":true,"href":"https:\/\/www.europesays.com\/fr\/wp-json\/wp\/v2\/tags?post=93270"}],"curies":[{"name":"wp","href":"https:\/\/api.w.org\/{rel}","templated":true}]}}