{"id":93272,"date":"2025-05-12T03:35:11","date_gmt":"2025-05-12T03:35:11","guid":{"rendered":"https:\/\/www.europesays.com\/fr\/93272\/"},"modified":"2025-05-12T03:35:11","modified_gmt":"2025-05-12T03:35:11","slug":"voici-ou-et-quand-la-foudre-va-tomber","status":"publish","type":"post","link":"https:\/\/www.europesays.com\/fr\/93272\/","title":{"rendered":"voici o\u00f9 et quand la foudre va tomber"},"content":{"rendered":"<p>            Par<br \/>\n        <strong><br \/>\n            <a href=\"https:\/\/actu.fr\/auteur\/anthony-soudani\" title=\"Consulter tous les articles de Anthony Soudani\" target=\"_blank\" rel=\"noopener\">Anthony Soudani<\/a><br \/>\n        <\/strong><\/p>\n<p>        Publi\u00e9 le<\/p>\n<p>            11 mai 2025 \u00e0 11h23        <\/p>\n<p>L\u2019arriv\u00e9e des <a href=\"https:\/\/actu.fr\/auvergne-rhone-alpes\/lyon_69123\/lyon-des-orages-vont-frapper-le-rhone-voici-quand-ils-doivent-arriver_62613256.html\" target=\"_blank\" rel=\"noopener\">orages se pr\u00e9cise dans le Rh\u00f4ne et \u00e0 Lyon<\/a>, ce dimanche 11 mai. D\u00e8s le d\u00e9but de soir\u00e9e, des averses devraient tomber dans le d\u00e9partement qui est plac\u00e9 en vigilance jaune par M\u00e9t\u00e9o France, tout comme la Loire, l\u2019Ain, l\u2019Is\u00e8re ou encore la Dr\u00f4me et l\u2019Ard\u00e8che.\u00a0<\/p>\n<p class=\" wall-content\">Au total, ce sont <a href=\"https:\/\/actu.fr\/meteo\/violents-orages-plus-de-70-departements-en-vigilance-ce-dimanche-voici-ou-la-foudre-va-tomber_62618625.html\" target=\"_blank\" rel=\"noopener\">plus de 70 d\u00e9partements qui sont plac\u00e9s en vigilance jaune<\/a> aux orages ce dimanche.<\/p>\n<p>Des orages \u00e0 Lyon d\u00e8s 19h<\/p>\n<p class=\" wall-content\">Concernant Lyon, des averses localement orageuses sont attendues en fin d\u2019apr\u00e8s-midi \/ d\u00e9but de soir\u00e9e. D\u00e8s 19h, les orages devraient \u00eatre accompagn\u00e9s de <strong>rafales \u00e0 50 km\/h<\/strong> et pourraient durer au moins jusqu\u2019\u00e0 21 heures.\u00a0<\/p>\n<p class=\" wall-content\">Dans le reste du Rh\u00f4ne, les averses orageuses devraient \u00e9galement commencer aux alentours de 19h, selon les pr\u00e9visions de <a href=\"https:\/\/actu.fr\/tag\/meteo-france\" target=\"_blank\" rel=\"noopener\">M\u00e9t\u00e9o France<\/a>.<\/p>\n<p class=\" wall-content\">Voici la liste des communes concern\u00e9es : L\u2019Arbresle, Pusignan, Neuville-sur-Sa\u00f4ne, Tarare, Villefranche-sur-Sa\u00f4ne, Thizy, Beaujeu, Belleville, Chauffailles et Trades. Ces orages pourraient durer jusqu\u2019\u00e0 22 heures par endroit, notamment au nord du d\u00e9partement.<\/p>\n<p>Vid\u00e9os : en ce moment sur Actu<\/p>\n<p class=\" wall-content\">Suivez toute l\u2019actualit\u00e9 de vos villes et m\u00e9dias favoris en vous inscrivant \u00e0 <a href=\"https:\/\/moncompte.actu.fr\" title=\"D\u00e9couvez Mon Actu\" rel=\"nofollow noopener\" data-trk=\"{&quot;cta&quot;:{&quot;action&quot;:&quot;https:\\\/\\\/moncompte.actu.fr&quot;,&quot;category&quot;:&quot;mon compte&quot;,&quot;from&quot;:&quot;article footer&quot;,&quot;name&quot;:&quot;Mon actu&quot;,&quot;type&quot;:&quot;cta&quot;}}\" target=\"_blank\">Mon Actu<\/a>.<\/p>\n","protected":false},"excerpt":{"rendered":"Par Anthony Soudani Publi\u00e9 le 11 mai 2025 \u00e0 11h23 L\u2019arriv\u00e9e des orages se pr\u00e9cise dans le Rh\u00f4ne&hellip;\n","protected":false},"author":2,"featured_media":93273,"comment_status":"","ping_status":"","sticky":false,"template":"","format":"standard","meta":{"footnotes":""},"categories":[1889],"tags":[1111,11,2430,1777,674,1011,27,2428,2487,2357,12,4594,25],"class_list":{"0":"post-93272","1":"post","2":"type-post","3":"status-publish","4":"format-standard","5":"has-post-thumbnail","7":"category-lyon","8":"tag-actu","9":"tag-actualites","10":"tag-auvergne-rhone-alpes","11":"tag-eu","12":"tag-europe","13":"tag-fr","14":"tag-france","15":"tag-lyon","16":"tag-meteo","17":"tag-meteo-france","18":"tag-news","19":"tag-orages","20":"tag-republique-francaise"},"share_on_mastodon":{"url":"https:\/\/pubeurope.com\/@fr\/114492770038323666","error":""},"_links":{"self":[{"href":"https:\/\/www.europesays.com\/fr\/wp-json\/wp\/v2\/posts\/93272","targetHints":{"allow":["GET"]}}],"collection":[{"href":"https:\/\/www.europesays.com\/fr\/wp-json\/wp\/v2\/posts"}],"about":[{"href":"https:\/\/www.europesays.com\/fr\/wp-json\/wp\/v2\/types\/post"}],"author":[{"embeddable":true,"href":"https:\/\/www.europesays.com\/fr\/wp-json\/wp\/v2\/users\/2"}],"replies":[{"embeddable":true,"href":"https:\/\/www.europesays.com\/fr\/wp-json\/wp\/v2\/comments?post=93272"}],"version-history":[{"count":0,"href":"https:\/\/www.europesays.com\/fr\/wp-json\/wp\/v2\/posts\/93272\/revisions"}],"wp:featuredmedia":[{"embeddable":true,"href":"https:\/\/www.europesays.com\/fr\/wp-json\/wp\/v2\/media\/93273"}],"wp:attachment":[{"href":"https:\/\/www.europesays.com\/fr\/wp-json\/wp\/v2\/media?parent=93272"}],"wp:term":[{"taxonomy":"category","embeddable":true,"href":"https:\/\/www.europesays.com\/fr\/wp-json\/wp\/v2\/categories?post=93272"},{"taxonomy":"post_tag","embeddable":true,"href":"https:\/\/www.europesays.com\/fr\/wp-json\/wp\/v2\/tags?post=93272"}],"curies":[{"name":"wp","href":"https:\/\/api.w.org\/{rel}","templated":true}]}}