{"id":93274,"date":"2025-05-12T03:36:11","date_gmt":"2025-05-12T03:36:11","guid":{"rendered":"https:\/\/www.europesays.com\/fr\/93274\/"},"modified":"2025-05-12T03:36:11","modified_gmt":"2025-05-12T03:36:11","slug":"terre-desperance-a-lyon-echanger-autour-de-lecologie","status":"publish","type":"post","link":"https:\/\/www.europesays.com\/fr\/93274\/","title":{"rendered":"Terre d\u2019esp\u00e9rance \u00e0 Lyon, \u00e9changer autour de l&rsquo;\u00e9cologie"},"content":{"rendered":"<p>\t <a href=\"https:\/\/www.reforme.net\/religion\/protestantisme\/terre-desperance-a-lyon-echanger-autour-de-lecologie\/?print=pdf\" class=\"pdfprnt-button pdfprnt-button-pdf\" target=\"_blank\" rel=\"noindex,nofollow noopener\"><img decoding=\"async\" src=\"https:\/\/www.europesays.com\/fr\/wp-content\/uploads\/2025\/04\/pdf.png\" alt=\"image_pdf\" title=\"Afficher le PDF\"\/><\/a><a href=\"https:\/\/www.reforme.net\/religion\/protestantisme\/terre-desperance-a-lyon-echanger-autour-de-lecologie\/?print=print\" class=\"pdfprnt-button pdfprnt-button-print\" target=\"_blank\" rel=\"noindex,nofollow noopener\"><img decoding=\"async\" src=\"https:\/\/www.europesays.com\/fr\/wp-content\/uploads\/2025\/04\/print.png\" alt=\"image_print\" title=\"Contenu imprim\u00e9\"\/><\/a><\/p>\n<p>Une nouvelle \u00e9dition de Terre d\u2019esp\u00e9rance ? Cette fois, ce sont les protestants de la r\u00e9gion Centre-Alpes-Rho\u0302ne de l\u2019\u00c9glise protestante unie qui vont se r\u00e9unir le samedi 17 mai au parc de la Sarra \u00e0 Oullins, pr\u00e8s de <a href=\"https:\/\/www.reforme.net\/religion\/protestantisme\/a-lyon-un-ministre-entre-deux-rives-spirituelles\/\" target=\"_blank\" rel=\"noopener nofollow\">Lyon<\/a>, autour de l\u2019\u00e9cologie. \u00ab\u00a0C\u2019est un \u00e9v\u00e9nement qui s\u2019adresse avant tout aux membres de notre \u00e9glise, car nous souhaitions nous r\u00e9unir dans une d\u00e9marche synodale autour d\u2019un th\u00e8me, explique Robin Sautter, pr\u00e9sident de la r\u00e9gion Centre Alpes-Rh\u00f4ne pour l\u2019\u00c9glise protestante unie. Nos membres ont beaucoup de plaisir \u00e0 se retrouver \u00e0 chaque synode r\u00e9gional, mais comme tout le monde ne peut y assister, l\u2019id\u00e9e est de se r\u00e9unir pour vivre ensemble un temps synodal et r\u00e9fl\u00e9chir \u00e0 un th\u00e8me synodal. \u00bb<\/p>\n<p>Tout au long de la journ\u00e9e, le rassemblement, appel\u00e9 Terre d\u2019esp\u00e9rance en \u00e9cho \u00e0 la <a href=\"https:\/\/www.reforme.net\/environnement\/terre-desperance-un-nouveau-festival-pour-lavenir-des-humains-et-de-la-planete\/\" target=\"_blank\" rel=\"noopener nofollow\">journ\u00e9e<\/a> organis\u00e9e en r\u00e9gion parisienne en 2024, propose \u00e0 la fois des conf\u00e9rences pour r\u00e9fl\u00e9chir, mais aussi des animations et ateliers pour agir dans un souci interg\u00e9n\u00e9rationnel et th\u00e9ologique autour des questions \u00e9cologiques.<\/p>\n<p>S\u2019approprier les d\u00e9cisions du Synode de 2021<\/p>\n<p>\u00ab\u00a0L\u2019objectif est de faire connaitre les d\u00e9cisions prises lors du <a href=\"https:\/\/epudf.org\/wp-content\/uploads\/2021\/12\/une-decision-synodale-majeure-synode_national_2021__decision-26734.pdf?doing_wp_cron=1661862548.0575048923492431640625\" target=\"_blank\" rel=\"noopener nofollow\">synode national 2021<\/a> sur l\u2019\u00e9cologie \u00e0 nos membres pour qu\u2019ils s\u2019approprient les enjeux th\u00e9ologiques, bibliques et \u00e9thiques qui ont conduit \u00e0 ces d\u00e9cisions, poursuit le pasteur. Et en m\u00eame nous voulions proposer des outils pour que les membres de l\u2019\u00c9glise deviennent porteurs d\u2019esp\u00e9rance dans un monde d\u00e9sesp\u00e9rant. Nous ne voulons pas donner des le\u00e7ons, mais nous souhaitons oser affronter la r\u00e9alit\u00e9 ensemble dans ce qu\u2019elle a de pr\u00e9occupant, d\u2019angoissant. Si on le fait ensemble, on s\u2019encourage mutuellement et on d\u00e9couvre des outils pour nous aider. \u00bb<\/p>\n<p>Pour saisir les enjeux sur les questions \u00e9cologiques, les organisateurs de Terre d\u2019esp\u00e9rance ont fait appel \u00e0 des sp\u00e9cialistes. \u00ab Ces experts vont nous aider \u00e0 comprendre les enjeux de l\u2019\u00e9poque, les solutions \u00e0 envisager et les pi\u00e8ges qui existent, t\u00e9moigne Robin Sautter. Certains sont protestants et vont faire le lien entre la foi et l\u2019engagement \u00e9cologique, mais d\u2019autres viennent d\u2019ailleurs et vont apporter leur expertise.\u00a0\u00bb<\/p>\n<p>Un lieu \u00e9cologique<\/p>\n<p>Ainsi Marc-Andr\u00e9 Selosse, biologiste et professeur au Museum national d\u2019Histoires naturelles viendra faire un \u00e9tat des lieux du vivant : climat, biodiversit\u00e9, pollution, \u00e9tat des sols\u2026 Olivier Haman, chercheur a\u0300 l\u2019\u00e9cole normale sup\u00e9rieure de Lyon en biologie et biophysique, abordera un mod\u00e8le de soci\u00e9t\u00e9 guid\u00e9e par la notion de robustesse contrairement \u00e0 celle de performance. Isabelle Prin, e\u0301lue du groupe Les e\u0301cologistes au Conseil Municipal de Lyon, parlera de son engagement \u00e9cologique dans la politique locale et comment articuler convictions politiques et spirituelles. Quant \u00e0 Bruno-Marie Duffe, pre\u0302tre du dioce\u0300se de Lyon et ancien secre\u0301taire du dicaste\u0300re pour le service du de\u0301veloppement humain inte\u0301gral (2017-2021), il parlera de l\u2019esp\u00e9rance au c\u0153ur du message de l\u2019\u00e9vangile. Corinne Bitaud, charg\u00e9e de mission \u00c9cologie et justice climatique de l\u2019\u00c9glise protestante unie, agronome et th\u00e9ologienne, interviendra sur la d\u00e9pendance \u00e9nerg\u00e9tique. Et Fr\u00e9d\u00e9ric Londeix, directeur de syndicat de traitement des d\u00e9chets dans la Dr\u00f4me et l\u2019Ard\u00e8che, interviendra aussi sur les d\u00e9chets. De son c\u00f4t\u00e9, Caroline Ingrand-Hoffet, pasteure de l\u2019U\u00e9pal, t\u00e9moignera de son engagement militant contre la construction d\u2019une autoroute pr\u00e8s de Strasbourg et de ses actions interreligieuses avec Greenfaith. St\u00e9phane Lavignotte, th\u00e9ologien et auteur de <a style=\"font-size: 16px; background-color: #ffffff;\" href=\"https:\/\/www.reforme.net\/environnement\/le-christianisme-un-remede-a-la-crise-ecologique-questions-au-theologien-stephane-lavignotte\/\" target=\"_blank\" rel=\"noopener nofollow\">L\u2019\u00e9cologie, champ de bataille th\u00e9ologique<\/a> (Textuel, 2022), \u00e9changera sur les quatre familles de l\u2019\u00e9cologie chr\u00e9tienne. Otto Schaefer, th\u00e9ologien et botaniste, interviendra sur les dons et les charmes du ve\u0301ge\u0301tal comme manifestation accessible de la gra\u0302ce. Une liste non-exhaustive puisque d\u2019autres intervenants sont \u00e9galement annonc\u00e9s<\/p>\n<p>Enfin, le lieu pour Terre d\u2019esp\u00e9rance n\u2019a pas \u00e9t\u00e9 choisi au hasard car la paroisse de Oullins est tr\u00e8s engag\u00e9e sur les questions \u00e9cologiques. \u00ab Le parc est \u00e0 la fois un lieu de ressourcement, lieu de p\u00e9dagogie et de pr\u00e9sence dans la cit\u00e9 car il est ouvert r\u00e9guli\u00e8rement pour le public \u00bb, d\u00e9crit Robin Sautter.<\/p>\n<p>Laure Salamon<\/p>\n<p>La participation \u00e0 Terre d\u2019esp\u00e9rance se fait sans inscription. Plus d\u2019<a href=\"https:\/\/region-car.epudf.org\/services-regionaux\/terre-desperance-2025\/\" target=\"_blank\" rel=\"noopener nofollow\">informations<\/a>.<\/p>\n<p><strong>Lire aussi :\u00a0<\/strong><\/p>\n<blockquote class=\"wp-embedded-content\" data-secret=\"u6VTbPHKvB\">\n<p><a href=\"https:\/\/www.reforme.net\/environnement\/katharine-hayhoe-plus-on-parle-du-climat-plus-on-donne-envie-dagir\/\" rel=\"nofollow noopener\" target=\"_blank\">Katharine Hayhoe, climatologue\u2004: \u00ab\u2004Donner envie d\u2019agir pour la plan\u00e8te\u2004\u00bb<\/a><\/p>\n<\/blockquote>\n<blockquote class=\"wp-embedded-content\" data-secret=\"KFzQwXW36J\">\n<p><a href=\"https:\/\/www.reforme.net\/environnement\/le-climat-nattend-pas\/\" rel=\"nofollow noopener\" target=\"_blank\">\u00c9cologie : Le climat n\u2019attend pas<\/a><\/p>\n<\/blockquote>\n<blockquote class=\"wp-embedded-content\" data-secret=\"Gp9otZYG5s\">\n<p><a href=\"https:\/\/www.reforme.net\/environnement\/un-site-pour-mieux-prendre-soin-de-lenvironnement\/\" rel=\"nofollow noopener\" target=\"_blank\">Un site pour mieux prendre soin de l\u2019environnement<\/a><\/p>\n<\/blockquote>\n","protected":false},"excerpt":{"rendered":"Une nouvelle \u00e9dition de Terre d\u2019esp\u00e9rance ? Cette fois, ce sont les protestants de la r\u00e9gion Centre-Alpes-Rho\u0302ne de&hellip;\n","protected":false},"author":2,"featured_media":93275,"comment_status":"","ping_status":"","sticky":false,"template":"","format":"standard","meta":{"footnotes":""},"categories":[1889],"tags":[1111,11,2430,51,20550,1777,674,1011,27,2428,12,25],"class_list":{"0":"post-93274","1":"post","2":"type-post","3":"status-publish","4":"format-standard","5":"has-post-thumbnail","7":"category-lyon","8":"tag-actu","9":"tag-actualites","10":"tag-auvergne-rhone-alpes","11":"tag-ecologie","12":"tag-epudf","13":"tag-eu","14":"tag-europe","15":"tag-fr","16":"tag-france","17":"tag-lyon","18":"tag-news","19":"tag-republique-francaise"},"share_on_mastodon":{"url":"https:\/\/pubeurope.com\/@fr\/114492773710399255","error":""},"_links":{"self":[{"href":"https:\/\/www.europesays.com\/fr\/wp-json\/wp\/v2\/posts\/93274","targetHints":{"allow":["GET"]}}],"collection":[{"href":"https:\/\/www.europesays.com\/fr\/wp-json\/wp\/v2\/posts"}],"about":[{"href":"https:\/\/www.europesays.com\/fr\/wp-json\/wp\/v2\/types\/post"}],"author":[{"embeddable":true,"href":"https:\/\/www.europesays.com\/fr\/wp-json\/wp\/v2\/users\/2"}],"replies":[{"embeddable":true,"href":"https:\/\/www.europesays.com\/fr\/wp-json\/wp\/v2\/comments?post=93274"}],"version-history":[{"count":0,"href":"https:\/\/www.europesays.com\/fr\/wp-json\/wp\/v2\/posts\/93274\/revisions"}],"wp:featuredmedia":[{"embeddable":true,"href":"https:\/\/www.europesays.com\/fr\/wp-json\/wp\/v2\/media\/93275"}],"wp:attachment":[{"href":"https:\/\/www.europesays.com\/fr\/wp-json\/wp\/v2\/media?parent=93274"}],"wp:term":[{"taxonomy":"category","embeddable":true,"href":"https:\/\/www.europesays.com\/fr\/wp-json\/wp\/v2\/categories?post=93274"},{"taxonomy":"post_tag","embeddable":true,"href":"https:\/\/www.europesays.com\/fr\/wp-json\/wp\/v2\/tags?post=93274"}],"curies":[{"name":"wp","href":"https:\/\/api.w.org\/{rel}","templated":true}]}}