{"id":93284,"date":"2025-05-12T03:43:10","date_gmt":"2025-05-12T03:43:10","guid":{"rendered":"https:\/\/www.europesays.com\/fr\/93284\/"},"modified":"2025-05-12T03:43:10","modified_gmt":"2025-05-12T03:43:10","slug":"musee-de-la-victoire-camp-dentrainement-militaire-pour-jeunes-en-russie-la-propagande-nourrit-le-recit-dune-ukraine-nazie","status":"publish","type":"post","link":"https:\/\/www.europesays.com\/fr\/93284\/","title":{"rendered":"Mus\u00e9e de la Victoire, camp d&rsquo;entra\u00eenement militaire pour jeunes&#8230; En Russie, la propagande nourrit le r\u00e9cit d&rsquo;une Ukraine \u00ab\u00a0nazie\u00a0\u00bb"},"content":{"rendered":"<p class=\"article-p mdl\">Au rez-de-chauss\u00e9e du mus\u00e9e de la Victoire, \u00e0 Moscou, des \u00e9coliers se pressent pour s&rsquo;immerger dans les reconstitutions de la bataille de Kursk, de Leningrad ou de Berlin, \u00e0 la gloire de l&rsquo;arm\u00e9e sovi\u00e9tique. Une visite faite au lendemain des\u00a0<a class=\"link\" href=\"https:\/\/www.rtl.fr\/actu\/international\/defile-du-9-mai-en-russie-demonstration-de-force-de-vladimir-poutine-sur-la-place-rouge-7900502977\" target=\"_blank\" rel=\"noopener\">c\u00e9l\u00e9brations du 80e anniversaire<\/a>\u00a0de la fin de la Seconde Guerre mondiale en Russie et qui ravie Sophie, une enfant tr\u00e8s impressionn\u00e9e d&rsquo;en conna\u00eetre davantage sur les \u00ab\u00a0soldats tr\u00e8s courageux\u00a0\u00bb de l&rsquo;Union sovi\u00e9tique : \u00ab\u00a0On ne pouvait pas les battre, ils pr\u00e9f\u00e9raient mourir plut\u00f4t que de se rendre. Les Allemands \u00e9taient cruels, ils rentraient dans nos maisons pour tuer les femmes et les enfants.\u00a0\u00bb<\/p>\n<p class=\"article-p mdl\">H\u00e9l\u00e8ne, sa professeure, a insist\u00e9 pour venir au sein de ce mus\u00e9e afin que \u00ab\u00a0nos enfants sachent ce qui s&rsquo;est pass\u00e9 pour que cela ne se reproduise jamais, se souvenir de l&rsquo;exploit de nos soldats, de nos arri\u00e8res-grands-p\u00e8res\u00a0\u00bb. Une vision tourn\u00e9e \u00e0 l&rsquo;avantage de la Russie, \u00ab\u00a0<strong>un peuple bon qui veut aider tout le monde en cas de besoin<\/strong>\u00ab\u00a0, pr\u00e9sente-t-elle avec fiert\u00e9.<\/p>\n<p class=\"article-p mdl\">En se baladant dans le mus\u00e9e de la Victoire, une salle consacr\u00e9e \u00e0 l&rsquo;op\u00e9ration sp\u00e9ciale fait le lien entre les combats d&rsquo;hier et\u00a0<a class=\"link\" href=\"https:\/\/www.rtl.fr\/actu\/international\/guerre-en-ukraine-organisation-reactions-enjeux-tout-ce-qu-il-faut-savoir-sur-la-proposition-de-negociations-de-poutine-7900503240\" target=\"_blank\" rel=\"noopener\">ceux men\u00e9s en Ukraine<\/a>. Dans un coin, des enfants peuvent \u00e9crire des lettres aux militaires.<\/p>\n<p class=\"article-p mdl\">Evgenia y a emmen\u00e9 sp\u00e9cialement son fils de 8 ans. \u00ab\u00a0Il se passe aujourd&rsquo;hui exactement la m\u00eame chose que lors de la guerre patriotique. <strong>En Ukraine, nos militaires tentent d&rsquo;\u00e9radiquer les nazis<\/strong>\u00ab\u00a0, assure-t-elle avant d&rsquo;ajouter : \u00ab\u00a0Peut-\u00eatre qu&rsquo;ils terminent le travail que nos grands-parents n&rsquo;ont pas fini. J&rsquo;esp\u00e8re que cela restera une op\u00e9ration sp\u00e9ciale et que \u00e7a ne d\u00e9clenchera pas une nouvelle guerre mondiale.\u00a0\u00bb<\/p>\n<ul class=\"glide__slides\">\n<li class=\"glide__slide\">\n<p>                                        <img decoding=\"async\" alt=\"\" class=\"lazy\" src=\"data:image\/png;base64,iVBORw0KGgoAAAANSUhEUgAAAAEAAAABCAQAAAC1HAwCAAAAC0lEQVR42mM8IQkAAa8A48opxD0AAAAASUVORK5CYII=\"\/><\/p>\n<p>Au mus\u00e9e de la Victoire, ode \u00e0 la gloire de la Russie entre valorisation des exploits pass\u00e9s et mythe d&rsquo;une guerre en Ukraine n\u00e9cessaire<\/p>\n<p>\n                                                Cr\u00e9dits : RTL Nicolas Burnens\n                                            <\/p>\n<\/li>\n<li class=\"glide__slide\">\n<p>                                        <img decoding=\"async\" alt=\"\" class=\"lazy\" src=\"data:image\/png;base64,iVBORw0KGgoAAAANSUhEUgAAAAEAAAABCAQAAAC1HAwCAAAAC0lEQVR42mM8IQkAAa8A48opxD0AAAAASUVORK5CYII=\"\/><\/p>\n<p>Au mus\u00e9e de la Victoire de Moscou, ode \u00e0 la gloire de la Russie entre valorisation des exploits pass\u00e9s et mythe d&rsquo;une guerre en Ukraine n\u00e9cessaire<\/p>\n<p>\n                                                Cr\u00e9dits : RTL Nicolas Burnens\n                                            <\/p>\n<\/li>\n<li class=\"glide__slide\">\n<p>                                        <img decoding=\"async\" alt=\"\" class=\"lazy\" src=\"data:image\/png;base64,iVBORw0KGgoAAAANSUhEUgAAAAEAAAABCAQAAAC1HAwCAAAAC0lEQVR42mM8IQkAAa8A48opxD0AAAAASUVORK5CYII=\"\/><\/p>\n<p>Au mus\u00e9e de la Victoire, ode \u00e0 la gloire de la Russie entre valorisation des exploits pass\u00e9s et mythe d&rsquo;une guerre en Ukraine n\u00e9cessaire<\/p>\n<p>\n                                                Cr\u00e9dits : RTL Nicolas Burnens\n                                            <\/p>\n<\/li>\n<li class=\"glide__slide\">\n<p>                                        <img decoding=\"async\" alt=\"\" class=\"lazy\" src=\"data:image\/png;base64,iVBORw0KGgoAAAANSUhEUgAAAAEAAAABCAQAAAC1HAwCAAAAC0lEQVR42mM8IQkAAa8A48opxD0AAAAASUVORK5CYII=\"\/><\/p>\n<p>Au mus\u00e9e de la Victoire, ode \u00e0 la gloire de la Russie entre valorisation des exploits pass\u00e9s et mythe d&rsquo;une guerre en Ukraine n\u00e9cessaire<\/p>\n<p>\n                                                Cr\u00e9dits : RTL Nicolas Burnens\n                                            <\/p>\n<\/li>\n<\/ul>\n<p>                Pr\u00e9c\u00e9dent<\/p>\n<p>                Suivant<\/p>\n<p class=\"article-p mdl\">Le mus\u00e9e de la Victoire poss\u00e8de \u00e9galement une exposition consacr\u00e9e au nazisme ordinaire en Ukraine. Dans une vitrine, un drapeau de Kiev c\u00f4toie des croix gamm\u00e9es.<\/p>\n<p class=\"article-p mdl\">Des vid\u00e9os montrent des ex\u00e9cutions, des images qui ont frapp\u00e9 Alexander : \u00ab\u00a0Tous les documents qui sont ici prouvent que le fascisme perdure en Ukraine et est toujours tr\u00e8s actif dans d&rsquo;autres pays europ\u00e9ens. C&rsquo;est une menace pour le peuple russe, on doit donc se d\u00e9fendre.\u00a0\u00bb<\/p>\n<p class=\"article-p mdl\">En quittant l&rsquo;exposition, il est <strong>difficile de ne pas voir cette mise en sc\u00e8ne<\/strong>. On y voit notamment une balan\u00e7oire noircie avec des peluches appartenant \u00e0 des enfants russes, pr\u00e9sent\u00e9es comme des victimes de la guerre men\u00e9e par l&rsquo;Ukraine.<\/p>\n<p>            Des cours de patriotisme pour former \u00e0 l&rsquo;op\u00e9ration sp\u00e9ciale en Ukraine<\/p>\n<p class=\"article-p mdl\">\u00c0 60 kilom\u00e8tres de Moscou se trouve la ville de\u00a0Tro\u00eftsk. L\u00e0-bas, un centre associatif patriotique organise\u00a0un\u00a0camp d&rsquo;entrainement militaire pour jeunes militaires.\u00a0Dans la for\u00eat, une dizaine d&rsquo;adolescents en treillis militaires, r\u00e9pliques de fusils \u00e0 la main, se pr\u00e9parent \u00e0 donner l&rsquo;assaut sous les ordres de leur instructeur.<\/p>\n<p>\u00ab\u00a0Depuis que je suis petit, je veux devenir militaire. C&rsquo;est par patriotisme. En tant que Russe, tu dois \u00eatre pr\u00eat \u00e0 tout pour notre famille\u00a0\u00bb, partage Th\u00e9odore, un habitu\u00e9 de ce camp d&rsquo;entra\u00eenement qui r\u00eave de s&rsquo;engager dans l&rsquo;arm\u00e9e russe. \u00ab\u00a0S&rsquo;il le faut\u00a0\u00bb, il serait pr\u00eat \u00e0 combattre en Ukraine : \u00ab\u00a0Cela serait notre devoir. Nous devons nous d\u00e9fendre et tuer les nazis.\u00a0\u00bb<\/p>\n<ul class=\"glide__slides\">\n<li class=\"glide__slide\">\n<p>                                        <img decoding=\"async\" alt=\"\" class=\"lazy\" src=\"data:image\/png;base64,iVBORw0KGgoAAAANSUhEUgAAAAEAAAABCAQAAAC1HAwCAAAAC0lEQVR42mM8IQkAAa8A48opxD0AAAAASUVORK5CYII=\"\/><\/p>\n<p>\u00c0 Tro\u00eftsk, le camp pour jeunes militaires forment les volontaires russes au combat contre \u00ab\u00a0l&rsquo;ennemi nazi\u00a0\u00bb ukrainien<\/p>\n<p>\n                                                Cr\u00e9dits : RTL Nicolas Burnens\n                                            <\/p>\n<\/li>\n<li class=\"glide__slide\">\n<p>                                        <img decoding=\"async\" alt=\"\" class=\"lazy\" src=\"data:image\/png;base64,iVBORw0KGgoAAAANSUhEUgAAAAEAAAABCAQAAAC1HAwCAAAAC0lEQVR42mM8IQkAAa8A48opxD0AAAAASUVORK5CYII=\"\/><\/p>\n<p>\u00c0 Tro\u00eftsk, le camp pour jeunes militaires forment les volontaires russes au combat contre \u00ab\u00a0l&rsquo;ennemi nazi\u00a0\u00bb ukrainien<\/p>\n<p>\n                                                Cr\u00e9dits : RTL Nicolas Burnens\n                                            <\/p>\n<\/li>\n<li class=\"glide__slide\">\n<p>                                        <img decoding=\"async\" alt=\"\" class=\"lazy\" src=\"data:image\/png;base64,iVBORw0KGgoAAAANSUhEUgAAAAEAAAABCAQAAAC1HAwCAAAAC0lEQVR42mM8IQkAAa8A48opxD0AAAAASUVORK5CYII=\"\/><\/p>\n<p>\u00c0 Tro\u00eftsk, le camp pour jeunes militaires forment les volontaires russes au combat contre \u00ab\u00a0l&rsquo;ennemi nazi\u00a0\u00bb ukrainien<\/p>\n<p>\n                                                Cr\u00e9dits : RTL Nicolas Burnens\n                                            <\/p>\n<\/li>\n<li class=\"glide__slide\">\n<p>                                        <img decoding=\"async\" alt=\"\" class=\"lazy\" src=\"data:image\/png;base64,iVBORw0KGgoAAAANSUhEUgAAAAEAAAABCAQAAAC1HAwCAAAAC0lEQVR42mM8IQkAAa8A48opxD0AAAAASUVORK5CYII=\"\/><\/p>\n<p>\u00c0 Tro\u00eftsk, le camp pour jeunes militaires forment les volontaires russes au combat contre \u00ab\u00a0l&rsquo;ennemi nazi\u00a0\u00bb ukrainien<\/p>\n<p>\n                                                Cr\u00e9dits : RTL Nicolas Burnens\n                                            <\/p>\n<\/li>\n<\/ul>\n<p>                Pr\u00e9c\u00e9dent<\/p>\n<p>                Suivant<\/p>\n<p class=\"article-p mdl\">Ici, ces exercices militaires sont donn\u00e9s gratuitement par des v\u00e9t\u00e9rans d&rsquo;Ukraine comme Alexis. Il s&rsquo;est battu durant un an \u00e0 Barmouth : \u00ab\u00a0Je pense qu&rsquo;il est important que ceux comme moi qui ont particip\u00e9 \u00e0 l&rsquo;op\u00e9ration sp\u00e9ciale puissent enseigner ici les techniques militaires, comment d\u00e9fendre, aimer sa patrie. Nous avons de l&rsquo;exp\u00e9rience.\u00a0\u00bb<\/p>\n<p>Chaque ann\u00e9e, <strong>des milliers d&rsquo;enfants<\/strong> passent par ce centre o\u00f9 on y donne aussi des cours de patriotisme et de premier secours. \u00c0 la fin de l&rsquo;entra\u00eenement, un petit insigne coll\u00e9 sur leur veste est remis aux participants avec la lettre Z, symbole de l&rsquo;op\u00e9ration sp\u00e9ciale en Ukraine.<\/p>\n<p>    La r\u00e9daction vous recommande<\/p>\n<p class=\"s-newsletter__title\">\n                L\u2019actualit\u00e9 par la r\u00e9daction de RTL dans votre bo\u00eete mail.\n            <\/p>\n<p class=\"s-newsletter__subtitle\">\n                Gr\u00e2ce \u00e0 votre compte RTL abonnez-vous \u00e0 la newsletter RTL info pour suivre toute l&rsquo;actualit\u00e9 au quotidien\n            <\/p>\n<p>\n                                    Lire la suite\n                                <\/p>\n","protected":false},"excerpt":{"rendered":"Au rez-de-chauss\u00e9e du mus\u00e9e de la Victoire, \u00e0 Moscou, des \u00e9coliers se pressent pour s&rsquo;immerger dans les reconstitutions&hellip;\n","protected":false},"author":2,"featured_media":93285,"comment_status":"","ping_status":"","sticky":false,"template":"","format":"standard","meta":{"footnotes":""},"categories":[1591],"tags":[11,1813,1887,107,131,13264,936,12,1885,1886,132,135],"class_list":{"0":"post-93284","1":"post","2":"type-post","3":"status-publish","4":"format-standard","5":"has-post-thumbnail","7":"category-russie","8":"tag-actualites","9":"tag-armee","10":"tag-federation-de-russie","11":"tag-fil-info","12":"tag-guerre-en-ukraine","13":"tag-militaires","14":"tag-nazi","15":"tag-news","16":"tag-russia","17":"tag-russian-federation","18":"tag-russie","19":"tag-vladimir-poutine"},"share_on_mastodon":{"url":"https:\/\/pubeurope.com\/@fr\/114492801851811604","error":""},"_links":{"self":[{"href":"https:\/\/www.europesays.com\/fr\/wp-json\/wp\/v2\/posts\/93284","targetHints":{"allow":["GET"]}}],"collection":[{"href":"https:\/\/www.europesays.com\/fr\/wp-json\/wp\/v2\/posts"}],"about":[{"href":"https:\/\/www.europesays.com\/fr\/wp-json\/wp\/v2\/types\/post"}],"author":[{"embeddable":true,"href":"https:\/\/www.europesays.com\/fr\/wp-json\/wp\/v2\/users\/2"}],"replies":[{"embeddable":true,"href":"https:\/\/www.europesays.com\/fr\/wp-json\/wp\/v2\/comments?post=93284"}],"version-history":[{"count":0,"href":"https:\/\/www.europesays.com\/fr\/wp-json\/wp\/v2\/posts\/93284\/revisions"}],"wp:featuredmedia":[{"embeddable":true,"href":"https:\/\/www.europesays.com\/fr\/wp-json\/wp\/v2\/media\/93285"}],"wp:attachment":[{"href":"https:\/\/www.europesays.com\/fr\/wp-json\/wp\/v2\/media?parent=93284"}],"wp:term":[{"taxonomy":"category","embeddable":true,"href":"https:\/\/www.europesays.com\/fr\/wp-json\/wp\/v2\/categories?post=93284"},{"taxonomy":"post_tag","embeddable":true,"href":"https:\/\/www.europesays.com\/fr\/wp-json\/wp\/v2\/tags?post=93284"}],"curies":[{"name":"wp","href":"https:\/\/api.w.org\/{rel}","templated":true}]}}