{"id":93286,"date":"2025-05-12T03:44:14","date_gmt":"2025-05-12T03:44:14","guid":{"rendered":"https:\/\/www.europesays.com\/fr\/93286\/"},"modified":"2025-05-12T03:44:14","modified_gmt":"2025-05-12T03:44:14","slug":"le-pape-leon-xiv-reclame-la-paix-en-ukraine-et-a-gaza-apres-sa-premiere-priere-dominicale-a-rome-liberation","status":"publish","type":"post","link":"https:\/\/www.europesays.com\/fr\/93286\/","title":{"rendered":"Le pape L\u00e9on XIV r\u00e9clame la paix en Ukraine et \u00e0 Gaza apr\u00e8s sa premi\u00e8re pri\u00e8re dominicale \u00e0 Rome \u2013 Lib\u00e9ration"},"content":{"rendered":"<p class=\"sc-ksZaOG ehjQrN text-element\">Th\u00e9oricien de la \u00abguerre juste\u00bb, Saint-Augustin est la figure tut\u00e9laire du nouveau pape, L\u00e9on XIV. Pas \u00e9tonnant donc que ce dernier multiplie les appels \u00e0 la paix depuis son \u00e9lection, notamment <a href=\"https:\/\/www.liberation.fr\/societe\/religions\/en-direct-conclave-fumee-blanche-au-vatican-le-successeur-du-pape-francois-est-choisi-20250508_4HTUDACZAJCQPHEDS4XBSPMI7Q\/\" target=\"_blank\" rel=\"noopener\" title=\"https:\/\/www.liberation.fr\/societe\/religions\/en-direct-conclave-fumee-blanche-au-vatican-le-successeur-du-pape-francois-est-choisi-20250508_4HTUDACZAJCQPHEDS4XBSPMI7Q\/\">dans son premier discours<\/a> jeudi 8 mai. Ce dimanche 11 mai, rebelote quand il a carr\u00e9ment \u00e9voqu\u00e9 la \u00abTroisi\u00e8me Guerre mondiale en petits morceaux\u00bb qui se joue selon lui dans le monde actuellement.<\/p>\n<p class=\"sc-ksZaOG ehjQrN text-element\">Pour son allocution suivant sa premi\u00e8re pri\u00e8re dominicale en tant que souverain pontife, il a appel\u00e9 les \u00abgrands de ce monde\u00bb \u00e0 arr\u00eater les conflits en Ukraine et \u00e0 Gaza <a href=\"https:\/\/www.liberation.fr\/international\/asie-pacifique\/le-pakistan-frappe-linde-en-riposte-a-des-missiles-tires-contre-islamabad-20250510_KBJI2EGW7VCMVP7KLQF5DWM2WQ\/\" target=\"_blank\" rel=\"noopener\" title=\"https:\/\/www.liberation.fr\/international\/asie-pacifique\/le-pakistan-frappe-linde-en-riposte-a-des-missiles-tires-contre-islamabad-20250510_KBJI2EGW7VCMVP7KLQF5DWM2WQ\/\">sans oublier le Cachemire<\/a>. \u00abOn pourrait avoir des surprises sur la mani\u00e8re dont le pape parle de la paix et de la guerre, a expliqu\u00e9 l\u2019historien des religions Massimo Faggioli dans <a href=\"https:\/\/www.liberation.fr\/international\/europe\/lopposition-au-trumpisme-ne-suffit-pas-a-definir-lidentite-du-nouveau-pape-leon-xiv-20250511_AE4KDIW4KFH4RMMPTFBA6CDJ7I\/\" target=\"_blank\" rel=\"noopener\" title=\"https:\/\/www.liberation.fr\/international\/europe\/lopposition-au-trumpisme-ne-suffit-pas-a-definir-lidentite-du-nouveau-pape-leon-xiv-20250511_AE4KDIW4KFH4RMMPTFBA6CDJ7I\/\">un entretien \u00e0 Lib\u00e9ration.<\/a> Il croit en la mission de l\u2019Eglise d\u2019amener la paix.\u00bb<\/p>\n<p class=\"sc-ksZaOG ehjQrN text-element\">\u00abFace au sc\u00e9nario dramatique actuel d\u2019une Troisi\u00e8me Guerre mondiale en petits morceaux, comme l\u2019a affirm\u00e9 \u00e0 plusieurs reprises le pape Fran\u00e7ois, je m\u2019adresse moi aussi aux grands de ce monde, en r\u00e9p\u00e9tant cet appel toujours d\u2019actualit\u00e9 : plus jamais la guerre !\u00bb a ainsi lanc\u00e9 L\u00e9on XIV devant des dizaines de milliers de personnes r\u00e9unies sur la place Saint-Pierre \u00e0 Rome.<\/p>\n<p class=\"sc-ksZaOG ehjQrN text-element\">\u00abJe porte dans mon c\u0153ur les souffrances du peuple ukrainien bien-aim\u00e9. Tout doit \u00eatre fait pour parvenir au plus t\u00f4t \u00e0 une paix authentique, juste et durable\u00bb, a-t-il ajout\u00e9 \u00e0 l\u2019heure o\u00f9 les discussions diplomatiques s\u2019acc\u00e9l\u00e8rent et au lendemain d\u2019une d\u00e9monstration d\u2019unit\u00e9 des Europ\u00e9ens face \u00e0 Vladimir Poutine. Le pape a \u00e9galement plaid\u00e9 pour que \u00abtous les prisonniers soient lib\u00e9r\u00e9s et que les enfants puissent retourner aupr\u00e8s de leurs familles\u00bb.<\/p>\n<p class=\"sc-ksZaOG ehjQrN text-element\">Se disant \u00abprofond\u00e9ment attrist\u00e9 par ce qui se passe dans<a href=\"https:\/\/www.liberation.fr\/international\/moyen-orient\/treve-a-gaza-le-hamas-estime-que-de-nouvelles-negociations-nont-plus-linteret-20250506_OO3FXRSTVFHHBMI3UECUGKEFD4\/\" target=\"_blank\" rel=\"noopener\" title=\"https:\/\/www.liberation.fr\/international\/moyen-orient\/treve-a-gaza-le-hamas-estime-que-de-nouvelles-negociations-nont-plus-linteret-20250506_OO3FXRSTVFHHBMI3UECUGKEFD4\/\"> la bande de Gaza\u00bb<\/a>, il a appel\u00e9 \u00e0 ce \u00abque les hostilit\u00e9s <a href=\"https:\/\/www.liberation.fr\/international\/moyen-orient\/a-jerusalem-5-000-israeliens-pour-reconstruire-un-mouvement-pour-la-paix-20250509_QJHWRF3NDNG7PP74Y5YOCFZ7XA\/\" target=\"_blank\" rel=\"noopener\" title=\"https:\/\/www.liberation.fr\/international\/moyen-orient\/a-jerusalem-5-000-israeliens-pour-reconstruire-un-mouvement-pour-la-paix-20250509_QJHWRF3NDNG7PP74Y5YOCFZ7XA\/\">cessent imm\u00e9diatement<\/a>, que de l\u2019aide humanitaire soit apport\u00e9e \u00e0 la population civile \u00e9puis\u00e9e et que tous les otages soient lib\u00e9r\u00e9s\u00bb.<\/p>\n<p class=\"sc-ksZaOG ehjQrN text-element\">\u00abJ\u2019ai accueilli, en revanche, avec satisfaction l\u2019annonce du cessez-le-feu entre <a href=\"https:\/\/www.liberation.fr\/international\/asie-pacifique\/le-pakistan-frappe-linde-en-riposte-a-des-missiles-tires-contre-islamabad-20250510_KBJI2EGW7VCMVP7KLQF5DWM2WQ\/\" target=\"_blank\" rel=\"noopener\" title=\"https:\/\/www.liberation.fr\/international\/asie-pacifique\/le-pakistan-frappe-linde-en-riposte-a-des-missiles-tires-contre-islamabad-20250510_KBJI2EGW7VCMVP7KLQF5DWM2WQ\/\">l\u2019Inde et le Pakistan,<\/a> et j\u2019esp\u00e8re qu\u2019\u00e0 travers les prochains pourparlers, un accord durable pourra \u00eatre rapidement atteint\u00bb, a-t-il ajout\u00e9. Apr\u00e8s des accusations de violations du cessez-le-feu, le calme semble bel et bien revenu ce dimanche entre les deux pays.<\/p>\n<p class=\"sc-ksZaOG ehjQrN text-element\">Islamabad avait annonc\u00e9 samedi 10 mai l\u2019arr\u00eat des combats apr\u00e8s quatre jours de confrontation militaire entre les deux puissances nucl\u00e9aires, mais des d\u00e9tonations avaient \u00e9t\u00e9 entendues de part et d\u2019autre de la fronti\u00e8re dans la soir\u00e9e.<\/p>\n","protected":false},"excerpt":{"rendered":"Th\u00e9oricien de la \u00abguerre juste\u00bb, Saint-Augustin est la figure tut\u00e9laire du nouveau pape, L\u00e9on XIV. Pas \u00e9tonnant donc&hellip;\n","protected":false},"author":2,"featured_media":93287,"comment_status":"","ping_status":"","sticky":false,"template":"","format":"standard","meta":{"footnotes":""},"categories":[1590],"tags":[11,1777,674,3517,3523,12,3518,18469,220,297,4193],"class_list":{"0":"post-93286","1":"post","2":"type-post","3":"status-publish","4":"format-standard","5":"has-post-thumbnail","7":"category-ukraine","8":"tag-actualites","9":"tag-eu","10":"tag-europe","11":"tag-gaza-l-escalade","12":"tag-israel-palestine-conflit","13":"tag-news","14":"tag-palestine","15":"tag-pape-apres-benoit-xvi","16":"tag-ukraine","17":"tag-ukraine-la-crise","18":"tag-vatican"},"share_on_mastodon":{"url":"https:\/\/pubeurope.com\/@fr\/114492805332689698","error":""},"_links":{"self":[{"href":"https:\/\/www.europesays.com\/fr\/wp-json\/wp\/v2\/posts\/93286","targetHints":{"allow":["GET"]}}],"collection":[{"href":"https:\/\/www.europesays.com\/fr\/wp-json\/wp\/v2\/posts"}],"about":[{"href":"https:\/\/www.europesays.com\/fr\/wp-json\/wp\/v2\/types\/post"}],"author":[{"embeddable":true,"href":"https:\/\/www.europesays.com\/fr\/wp-json\/wp\/v2\/users\/2"}],"replies":[{"embeddable":true,"href":"https:\/\/www.europesays.com\/fr\/wp-json\/wp\/v2\/comments?post=93286"}],"version-history":[{"count":0,"href":"https:\/\/www.europesays.com\/fr\/wp-json\/wp\/v2\/posts\/93286\/revisions"}],"wp:featuredmedia":[{"embeddable":true,"href":"https:\/\/www.europesays.com\/fr\/wp-json\/wp\/v2\/media\/93287"}],"wp:attachment":[{"href":"https:\/\/www.europesays.com\/fr\/wp-json\/wp\/v2\/media?parent=93286"}],"wp:term":[{"taxonomy":"category","embeddable":true,"href":"https:\/\/www.europesays.com\/fr\/wp-json\/wp\/v2\/categories?post=93286"},{"taxonomy":"post_tag","embeddable":true,"href":"https:\/\/www.europesays.com\/fr\/wp-json\/wp\/v2\/tags?post=93286"}],"curies":[{"name":"wp","href":"https:\/\/api.w.org\/{rel}","templated":true}]}}