{"id":93308,"date":"2025-05-12T03:56:09","date_gmt":"2025-05-12T03:56:09","guid":{"rendered":"https:\/\/www.europesays.com\/fr\/93308\/"},"modified":"2025-05-12T03:56:09","modified_gmt":"2025-05-12T03:56:09","slug":"limportant-cest-de-continuer-previent-moutet-apres-sa-qualification-en-8e-a-rome","status":"publish","type":"post","link":"https:\/\/www.europesays.com\/fr\/93308\/","title":{"rendered":"\u00abL&rsquo;important, c&rsquo;est de continuer\u00bb, pr\u00e9vient Moutet apr\u00e8s sa qualification en 8e \u00e0 Rome"},"content":{"rendered":"<p>Corentin Moutet s\u2019est impos\u00e9 face \u00e0 Holger Rune ce dimanche au troisi\u00e8me tour du Masters 1000 de Rome.<\/p>\n<p class=\"fig-paragraph\">Corentin Moutet,\u00a0<a href=\"http:\/\/www.lefigaro.fr\/sports\/tennis\/masters-1000-de-rome-moutet-ecoeure-rune-deux-francais-en-8e-de-finale-20250511\" data-fig-type=\"NewsFlash\" data-gtm-custom-categorie=\"navigation\" data-gtm-custom-action=\"crossclick\" data-gtm-custom-label=\"Contextuel\" data-gtm-event=\"customEventSPE\" data-fig-domain=\"LEFIGARO\" target=\"_blank\" rel=\"noopener\">vainqueur du N.10 mondial Holger Rune<\/a>\u00a0dimanche au Masters 1000 de Rome, ne veut pas se contenter d&rsquo;un 8e de finale: \u00abL&rsquo;important, c&rsquo;est de continuer\u00bb, a pr\u00e9venu le 83e mondial.<\/p>\n<p class=\"fig-paragraph\">\u00abC&rsquo;est la plus grosse victoire de ma carri\u00e8re en termes de classement, \u00e7a arrive apr\u00e8s quelques mois compliqu\u00e9s en termes de r\u00e9sultats, je suis donc content\u00bb, a d\u00e9clar\u00e9 le Parisien apr\u00e8s sa victoire 7-5, 5-7, 7-6 (7\/4) au terme du match le plus long (3h44) disput\u00e9 \u00e0 Rome depuis 2006. \u00abContre ce type de joueur, ce n&rsquo;est jamais fini, c&rsquo;est dur jusqu&rsquo;au bout pour gagner ces matches (&#8230;) Cela montre qu&rsquo;\u00e0 un moment, on ne sait jamais quand, mais de faire les choses bien, \u00e7a paye\u00bb, s&rsquo;est-il r\u00e9joui.<\/p>\n<p class=\"fig-paragraph\">Depuis le d\u00e9but de la saison, Moutet, dont le meilleur r\u00e9sultat \u00e9tait jusque-l\u00e0 en 2025 son 3e tour \u00e0 l&rsquo;Open d&rsquo;Australie, n&rsquo;avait pas encore encha\u00een\u00e9 trois victoires de suite. Il restait sur\u00a0<a href=\"http:\/\/www.lefigaro.fr\/sports\/tennis\/tennis-en-video-le-craquage-de-corentin-moutet-qui-fracasse-sa-raquette-a-madrid-20250424\" data-fig-type=\"NewsFlash\" data-gtm-custom-categorie=\"navigation\" data-gtm-custom-action=\"crossclick\" data-gtm-custom-label=\"Contextuel\" data-gtm-event=\"customEventSPE\" data-fig-domain=\"LEFIGARO\" target=\"_blank\" rel=\"noopener\">une \u00e9limination d&rsquo;entr\u00e9e lors du Masters 1000 de Madrid<\/a>\u00a0et avait chut\u00e9 d\u00e8s le 2e tour du tournoi d&rsquo;Aix-en-Provence, sur le circuit secondaire Challenger.<\/p>\n<p class=\"fig-paragraph\">En venant \u00e0 bout de Rune, Moutet s&rsquo;est offert \u00e0 26 ans et \u00e0 sa treizi\u00e8me tentative, sa premi\u00e8re victoire contre un joueur du Top 10. Il est d\u00e9j\u00e0 assur\u00e9 de progresser de neuf places au classement ATP (74e). \u00abQuand on bat des joueurs de ce niveau-l\u00e0, c&rsquo;est bon signe pour la suite, apr\u00e8s c&rsquo;est une victoire, l&rsquo;important c&rsquo;est de continuer, le tournoi continue\u00bb, a rappel\u00e9 Moutet\u00a0<a href=\"http:\/\/www.lefigaro.fr\/sports\/tennis\/roland-garros\/roland-garros-pas-de-quarts-pour-moutet-battu-par-sinner-malgre-un-excellent-premier-set-20240602\" data-fig-type=\"NewsFlash\" data-gtm-custom-categorie=\"navigation\" data-gtm-custom-action=\"crossclick\" data-gtm-custom-label=\"Contextuel\" data-gtm-event=\"customEventSPE\" data-fig-domain=\"LEFIGARO\" target=\"_blank\" rel=\"noopener\">qui avait atteint les 8e de finale \u00e0 Roland-Garros en 2024<\/a>, avant d&rsquo;\u00eatre battu par l&rsquo;Italien Jannik Sinner (2-6, 6-3, 6-2, 6-1).<\/p>\n<p class=\"fig-paragraph\">Son prochain adversaire \u00e0 Rome mardi est la r\u00e9v\u00e9lation de la saison, le Britannique Jack Draper, 5e mondial apr\u00e8s avoir remport\u00e9 le Masters 1000 d&rsquo;Indian Wells et\u00a0<a href=\"http:\/\/www.lefigaro.fr\/sports\/tennis\/tennis-ruud-remporte-son-premier-masters-1000-a-madrid-20250504\" data-fig-type=\"NewsFlash\" data-gtm-custom-categorie=\"navigation\" data-gtm-custom-action=\"crossclick\" data-gtm-custom-label=\"Contextuel\" data-gtm-event=\"customEventSPE\" data-fig-domain=\"LEFIGARO\" target=\"_blank\" rel=\"noopener\">atteint la finale \u00e0 Madrid<\/a>. \u00abIl va falloir jouer tr\u00e8s bien contre lui, c&rsquo;est un tr\u00e8s bon joueur, il va bien falloir pr\u00e9parer ce match\u00bb, a-t-il conclu.<\/p>\n","protected":false},"excerpt":{"rendered":"Corentin Moutet s\u2019est impos\u00e9 face \u00e0 Holger Rune ce dimanche au troisi\u00e8me tour du Masters 1000 de Rome.&hellip;\n","protected":false},"author":2,"featured_media":93309,"comment_status":"","ping_status":"","sticky":false,"template":"","format":"standard","meta":{"footnotes":""},"categories":[1415],"tags":[47,4169,525,1981,16961,4178,4179,1011,27,1114,3996,4177,4176,4174,4175,1980,4171,3499,60,1467,4172,4173,4170],"class_list":{"0":"post-93308","1":"post","2":"type-post","3":"status-publish","4":"format-standard","5":"has-post-thumbnail","7":"category-tennis","8":"tag-actualite","9":"tag-atp","10":"tag-calendrier","11":"tag-classement","12":"tag-corentin-moutet","13":"tag-coupe-davis","14":"tag-fed-cup","15":"tag-fr","16":"tag-france","17":"tag-infos","18":"tag-jeux-olympiques","19":"tag-masters-1000","20":"tag-masters-500","21":"tag-masters-series","22":"tag-open-daustralie","23":"tag-resultats","24":"tag-roland-garros","25":"tag-rome","26":"tag-sports","27":"tag-tennis","28":"tag-us-open","29":"tag-wimbledon","30":"tag-wta"},"share_on_mastodon":{"url":"https:\/\/pubeurope.com\/@fr\/114492852380095862","error":""},"_links":{"self":[{"href":"https:\/\/www.europesays.com\/fr\/wp-json\/wp\/v2\/posts\/93308","targetHints":{"allow":["GET"]}}],"collection":[{"href":"https:\/\/www.europesays.com\/fr\/wp-json\/wp\/v2\/posts"}],"about":[{"href":"https:\/\/www.europesays.com\/fr\/wp-json\/wp\/v2\/types\/post"}],"author":[{"embeddable":true,"href":"https:\/\/www.europesays.com\/fr\/wp-json\/wp\/v2\/users\/2"}],"replies":[{"embeddable":true,"href":"https:\/\/www.europesays.com\/fr\/wp-json\/wp\/v2\/comments?post=93308"}],"version-history":[{"count":0,"href":"https:\/\/www.europesays.com\/fr\/wp-json\/wp\/v2\/posts\/93308\/revisions"}],"wp:featuredmedia":[{"embeddable":true,"href":"https:\/\/www.europesays.com\/fr\/wp-json\/wp\/v2\/media\/93309"}],"wp:attachment":[{"href":"https:\/\/www.europesays.com\/fr\/wp-json\/wp\/v2\/media?parent=93308"}],"wp:term":[{"taxonomy":"category","embeddable":true,"href":"https:\/\/www.europesays.com\/fr\/wp-json\/wp\/v2\/categories?post=93308"},{"taxonomy":"post_tag","embeddable":true,"href":"https:\/\/www.europesays.com\/fr\/wp-json\/wp\/v2\/tags?post=93308"}],"curies":[{"name":"wp","href":"https:\/\/api.w.org\/{rel}","templated":true}]}}