{"id":93310,"date":"2025-05-12T03:58:08","date_gmt":"2025-05-12T03:58:08","guid":{"rendered":"https:\/\/www.europesays.com\/fr\/93310\/"},"modified":"2025-05-12T03:58:08","modified_gmt":"2025-05-12T03:58:08","slug":"harley-davidson-rejoint-motogp-avec-un-nouveau-championnat-en-2026","status":"publish","type":"post","link":"https:\/\/www.europesays.com\/fr\/93310\/","title":{"rendered":"Harley-Davidson rejoint MotoGP avec un nouveau championnat en 2026."},"content":{"rendered":"<p>D\u00e8s l\u2019ann\u00e9e prochaine, Harley-Davidson fera officiellement son entr\u00e9e dans le paddock de MotoGP avec la cr\u00e9ation d\u2019une nouvelle cat\u00e9gorie r\u00e9serv\u00e9e aux baggers \u2013 qui se d\u00e9roulera dans le cadre du programme lors de certains Grands Prix.<\/p>\n<p>Il y aura six manches, en Europe et en Am\u00e9rique du Nord. Le championnat est une s\u00e9rie monomarque Harley-Davidson, avec des pilotes courant sur des mod\u00e8les Road Glide pr\u00e9par\u00e9s pour la comp\u00e9tition. Chaque manche comportera deux courses.<\/p>\n<p>On s\u2019attend \u00e0 ce qu\u2019il y ait de six \u00e0 huit \u00e9quipes de deux pilotes, avec un soutien direct de Harley-Davidson Factory Racing. Les motos produisent plus de 200 ch et 245 Nm de couple, pesant environ 280 kg.<\/p>\n<p>Jochen Zeitz, Pr\u00e9sident et PDG de Harley-Davidson, a d\u00e9clar\u00e9 : \u2018C\u2019est un nouveau pas audacieux pour les ambitions de course mondiales de Harley-Davidson. Harley-Davidson a \u00e9t\u00e9 pionnier de la performance sur route et hors route depuis nos d\u00e9buts il y a plus de 120 ans. Plus r\u00e9cemment, nous avons mis en avant la performance \u00e0 travers notre course dans la s\u00e9rie MotoAmerica Mission King of the Baggers et \u00e0 travers des produits diff\u00e9renci\u00e9s par la performance tels que notre nouvelle moto CVO RR et notre CVO Road Glide ST. Nous avons vu comment la performance a r\u00e9sonn\u00e9 avec les pilotes et les fans, et nous savons qu\u2019ils en veulent plus. Avec cette nouvelle s\u00e9rie, nous sommes ravis d\u2019apporter une nouvelle forme de course sur la sc\u00e8ne mondiale. Ce n\u2019est pas seulement un chapitre audacieux et nouveau pour notre marque, c\u00e9l\u00e9brant notre h\u00e9ritage tout en nous projetant dans l\u2019avenir, mais cela ajoutera un spectacle incroyable au plus grand spectacle de moto au monde\u2019.<\/p>\n<p>Du c\u00f4t\u00e9 de Dorna, le PDG Carmelo Ezpeleta a accueilli Harley-Davidson : \u2018Cette collaboration avec Harley-Davidson est une opportunit\u00e9 passionnante pour les deux parties. Nous offrons une v\u00e9ritable plateforme internationale pour que Harley-Davidson puisse \u00e9largir sa port\u00e9e mondiale, et Harley-Davidson est parfaitement positionn\u00e9 pour se joindre \u00e0 nous afin d\u2019amener notre sport \u00e0 de nouveaux publics alors que nous collaborons avec l\u2019une des marques de style de vie les plus embl\u00e9matiques des \u00c9tats-Unis. Ce partenariat a un grand potentiel pour nos deux strat\u00e9gies et offrira un v\u00e9ritable spectacle aux fans, apportant une saveur compl\u00e8tement nouvelle aux week-ends de Grand Prix o\u00f9 la s\u00e9rie va concourir\u2019.<\/p>\n","protected":false},"excerpt":{"rendered":"D\u00e8s l\u2019ann\u00e9e prochaine, Harley-Davidson fera officiellement son entr\u00e9e dans le paddock de MotoGP avec la cr\u00e9ation d\u2019une nouvelle&hellip;\n","protected":false},"author":2,"featured_media":93311,"comment_status":"","ping_status":"","sticky":false,"template":"","format":"standard","meta":{"footnotes":""},"categories":[1413],"tags":[1011,27,20554,1457,1456,1458,60],"class_list":{"0":"post-93310","1":"post","2":"type-post","3":"status-publish","4":"format-standard","5":"has-post-thumbnail","7":"category-moto","8":"tag-fr","9":"tag-france","10":"tag-harley-davidson","11":"tag-moto","12":"tag-motocycle","13":"tag-motogp","14":"tag-sports"},"share_on_mastodon":{"url":"https:\/\/pubeurope.com\/@fr\/114492860226516974","error":""},"_links":{"self":[{"href":"https:\/\/www.europesays.com\/fr\/wp-json\/wp\/v2\/posts\/93310","targetHints":{"allow":["GET"]}}],"collection":[{"href":"https:\/\/www.europesays.com\/fr\/wp-json\/wp\/v2\/posts"}],"about":[{"href":"https:\/\/www.europesays.com\/fr\/wp-json\/wp\/v2\/types\/post"}],"author":[{"embeddable":true,"href":"https:\/\/www.europesays.com\/fr\/wp-json\/wp\/v2\/users\/2"}],"replies":[{"embeddable":true,"href":"https:\/\/www.europesays.com\/fr\/wp-json\/wp\/v2\/comments?post=93310"}],"version-history":[{"count":0,"href":"https:\/\/www.europesays.com\/fr\/wp-json\/wp\/v2\/posts\/93310\/revisions"}],"wp:featuredmedia":[{"embeddable":true,"href":"https:\/\/www.europesays.com\/fr\/wp-json\/wp\/v2\/media\/93311"}],"wp:attachment":[{"href":"https:\/\/www.europesays.com\/fr\/wp-json\/wp\/v2\/media?parent=93310"}],"wp:term":[{"taxonomy":"category","embeddable":true,"href":"https:\/\/www.europesays.com\/fr\/wp-json\/wp\/v2\/categories?post=93310"},{"taxonomy":"post_tag","embeddable":true,"href":"https:\/\/www.europesays.com\/fr\/wp-json\/wp\/v2\/tags?post=93310"}],"curies":[{"name":"wp","href":"https:\/\/api.w.org\/{rel}","templated":true}]}}