{"id":93315,"date":"2025-05-12T04:01:09","date_gmt":"2025-05-12T04:01:09","guid":{"rendered":"https:\/\/www.europesays.com\/fr\/93315\/"},"modified":"2025-05-12T04:01:09","modified_gmt":"2025-05-12T04:01:09","slug":"psg-la-decision-inattendue-de-luis-enrique-pour-bradley-barcola","status":"publish","type":"post","link":"https:\/\/www.europesays.com\/fr\/93315\/","title":{"rendered":"PSG, la d\u00e9cision inattendue de Luis Enrique pour Bradley Barcola"},"content":{"rendered":"<p data-testid=\"article-teaser\">L\u2019entraineur du PSG, Luis Enrique, a tranch\u00e9 pour l\u2019avenir de Bradley Barcola dans la capitale fran\u00e7aise.<\/p>\n<p>Malgr\u00e9 une saison impressionnante sur le plan statistique, Bradley Barcola pourrait bien faire ses valises cet \u00e9t\u00e9. <a href=\"https:\/\/www.goal.com\/fr\/listes\/psg-la-decision-inattendue-de-bradley-barcola-pour-son-avenir\/blt205809e5b7dded4e\" target=\"_self\" rel=\"noopener\">L\u2019ailier du Paris Saint-Germain, longtemps consid\u00e9r\u00e9 comme un futur cadre du projet parisien, voit son avenir remis en question<\/a>. Selon la presse espagnole, Luis Enrique ne serait pas oppos\u00e9 \u00e0 un d\u00e9part de l\u2019international fran\u00e7ais, et plusieurs clubs, dont le FC Barcelone, flairent d\u00e9j\u00e0 l\u2019opportunit\u00e9. Entre performances en d\u00e9clin et concurrence f\u00e9roce, la d\u00e9cision du coach parisien pourrait bien bouleverser le mercato du PSG.<\/p>\n<p>L&rsquo;article continue ci-dessous<\/p>\n","protected":false},"excerpt":{"rendered":"L\u2019entraineur du PSG, Luis Enrique, a tranch\u00e9 pour l\u2019avenir de Bradley Barcola dans la capitale fran\u00e7aise. Malgr\u00e9 une&hellip;\n","protected":false},"author":2,"featured_media":93316,"comment_status":"","ping_status":"","sticky":false,"template":"","format":"standard","meta":{"footnotes":""},"categories":[1410],"tags":[4428,15790,5695,63,1011,27,19317,66,921,1434,91,20556,60],"class_list":{"0":"post-93315","1":"post","2":"type-post","3":"status-publish","4":"format-standard","5":"has-post-thumbnail","7":"category-football","8":"tag-aj-auxerre","9":"tag-b-barcola","10":"tag-fc-barcelone","11":"tag-football","12":"tag-fr","13":"tag-france","14":"tag-laliga","15":"tag-ligue-1","16":"tag-luis-enrique","17":"tag-mercato","18":"tag-paris-saint-germain","19":"tag-paris-saint-germain-vs-aj-auxerre","20":"tag-sports"},"share_on_mastodon":{"url":"https:\/\/pubeurope.com\/@fr\/114492872030058388","error":""},"_links":{"self":[{"href":"https:\/\/www.europesays.com\/fr\/wp-json\/wp\/v2\/posts\/93315","targetHints":{"allow":["GET"]}}],"collection":[{"href":"https:\/\/www.europesays.com\/fr\/wp-json\/wp\/v2\/posts"}],"about":[{"href":"https:\/\/www.europesays.com\/fr\/wp-json\/wp\/v2\/types\/post"}],"author":[{"embeddable":true,"href":"https:\/\/www.europesays.com\/fr\/wp-json\/wp\/v2\/users\/2"}],"replies":[{"embeddable":true,"href":"https:\/\/www.europesays.com\/fr\/wp-json\/wp\/v2\/comments?post=93315"}],"version-history":[{"count":0,"href":"https:\/\/www.europesays.com\/fr\/wp-json\/wp\/v2\/posts\/93315\/revisions"}],"wp:featuredmedia":[{"embeddable":true,"href":"https:\/\/www.europesays.com\/fr\/wp-json\/wp\/v2\/media\/93316"}],"wp:attachment":[{"href":"https:\/\/www.europesays.com\/fr\/wp-json\/wp\/v2\/media?parent=93315"}],"wp:term":[{"taxonomy":"category","embeddable":true,"href":"https:\/\/www.europesays.com\/fr\/wp-json\/wp\/v2\/categories?post=93315"},{"taxonomy":"post_tag","embeddable":true,"href":"https:\/\/www.europesays.com\/fr\/wp-json\/wp\/v2\/tags?post=93315"}],"curies":[{"name":"wp","href":"https:\/\/api.w.org\/{rel}","templated":true}]}}