{"id":93323,"date":"2025-05-12T04:05:10","date_gmt":"2025-05-12T04:05:10","guid":{"rendered":"https:\/\/www.europesays.com\/fr\/93323\/"},"modified":"2025-05-12T04:05:10","modified_gmt":"2025-05-12T04:05:10","slug":"un-climat-de-peur-dans-les-coulisses-bien-sur-que-un-chroniqueur-raconte","status":"publish","type":"post","link":"https:\/\/www.europesays.com\/fr\/93323\/","title":{"rendered":"un climat de peur dans les coulisses ? \u201cBien s\u00fbr que\u2026\u201d, un chroniqueur raconte"},"content":{"rendered":"<p>Il y a quelques semaines, un article paru dans Marianne a cr\u00e9\u00e9 une v\u00e9ritable bombe concernant les coulisses de C \u00e0 Vous. On pouvait lire les t\u00e9moignages d\u2019anciens ou actuels employ\u00e9s, qui d\u00e9crivaient un climat de travail assez malsain. On pouvait lire qu\u2019une personne avait \u00e9t\u00e9 licenci\u00e9e \u201cde mani\u00e8re humiliante\u201d et que depuis un \u201cclimat de peur\u201d, r\u00e9gnait dans les locaux. Qu\u2019en est-il de <strong>l\u2019ambiance sur le plateau ?<\/strong> Les sourires des chroniqueurs sont-ils r\u00e9ellement faux ? Voici la r\u00e9ponse de l\u2019un d\u2019entre eux, aux premi\u00e8res loges de la sc\u00e8ne.<\/p>\n<p>Y\u2019a t-il une bonne ambiance sur le plateau de C \u00e0 Vous ?<\/p>\n<p>Dimanche 11 mai, <strong>Pierre Lescure<\/strong> a accord\u00e9 une longue interview \u00e0 la Tribune du dimanche. En effet, tout au long de la 78\u00e8me \u00e9dition du Festival de Cannes, ce chroniqueur historique de C \u00e0 Vous sera quotidiennement \u00e0 l\u2019antenne dans le cadre de l&rsquo;\u00e9v\u00e9nement. Nos confr\u00e8res en ont profit\u00e9 pour l&rsquo;interroger sur les coulisses de l\u2019\u00e9mission, en r\u00e9action aux r\u00e9centes r\u00e9v\u00e9lations faites par Marianne. Visiblement, il ne semble pas tout \u00e0 fait en accord avec ce qu\u2019il s\u2019est dit : \u201cCes articles sont bas\u00e9s sur quelques t\u00e9moignages anonymes de personnes qui ne sont visiblement pas dans les murs et ne refl\u00e8tent pas du tout l\u2019ambiance dans la r\u00e9daction. Bien s\u00fbr que <strong>fabriquer une \u00e9mission quotidienne peut \u00eatre usant,<\/strong> mais<strong> la bonne humeur \u00e0 l\u2019antenne n\u2019est pas feinte<\/strong>\u201d. Selon lui, les sourires affich\u00e9s en plateau ne sont donc (&#8230;)<\/p>\n<p><a href=\"https:\/\/www.closermag.fr\/tv_tele_realite\/c-a-vous-un-climat-de-peur-dans-les-coulisses-bien-sur-que-un-chroniqueur-raconte-3543740\" rel=\"nofollow noopener\" target=\"_blank\" data-ylk=\"slk:Lire la suite sur Closer;elm:context_link;itc:0;sec:content-canvas\" class=\"link \">Lire la suite sur Closer<\/a><\/p>\n<p><a href=\"https:\/\/www.closermag.fr\/vecu\/temoignage-les-bras-de-notre-jeune-garcon-ont-cesse-de-fonctionner-maintenant-il-est-coince-a-lhopital-3543770\" rel=\"nofollow noopener\" target=\"_blank\" data-ylk=\"slk:T\u00c9MOIGNAGE. &quot;Les bras de notre jeune gar\u00e7on ont cess\u00e9 de fonctionner, maintenant il est coinc\u00e9 \u00e0 l&#039;h\u00f4pital&quot;;elm:context_link;itc:0;sec:content-canvas\" class=\"link \">T\u00c9MOIGNAGE. \u00ab\u00a0Les bras de notre jeune gar\u00e7on ont cess\u00e9 de fonctionner, maintenant il est coinc\u00e9 \u00e0 l&rsquo;h\u00f4pital\u00a0\u00bb<\/a><br \/><a href=\"https:\/\/www.closermag.fr\/royautes\/harry-en-mode-cowboy-archie-et-lilibet-sont-toujours-dans-sa-tete-au-sens-propre-3543765\" rel=\"nofollow noopener\" target=\"_blank\" data-ylk=\"slk:Harry en mode cowboy : Archie et Lilibet sont toujours dans sa t\u00eate, au sens propre !;elm:context_link;itc:0;sec:content-canvas\" class=\"link \">Harry en mode cowboy : Archie et Lilibet sont toujours dans sa t\u00eate, au sens propre !<\/a><br \/><a href=\"https:\/\/www.closermag.fr\/people\/stephane-plaza-place-en-garde-a-vue-contrairement-a-ce-quaffirment-ses-avocats-sa-defense-mise-a-mal-3543760\" rel=\"nofollow noopener\" target=\"_blank\" data-ylk=\"slk:St\u00e9phane Plaza plac\u00e9 en garde \u00e0 vue : \u201ccontrairement \u00e0 ce qu\u2019affirment ses avocats\u2026\u201d, sa d\u00e9fense mise \u00e0 mal;elm:context_link;itc:0;sec:content-canvas\" class=\"link \">St\u00e9phane Plaza plac\u00e9 en garde \u00e0 vue : \u201ccontrairement \u00e0 ce qu\u2019affirment ses avocats\u2026\u201d, sa d\u00e9fense mise \u00e0 mal<\/a><br \/><a href=\"https:\/\/www.closermag.fr\/vecu\/pleine-lune-du-12-mai-ce-signe-pourrait-bien-surprendre-tout-son-entourage-3543758\" rel=\"nofollow noopener\" target=\"_blank\" data-ylk=\"slk:Pleine Lune du 12 mai : ce signe pourrait bien surprendre tout son entourage;elm:context_link;itc:0;sec:content-canvas\" class=\"link \">Pleine Lune du 12 mai : ce signe pourrait bien surprendre tout son entourage<\/a><br \/><a href=\"https:\/\/www.closermag.fr\/royautes\/le-sel-des-frites-meghan-markle-avec-archie-et-lilibet-pour-la-fete-des-meres-et-ca-vaut-le-detour-3543755\" rel=\"nofollow noopener\" target=\"_blank\" data-ylk=\"slk:\u201cLe sel des frites\u201d : Meghan Markle avec Archie et Lilibet pour la f\u00eate des m\u00e8res et \u00e7a vaut le d\u00e9tour;elm:context_link;itc:0;sec:content-canvas\" class=\"link \">\u201cLe sel des frites\u201d : Meghan Markle avec Archie et Lilibet pour la f\u00eate des m\u00e8res et \u00e7a vaut le d\u00e9tour<\/a><\/p>\n","protected":false},"excerpt":{"rendered":"Il y a quelques semaines, un article paru dans Marianne a cr\u00e9\u00e9 une v\u00e9ritable bombe concernant les coulisses&hellip;\n","protected":false},"author":2,"featured_media":93324,"comment_status":"","ping_status":"","sticky":false,"template":"","format":"standard","meta":{"footnotes":""},"categories":[1356],"tags":[58,59,1011,27,20559,20557,20558,252,1364],"class_list":{"0":"post-93323","1":"post","2":"type-post","3":"status-publish","4":"format-standard","5":"has-post-thumbnail","7":"category-television","8":"tag-divertissement","9":"tag-entertainment","10":"tag-fr","11":"tag-france","12":"tag-les-coulisses","13":"tag-marianne","14":"tag-pierre-lescure","15":"tag-television","16":"tag-tv"},"share_on_mastodon":{"url":"https:\/\/pubeurope.com\/@fr\/114492887722120280","error":""},"_links":{"self":[{"href":"https:\/\/www.europesays.com\/fr\/wp-json\/wp\/v2\/posts\/93323","targetHints":{"allow":["GET"]}}],"collection":[{"href":"https:\/\/www.europesays.com\/fr\/wp-json\/wp\/v2\/posts"}],"about":[{"href":"https:\/\/www.europesays.com\/fr\/wp-json\/wp\/v2\/types\/post"}],"author":[{"embeddable":true,"href":"https:\/\/www.europesays.com\/fr\/wp-json\/wp\/v2\/users\/2"}],"replies":[{"embeddable":true,"href":"https:\/\/www.europesays.com\/fr\/wp-json\/wp\/v2\/comments?post=93323"}],"version-history":[{"count":0,"href":"https:\/\/www.europesays.com\/fr\/wp-json\/wp\/v2\/posts\/93323\/revisions"}],"wp:featuredmedia":[{"embeddable":true,"href":"https:\/\/www.europesays.com\/fr\/wp-json\/wp\/v2\/media\/93324"}],"wp:attachment":[{"href":"https:\/\/www.europesays.com\/fr\/wp-json\/wp\/v2\/media?parent=93323"}],"wp:term":[{"taxonomy":"category","embeddable":true,"href":"https:\/\/www.europesays.com\/fr\/wp-json\/wp\/v2\/categories?post=93323"},{"taxonomy":"post_tag","embeddable":true,"href":"https:\/\/www.europesays.com\/fr\/wp-json\/wp\/v2\/tags?post=93323"}],"curies":[{"name":"wp","href":"https:\/\/api.w.org\/{rel}","templated":true}]}}