{"id":93330,"date":"2025-05-12T04:11:08","date_gmt":"2025-05-12T04:11:08","guid":{"rendered":"https:\/\/www.europesays.com\/fr\/93330\/"},"modified":"2025-05-12T04:11:08","modified_gmt":"2025-05-12T04:11:08","slug":"non-cest-bon-la-lea-salame-stoppe-net-paul-de-saint-sernin","status":"publish","type":"post","link":"https:\/\/www.europesays.com\/fr\/93330\/","title":{"rendered":"\u00ab\u00a0Non, c\u2019est bon l\u00e0 !\u00a0\u00bb, L\u00e9a Salam\u00e9 stoppe net Paul de Saint Sernin"},"content":{"rendered":"<p>      R\u00e9sum\u00e9<\/p>\n<p>L\u00e9a Salam\u00e9 a rapidement interrompu Paul de Saint Sernin lorsqu&rsquo;il a tent\u00e9 de relancer une pol\u00e9mique lors d&rsquo;une \u00e9mission, provoquant l&rsquo;amusement des invit\u00e9s.<\/p>\n<p>        Sommaire<\/p>\n<p><strong>Quelle semaine pour L\u00e9a Salam\u00e9<\/strong> ! Pendant plusieurs jours, les blagues de Paul de Saint Sernin le 3 mai dernier ont provoqu\u00e9 bien des pol\u00e9miques. Apr\u00e8s avoir dit \u00e0 Louis Sarkozy <a href=\"https:\/\/vsd.fr\/79878-louis-sarkozy-sen-prend-a-paul-de-saint-sernin-sur-x-apres-avoir-quitte-le-plateau-de-lea-salame\/\" rel=\"nofollow noopener\" target=\"_blank\">que \u00ab\u00a0(son) p\u00e8re (\u00e9tait) un voleur\u00a0\u00bb<\/a>, le sniper s&rsquo;en \u00e9tait <a href=\"https:\/\/www.public.fr\/malaise-sur-le-plateau-de-quelle-epoque-apres-une-vanne-de-paul-de-saint-sernin-a-nicolas-bedos\" rel=\"nofollow noopener\" target=\"_blank\">aussi pris avec Nicolas Bedos<\/a>, en lui rappelant, bien plus froidement, le principe du consentement. Si cette sortie avait \u00e9t\u00e9 applaudie par beaucoup, celle visant Louis Sarkozy avait \u00e9t\u00e9 jug\u00e9e gratuite et insultante. <\/p>\n<p>R\u00e9sultat, <a href=\"https:\/\/www.public.fr\/thierry-ardisson-et-apolline-de-malherbe-le-lien-tres-particulier-qui-les-lie-depuis-plus-de-40-ans\" rel=\"nofollow noopener\" target=\"_blank\">ce samedi 10 mai 2025<\/a>, Paul de Saint Sernin <strong>\u00e9tait in\u00e9vitablement attendu au tournant<\/strong> ! Mais \u00e9gal \u00e0 lui-m\u00eame, l&rsquo;humoriste et commentateur sportif n&rsquo;a pas pu s&#8217;emp\u00eacher de profiter du photocall d&rsquo;Apolline de Malherbe pour renvoyer une nouvelle pique \u00e0 Louis Sarkozy&#8230; Mais L\u00e9a Salam\u00e9 a veill\u00e9 au grain, et <strong>lui a de suite mis un stop, dans l&rsquo;hilarit\u00e9 g\u00e9n\u00e9rale<\/strong>.<\/p>\n<p>L\u00e9a Salam\u00e9 a-t-elle d\u00e9nich\u00e9 \u00ab\u00a0l&rsquo;h\u00e9ritier de Laurent Baffie\u00a0\u00bb ?<\/p>\n<p>En effet, alors qu&rsquo;Apolline de Malherbe \u00e9tait interrog\u00e9e sur Louis Sarkozy et sur la probabilit\u00e9 qu&rsquo;il se pr\u00e9sente aux municipales 2026, Paul de Saint Sernin n&rsquo;a pas pu s&#8217;emp\u00eacher de r\u00e9agir. <strong>\u00ab\u00a0L\u00e9a, tu sais que ton p\u00e8re, c&rsquo;est un voleur ?\u00a0\u00bb <\/strong>a-t-il os\u00e9. Mais L\u00e9a Salam\u00e9 l&rsquo;a vite rattrap\u00e9 au vol : <strong>\u00ab\u00a0Non, c&rsquo;est bon l\u00e0 ! Tu m&rsquo;as fait assez d&#8217;emm***** cette semaine\u00a0\u00bb<\/strong>.<\/p>\n<p>Les invit\u00e9s en plateau, tous unanimes, ont tenu \u00e0 saluer le courage de Paul de Saint Sernin. Thierry Ardisson est m\u00eame all\u00e9 plus loin, en assurant que le sniper \u00e9tait <strong>le digne h\u00e9ritier de Laurent Baffie<\/strong>. \u00ab\u00a0Je l&rsquo;ai vu en arrivant, je lui ai dit que l&rsquo;histoire du consentement avec Bedos, c&rsquo;est formidable. Je suis moins s\u00fbr de l&rsquo;histoire du fils de Sarkozy, <strong>mais le consentement, j&rsquo;ai trouv\u00e9 \u00e7a \u00e9vident, clair, c&rsquo;est formidable<\/strong>\u00a0\u00bb a-t-il ainsi d\u00e9clar\u00e9.<\/p>\n<p>      Mentionn\u00e9s dans cet article<\/p>\n<p>\u00c0 lire aussi<\/p>\n","protected":false},"excerpt":{"rendered":"R\u00e9sum\u00e9 L\u00e9a Salam\u00e9 a rapidement interrompu Paul de Saint Sernin lorsqu&rsquo;il a tent\u00e9 de relancer une pol\u00e9mique lors&hellip;\n","protected":false},"author":2,"featured_media":93331,"comment_status":"","ping_status":"","sticky":false,"template":"","format":"standard","meta":{"footnotes":""},"categories":[8],"tags":[7213,12232,58,59,1011,27,3806,17927,16083,17798,1062,4495],"class_list":{"0":"post-93330","1":"post","2":"type-post","3":"status-publish","4":"format-standard","5":"has-post-thumbnail","7":"category-divertissement","8":"tag-blague","9":"tag-clash","10":"tag-divertissement","11":"tag-entertainment","12":"tag-fr","13":"tag-france","14":"tag-lea-salame","15":"tag-louis-sarkozy","16":"tag-nicolas-bedos","17":"tag-paul-de-saint-sernin","18":"tag-polemique","19":"tag-quelle-epoque"},"share_on_mastodon":{"url":"https:\/\/pubeurope.com\/@fr\/114492911326752015","error":""},"_links":{"self":[{"href":"https:\/\/www.europesays.com\/fr\/wp-json\/wp\/v2\/posts\/93330","targetHints":{"allow":["GET"]}}],"collection":[{"href":"https:\/\/www.europesays.com\/fr\/wp-json\/wp\/v2\/posts"}],"about":[{"href":"https:\/\/www.europesays.com\/fr\/wp-json\/wp\/v2\/types\/post"}],"author":[{"embeddable":true,"href":"https:\/\/www.europesays.com\/fr\/wp-json\/wp\/v2\/users\/2"}],"replies":[{"embeddable":true,"href":"https:\/\/www.europesays.com\/fr\/wp-json\/wp\/v2\/comments?post=93330"}],"version-history":[{"count":0,"href":"https:\/\/www.europesays.com\/fr\/wp-json\/wp\/v2\/posts\/93330\/revisions"}],"wp:featuredmedia":[{"embeddable":true,"href":"https:\/\/www.europesays.com\/fr\/wp-json\/wp\/v2\/media\/93331"}],"wp:attachment":[{"href":"https:\/\/www.europesays.com\/fr\/wp-json\/wp\/v2\/media?parent=93330"}],"wp:term":[{"taxonomy":"category","embeddable":true,"href":"https:\/\/www.europesays.com\/fr\/wp-json\/wp\/v2\/categories?post=93330"},{"taxonomy":"post_tag","embeddable":true,"href":"https:\/\/www.europesays.com\/fr\/wp-json\/wp\/v2\/tags?post=93330"}],"curies":[{"name":"wp","href":"https:\/\/api.w.org\/{rel}","templated":true}]}}