{"id":933314,"date":"2026-05-14T23:25:29","date_gmt":"2026-05-14T23:25:29","guid":{"rendered":"https:\/\/www.europesays.com\/fr\/933314\/"},"modified":"2026-05-14T23:25:29","modified_gmt":"2026-05-14T23:25:29","slug":"dji-osmo-pocket-4p-la-nouvelle-camera-double-objectif-annoncee-a-cannes-frandroid","status":"publish","type":"post","link":"https:\/\/www.europesays.com\/fr\/933314\/","title":{"rendered":"DJI Osmo Pocket 4P : la nouvelle cam\u00e9ra double objectif annonc\u00e9e \u00e0 Cannes \u2014 Frandroid"},"content":{"rendered":"<p>Apr\u00e8s sa cam\u00e9ra Osmo Pocket 4, DJI a profit\u00e9 du festival de Cannes pour pr\u00e9senter son nouveau mod\u00e8le dot\u00e9 de deux objectifs, la DJI Osmo Pocket 4P. <\/p>\n<p><a href=\"https:\/\/images.frandroid.com\/wp-content\/uploads\/2026\/05\/dji-osmo-pocket-4p-see-you-in-cannes.jpg\" target=\"_blank\" class=\"article-content__figure\" rel=\"nofollow noopener\"><img fetchpriority=\"high\" decoding=\"async\" loading=\"eager\" width=\"1200\" height=\"799\" src=\"https:\/\/www.europesays.com\/fr\/wp-content\/uploads\/2026\/05\/dji-osmo-pocket-4p-see-you-in-cannes.jpg\" alt=\"La DJI Osmo Pocket 4P\" class=\"wp-image-3098325 wp-image wp-image\"  \/><\/a>La DJI Osmo Pocket 4P \/\/ Source : DJI<\/p>\n<p>Ce n\u2019est plus r\u00e9ellement une surprise tant DJI avait multipli\u00e9 les teasers ces derni\u00e8res semaines et compte tenu des diff\u00e9rentes fuites. Moins d\u2019un mois apr\u00e8s l\u2019annonce de sa <a href=\"https:\/\/www.frandroid.com\/marques\/dji\/3066931_jai-teste-la-dji-osmo-pocket-4-et-jattends-deja-la-suite-avec-impatience\" rel=\"nofollow noopener\" target=\"_blank\">DJI Osmo Pocket 4<\/a>, le constructeur chinois a d\u00e9voil\u00e9, ce jeudi \u00e0 Cannes, un mod\u00e8le plus avanc\u00e9 encore, la DJI Osmo Pocket 4P. <\/p>\n<p class=\"shortcode-container see-more\">\n    Pour aller plus loin<br \/><a href=\"https:\/\/www.frandroid.com\/marques\/dji\/3066931_jai-teste-la-dji-osmo-pocket-4-et-jattends-deja-la-suite-avec-impatience\" rel=\"nofollow noopener\" target=\"_blank\">J\u2019ai test\u00e9 la DJI Osmo Pocket 4 et j\u2019attends d\u00e9j\u00e0 la suite avec impatience<\/a>\n            <\/p>\n<p>Comme les derni\u00e8res images le sugg\u00e9raient d\u00e9j\u00e0, la DJI Osmo Pocket 4P reprend le m\u00eame concept que l\u2019Osmo Pocket 4 \u2014 et l\u2019<a href=\"https:\/\/www.frandroid.com\/produits\/action-cam\/dji\/1836787-dji-osmo-pocket-3\" rel=\"nofollow noopener\" target=\"_blank\">Osmo Pocket 3<\/a> avant elle \u2014 \u00e0 savoir une cam\u00e9ra de vlog sur nacelle avec poign\u00e9e et possibilit\u00e9 de l\u2019orienter dans n\u2019importe quel sens. <\/p>\n<p>Une cam\u00e9ra orient\u00e9e vers les professionnels de la vid\u00e9o<\/p>\n<p>Cependant, l\u00e0 o\u00f9 la Pocket 4P se distingue, c\u2019est au niveau de la cam\u00e9ra. Elle est en effet \u00e9quip\u00e9e non pas d\u2019un seul module, mais de deux, dont les caract\u00e9ristiques n\u2019ont cependant pas encore \u00e9t\u00e9 pr\u00e9cis\u00e9es. <\/p>\n<p class=\"bottom-text\">                <a href=\"https:\/\/www.youtube.com\/watch?v=0fnWt483NGM\" target=\"_blank\" rel=\"nofollow noopener\">Lien YouTube<\/a>                                    <a href=\"https:\/\/www.youtube.com\/subscription_center?add_user=FrAndroidTube\" target=\"_blank\" rel=\"nofollow noopener\">S\u2019abonner \u00e0 Frandroid<\/a>                            <\/p>\n<p>                Ce contenu est bloqu\u00e9 car vous n\u2019avez pas accept\u00e9 les cookies et autres traceurs. Ce contenu est fourni par YouTube.<br \/>Pour pouvoir le visualiser, vous devez accepter l\u2019usage \u00e9tant op\u00e9r\u00e9 par YouTube avec vos donn\u00e9es qui pourront \u00eatre utilis\u00e9es pour les finalit\u00e9s suivantes : vous permettre de visualiser et de partager des contenus avec des m\u00e9dias sociaux, favoriser le d\u00e9veloppement et l\u2019am\u00e9lioration des produits d\u2019Humanoid et de ses partenaires, vous afficher des publicit\u00e9s personnalis\u00e9es par rapport \u00e0 votre profil et activit\u00e9, vous d\u00e9finir un profil publicitaire personnalis\u00e9, mesurer la performance des publicit\u00e9s et du contenu de ce site et mesurer l\u2019audience de ce site <a href=\"#\" class=\"js-privacy\" target=\"_blank\">(en savoir plus)<\/a>            <\/p>\n<p>                En cliquant sur \u00ab J\u2019accepte tout \u00bb, vous consentez aux finalit\u00e9s susmentionn\u00e9es pour l\u2019ensemble des cookies et autres traceurs d\u00e9pos\u00e9s par Humanoid et ses partenaires.            <\/p>\n<p>                Vous gardez la possibilit\u00e9 de retirer votre consentement \u00e0 tout moment. Pour plus d\u2019informations, nous vous invitons \u00e0 prendre connaissance de notre <a href=\"https:\/\/www.frandroid.com\/politique-cookies\" rel=\"nofollow noopener\" target=\"_blank\">Politique cookies<\/a>.            <\/p>\n<p>            J\u2019accepte tout        <\/p>\n<p class=\"embed-consent-overlay-manage-choices\">            G\u00e9rer mes choix        <\/p>\n<p>Tout juste DJI se contente-t-il d\u2019indiquer que sa cam\u00e9ra Osmo Pocket 4P proposera des \u00ab fonctions de zoom am\u00e9lior\u00e9es \u00bb, avec un objectif grand-angle et un t\u00e9l\u00e9objectif \u2014 avec zoom x3 comme l\u2019indiquait le teaser. La marque indique n\u00e9anmoins que sa cam\u00e9ra est \u00e9quip\u00e9e d\u2019un <a href=\"https:\/\/www.frandroid.com\/produits-android\/photo\/894453_tout-comprendre-des-capteurs-de-vos-appareils-photo-et-smartphones\" rel=\"nofollow noopener\" target=\"_blank\">capteur CMOS 1 pouce<\/a>.<\/p>\n<p><a href=\"https:\/\/images.frandroid.com\/wp-content\/uploads\/2026\/04\/test-dji-osmo-pocket-4-photo-41.jpeg\" target=\"_blank\" class=\"article-content__figure\" rel=\"nofollow noopener\"><img loading=\"lazy\" decoding=\"async\" width=\"1200\" height=\"900\" src=\"https:\/\/www.europesays.com\/fr\/wp-content\/uploads\/2026\/05\/test-dji-osmo-pocket-4-photo-41-1200x900.jpeg\" alt=\"DJI Osmo Pocket 4 pour illustration\" class=\"wp-image-3066993 wp-image\"  \/><\/a>DJI Osmo Pocket 4 pour illustration \/\/ Source : Maxime Grosjean pour Frandroid<\/p>\n<p>En outre, le constructeur chinois pr\u00e9cise que sa cam\u00e9ra propose une \u00ab plage dynamique de niveau cin\u00e9ma pour une profondeur tonale riche \u00bb et une \u00ab performance colorim\u00e9trique 10 bits D-Log2 \u00bb. DJI promet aussi une meilleure gestion des tons de peau et des \u00ab images claires et d\u00e9taill\u00e9es \u00bb en basse lumi\u00e8re. De quoi permettre une large retouche colorim\u00e9trique au moment de la post-production et adresser la cam\u00e9ra aux professionnels de l\u2019image, qu\u2019il s\u2019agisse de r\u00e9alisateurs, de documentaristes ou de cin\u00e9astes ind\u00e9pendants. <\/p>\n<p>Des caract\u00e9ristiques encore inconnues<\/p>\n<p>Pour l\u2019heure, on ignore encore quelles sont les caract\u00e9ristiques pr\u00e9cises de la DJI Osmo Pocket 4P, tout comme son prix de vente ou sa disponibilit\u00e9.<\/p>\n<p class=\"shortcode-container see-more\">\n    Pour aller plus loin<br \/><a href=\"https:\/\/www.frandroid.com\/marques\/dji\/3093605_dji-osmo-pocket-4p-contre-insta360-luna-ultra-le-prochain-duel-des-cameras-de-poche-a-double-capteur\" rel=\"nofollow noopener\" target=\"_blank\">DJI Osmo Pocket 4P contre Insta360 Luna Ultra : le prochain duel des cam\u00e9ras de poche \u00e0 double capteur<\/a>\n            <\/p>\n<p>Rappelons par ailleurs que DJI n\u2019est plus seul sur ce segment des cam\u00e9ras de vlog sur nacelle. Son concurrent Insta360 a d\u2019ores et d\u00e9j\u00e0 annonc\u00e9 travailler sur sa <a href=\"https:\/\/www.frandroid.com\/produits-android\/photo\/action-cam\/2975443_avec-cette-camera-pensee-pour-le-vlog-insta360-continue-de-provoquer-dji\" rel=\"nofollow noopener\" target=\"_blank\">gamme de cam\u00e9ras \u00ab Luna \u00bb<\/a> dont l\u2019annonce compl\u00e8te est attendue dans les prochaines semaines. <\/p>\n<p>Envie de retrouver les meilleurs articles de Frandroid sur Google News ? Vous pouvez suivre <strong><a href=\"https:\/\/news.google.com\/publications\/CAAqBggKMICKMDCuyQU?oc=3\" target=\"_blank\" rel=\"noopener null noreferrer nofollow\">Frandroid sur Google News<\/a> en un clic.<\/strong><\/p>\n","protected":false},"excerpt":{"rendered":"Apr\u00e8s sa cam\u00e9ra Osmo Pocket 4, DJI a profit\u00e9 du festival de Cannes pour pr\u00e9senter son nouveau mod\u00e8le&hellip;\n","protected":false},"author":2,"featured_media":933315,"comment_status":"","ping_status":"","sticky":false,"template":"","format":"standard","meta":{"footnotes":"","_share_on_mastodon":"0"},"categories":[7],"tags":[99111,1011,27,14357,43,40,41,39,42,44],"class_list":["post-933314","post","type-post","status-publish","format-standard","has-post-thumbnail","category-sciences-et-technologies","tag-dji-osmo-pocket-4p","tag-fr","tag-france","tag-officialisation","tag-science","tag-science-and-technology","tag-sciences","tag-sciences-et-technologies","tag-technologies","tag-technology"],"share_on_mastodon":{"url":"https:\/\/pubeurope.com\/@fr\/116575518447839831","error":""},"_links":{"self":[{"href":"https:\/\/www.europesays.com\/fr\/wp-json\/wp\/v2\/posts\/933314","targetHints":{"allow":["GET"]}}],"collection":[{"href":"https:\/\/www.europesays.com\/fr\/wp-json\/wp\/v2\/posts"}],"about":[{"href":"https:\/\/www.europesays.com\/fr\/wp-json\/wp\/v2\/types\/post"}],"author":[{"embeddable":true,"href":"https:\/\/www.europesays.com\/fr\/wp-json\/wp\/v2\/users\/2"}],"replies":[{"embeddable":true,"href":"https:\/\/www.europesays.com\/fr\/wp-json\/wp\/v2\/comments?post=933314"}],"version-history":[{"count":0,"href":"https:\/\/www.europesays.com\/fr\/wp-json\/wp\/v2\/posts\/933314\/revisions"}],"wp:featuredmedia":[{"embeddable":true,"href":"https:\/\/www.europesays.com\/fr\/wp-json\/wp\/v2\/media\/933315"}],"wp:attachment":[{"href":"https:\/\/www.europesays.com\/fr\/wp-json\/wp\/v2\/media?parent=933314"}],"wp:term":[{"taxonomy":"category","embeddable":true,"href":"https:\/\/www.europesays.com\/fr\/wp-json\/wp\/v2\/categories?post=933314"},{"taxonomy":"post_tag","embeddable":true,"href":"https:\/\/www.europesays.com\/fr\/wp-json\/wp\/v2\/tags?post=933314"}],"curies":[{"name":"wp","href":"https:\/\/api.w.org\/{rel}","templated":true}]}}