{"id":93336,"date":"2025-05-12T04:14:08","date_gmt":"2025-05-12T04:14:08","guid":{"rendered":"https:\/\/www.europesays.com\/fr\/93336\/"},"modified":"2025-05-12T04:14:08","modified_gmt":"2025-05-12T04:14:08","slug":"des-centaines-de-documents-nazis-decouverts-dans-les-archives-de-la-cour-supreme","status":"publish","type":"post","link":"https:\/\/www.europesays.com\/fr\/93336\/","title":{"rendered":"Des centaines de documents nazis d\u00e9couverts dans les archives de la Cour supr\u00eame"},"content":{"rendered":"<p>L\u2019<a href=\"https:\/\/www.20minutes.fr\/dossier\/argentine\" target=\"_blank\" class=\"color-ultramarine c-link\" rel=\"nofollow noopener\">Argentine<\/a> va pouvoir enqu\u00eater sur son pass\u00e9 et celui de l\u2019<a href=\"https:\/\/www.20minutes.fr\/dossier\/allemagne\" target=\"_blank\" class=\"color-ultramarine c-link\" rel=\"nofollow noopener\">Allemagne<\/a>. La justice a trouv\u00e9 des centaines de documents et de cartes de membres d\u2019organisations nazies dans des bo\u00eetes au sein des archives de la Cour supr\u00eame du pays, a r\u00e9v\u00e9l\u00e9 dimanche le journal <a href=\"https:\/\/www.clarin.com\/politica\/impacto-mundial-corte-descubren-centenares-pasaportes-carnes-afiliados-partido-nazi-argentina_0_2iyPP1e53w.html\" rel=\"nofollow noopener\" target=\"_blank\" class=\"color-ultramarine c-link\">Clar\u00edn<\/a>.<\/p>\n<p>Les bo\u00eetes, sept au total, ont \u00e9t\u00e9 ouvertes vendredi et leur contenu a \u00e9t\u00e9 class\u00e9, document\u00e9 et conserv\u00e9 sur ordre de la Cour supr\u00eame, afin de d\u00e9terminer si elles peuvent fournir des informations pertinentes concernant des \u00e9v\u00e9nements li\u00e9s \u00e0 <a href=\"https:\/\/www.20minutes.fr\/dossier\/shoah\" target=\"_blank\" class=\"color-ultramarine c-link\" rel=\"nofollow noopener\">l\u2019Holocauste<\/a> ou \u00e0 la fuite de <a href=\"https:\/\/www.20minutes.fr\/monde\/nazisme\/\" target=\"_blank\" class=\"color-ultramarine c-link\" rel=\"nofollow noopener\">nazis<\/a> vers l\u2019Argentine.<\/p>\n<p>De la propagande nazie et des photos<\/p>\n<p>Selon l\u2019enqu\u00eate journalistique, une premi\u00e8re inspection du contenu a r\u00e9v\u00e9l\u00e9 l\u2019existence d\u2019\u00e9l\u00e9ments de propagande nazie et de photographies. Le Mus\u00e9e de l\u2019Holocauste de Buenos Aires, dont les repr\u00e9sentants \u00e9taient pr\u00e9sents lors de l\u2019ouverture des bo\u00eetes vendredi avec le pr\u00e9sident de la Cour supr\u00eame, Horacio Rosatti, participe aux travaux d\u2019inventaire et de conservation, selon Clar\u00edn.<\/p>\n<\/p>\n<p>Selon la presse locale, les documents sont li\u00e9s \u00e0 la retenue par le bureau des douanes, en\u00a01941, d\u2019une cargaison envoy\u00e9e \u00e0 l\u2019ambassade d\u2019Allemagne \u00e0 Buenos Aires depuis la l\u00e9gation allemande \u00e0 Tokyo. Une commission parlementaire avait alors saisi la justice pour savoir si ces bo\u00eetes pouvaient contenir des \u00e9l\u00e9ments susceptibles de compromettre la politique de neutralit\u00e9 de l\u2019Argentine pendant la <a href=\"https:\/\/www.20minutes.fr\/dossier\/seconde_guerre_mondiale\" target=\"_blank\" class=\"color-ultramarine c-link\" rel=\"nofollow noopener\">Seconde Guerre mondiale<\/a>. Les bo\u00eetes ont \u00e9t\u00e9 ouvertes et laiss\u00e9es sous scell\u00e9s judiciaires pendant des d\u00e9cennies.<\/p>\n<p><a href=\"https:\/\/www.20minutes.fr\/dossier\/argentine\" target=\"_blank\" class=\"c-link c-btn c-btn--primary\" rel=\"nofollow noopener\">Notre dossier sur l&rsquo;Argentine<\/a><\/p>\n<p>On estime que des milliers de nazis ont travers\u00e9 l\u2019Argentine ou s\u2019y sont r\u00e9fugi\u00e9s apr\u00e8s la guerre. Les cas les plus retentissants sont Adolf Eichmann, captur\u00e9 \u00e0 Buenos Aires en\u00a01960 et jug\u00e9 et ex\u00e9cut\u00e9 en Isra\u00ebl\u00a0; Josef Mengele, m\u00e9decin connu pour ses exp\u00e9riences sur les prisonniers, qui s\u2019est cach\u00e9 en Argentine avant de fuir au Paraguay et au Br\u00e9sil, o\u00f9 il est mort\u00a0; et Erich Priebke, responsable d\u2019un massacre en\u00a01944 pendant l\u2019occupation allemande de l\u2019Italie. Priebke a \u00e9t\u00e9 arr\u00eat\u00e9 en Argentine et extrad\u00e9 vers l\u2019Italie en\u00a01995, o\u00f9 il est mort en prison en\u00a02013, purgeant une peine de prison \u00e0 vie.<\/p>\n","protected":false},"excerpt":{"rendered":"L\u2019Argentine va pouvoir enqu\u00eater sur son pass\u00e9 et celui de l\u2019Allemagne. La justice a trouv\u00e9 des centaines de&hellip;\n","protected":false},"author":2,"featured_media":93337,"comment_status":"","ping_status":"","sticky":false,"template":"","format":"standard","meta":{"footnotes":""},"categories":[5],"tags":[47,11,672,10944,6715,1011,27,14,20560,74,16684,12,935,10775,133,28],"class_list":{"0":"post-93336","1":"post","2":"type-post","3":"status-publish","4":"format-standard","5":"has-post-thumbnail","7":"category-international","8":"tag-actualite","9":"tag-actualites","10":"tag-allemagne","11":"tag-archives","12":"tag-argentine","13":"tag-fr","14":"tag-france","15":"tag-international","16":"tag-judaisme","17":"tag-monde","18":"tag-nazisme","19":"tag-news","20":"tag-seconde-guerre-mondiale","21":"tag-shoah","22":"tag-video","23":"tag-world"},"share_on_mastodon":{"url":"https:\/\/pubeurope.com\/@fr\/114492923200011317","error":""},"_links":{"self":[{"href":"https:\/\/www.europesays.com\/fr\/wp-json\/wp\/v2\/posts\/93336","targetHints":{"allow":["GET"]}}],"collection":[{"href":"https:\/\/www.europesays.com\/fr\/wp-json\/wp\/v2\/posts"}],"about":[{"href":"https:\/\/www.europesays.com\/fr\/wp-json\/wp\/v2\/types\/post"}],"author":[{"embeddable":true,"href":"https:\/\/www.europesays.com\/fr\/wp-json\/wp\/v2\/users\/2"}],"replies":[{"embeddable":true,"href":"https:\/\/www.europesays.com\/fr\/wp-json\/wp\/v2\/comments?post=93336"}],"version-history":[{"count":0,"href":"https:\/\/www.europesays.com\/fr\/wp-json\/wp\/v2\/posts\/93336\/revisions"}],"wp:featuredmedia":[{"embeddable":true,"href":"https:\/\/www.europesays.com\/fr\/wp-json\/wp\/v2\/media\/93337"}],"wp:attachment":[{"href":"https:\/\/www.europesays.com\/fr\/wp-json\/wp\/v2\/media?parent=93336"}],"wp:term":[{"taxonomy":"category","embeddable":true,"href":"https:\/\/www.europesays.com\/fr\/wp-json\/wp\/v2\/categories?post=93336"},{"taxonomy":"post_tag","embeddable":true,"href":"https:\/\/www.europesays.com\/fr\/wp-json\/wp\/v2\/tags?post=93336"}],"curies":[{"name":"wp","href":"https:\/\/api.w.org\/{rel}","templated":true}]}}