{"id":933389,"date":"2026-05-15T00:18:44","date_gmt":"2026-05-15T00:18:44","guid":{"rendered":"https:\/\/www.europesays.com\/fr\/933389\/"},"modified":"2026-05-15T00:18:44","modified_gmt":"2026-05-15T00:18:44","slug":"ce-qui-va-me-manquer-le-plus-cest-son-sens-de-la-derision-lanimateur-fabrice-rend-hommage-a-son-acolyte-sophie-garel-sur-rtl","status":"publish","type":"post","link":"https:\/\/www.europesays.com\/fr\/933389\/","title":{"rendered":"\u00ab\u00a0Ce qui va me manquer le plus, c&rsquo;est son sens de la d\u00e9rision\u00a0\u00bb : l&rsquo;animateur Fabrice rend hommage \u00e0 son acolyte Sophie Garel sur RTL"},"content":{"rendered":"<p class=\"article-p mdl\">\u00ab\u00a0M\u00e9m\u00e8ne\u00a0\u00bb s&rsquo;en est all\u00e9e. Apr\u00e8s l&rsquo;annonce de\u00a0<a class=\"link\" href=\"https:\/\/www.rtl.fr\/culture\/medias-people\/sophie-garel-animatrice-et-voix-emblematique-de-rtl-est-morte-a-l-age-de-84-ans-7900635007\" title=\"Sophie Garel, animatrice et voix embl\u00e9matique de RTL est morte \u00e0 l&#039;\u00e2ge de 84 ans\" rel=\"nofollow noopener\" target=\"_blank\">la mort \u00e0 84 ans de Sophie Garel<\/a>, animatrice de radio et de t\u00e9l\u00e9vision et voix bien connue de RTL, l&rsquo;animateur Fabrice, avec qui elle a form\u00e9 l&rsquo;un des duos les plus marquants de la station, rend hommage \u00e0 sa fid\u00e8le acolyte, jeudi 14 mai. Il se souvient d&rsquo;une femme simple, dr\u00f4le et pleine d&rsquo;autod\u00e9rision.<\/p>\n<p class=\"article-p mdl\">\u00ab\u00a0Elle me faisait beaucoup rire, elle \u00e9tait tr\u00e8s dr\u00f4le, elle avait un sens de l&rsquo;humour, de la r\u00e9partie et de l&rsquo;autod\u00e9rision. Alors, ce qui va me manquer le plus, c&rsquo;est son sens de la d\u00e9rision\u00a0\u00bb, explique-t-il.<\/p>\n<p class=\"article-p mdl\">\u00ab\u00a0Elle ne se prenait pas au s\u00e9rieux, elle se fichait \u00e9perdument de la gloriole de ce m\u00e9tier, du show business \u00e0 la t\u00e9l\u00e9 ou \u00e0 la radio. Tout \u00e7a, \u00e7a la faisait rire. Elle savait se moquer d&rsquo;elle-m\u00eame, se moquer du m\u00e9tier, des gens. Au fond, rien ne la passionnait plus que de faire une bonne tarte aux pommes pour ses copains et sa famille\u00a0\u00bb, ajoute-t-il, \u00e0 propos de celle dont il avait trouv\u00e9 le surnom.<\/p>\n<p class=\"article-p mdl\">Animatrice embl\u00e9matique des ann\u00e9es 1970 et 1980, Lucienne Garcia de son vrai nom, a pr\u00e9sent\u00e9 de nombreuses \u00e9missions avec l&rsquo;animateur Fabrice sur RTL comme Les jeux de Fabrice et Sophie\u00a0et Atoukado.<\/p>\n<p class=\"article-p mdl\">\u00ab\u00a0C&rsquo;est vous deux qui m&rsquo;avez donn\u00e9 envie de faire de la radio\u00a0\u00bb, a r\u00e9agi de son c\u00f4t\u00e9 Laurent Ruquier, dans un message post\u00e9 sur Instagram.\u00a0Les Grosses T\u00eates\u00a0rendront hommage \u00e0 leur soci\u00e9taire lundi prochain sur notre antenne.<\/p>\n<p>    La r\u00e9daction vous recommande<\/p>\n<p class=\"s-newsletter__title\">\n                L\u2019actualit\u00e9 par la r\u00e9daction de RTL dans votre bo\u00eete mail.\n            <\/p>\n<p class=\"s-newsletter__subtitle\">\n                Gr\u00e2ce \u00e0 votre compte RTL abonnez-vous \u00e0 la newsletter RTL info pour suivre toute l&rsquo;actualit\u00e9 au quotidien\n            <\/p>\n<p>\n                                    Lire la suite\n                                <\/p>\n","protected":false},"excerpt":{"rendered":"\u00ab\u00a0M\u00e9m\u00e8ne\u00a0\u00bb s&rsquo;en est all\u00e9e. Apr\u00e8s l&rsquo;annonce de\u00a0la mort \u00e0 84 ans de Sophie Garel, animatrice de radio et&hellip;\n","protected":false},"author":2,"featured_media":933390,"comment_status":"","ping_status":"","sticky":false,"template":"","format":"standard","meta":{"footnotes":"","_share_on_mastodon":"0"},"categories":[2],"tags":[11,251,61659,2414,107,1011,27,12,25],"class_list":["post-933389","post","type-post","status-publish","format-standard","has-post-thumbnail","category-actualites","tag-actualites","tag-culture","tag-fabrice","tag-fil-culture","tag-fil-info","tag-fr","tag-france","tag-news","tag-republique-francaise"],"share_on_mastodon":{"url":"https:\/\/pubeurope.com\/@fr\/116575725729600349","error":""},"_links":{"self":[{"href":"https:\/\/www.europesays.com\/fr\/wp-json\/wp\/v2\/posts\/933389","targetHints":{"allow":["GET"]}}],"collection":[{"href":"https:\/\/www.europesays.com\/fr\/wp-json\/wp\/v2\/posts"}],"about":[{"href":"https:\/\/www.europesays.com\/fr\/wp-json\/wp\/v2\/types\/post"}],"author":[{"embeddable":true,"href":"https:\/\/www.europesays.com\/fr\/wp-json\/wp\/v2\/users\/2"}],"replies":[{"embeddable":true,"href":"https:\/\/www.europesays.com\/fr\/wp-json\/wp\/v2\/comments?post=933389"}],"version-history":[{"count":0,"href":"https:\/\/www.europesays.com\/fr\/wp-json\/wp\/v2\/posts\/933389\/revisions"}],"wp:featuredmedia":[{"embeddable":true,"href":"https:\/\/www.europesays.com\/fr\/wp-json\/wp\/v2\/media\/933390"}],"wp:attachment":[{"href":"https:\/\/www.europesays.com\/fr\/wp-json\/wp\/v2\/media?parent=933389"}],"wp:term":[{"taxonomy":"category","embeddable":true,"href":"https:\/\/www.europesays.com\/fr\/wp-json\/wp\/v2\/categories?post=933389"},{"taxonomy":"post_tag","embeddable":true,"href":"https:\/\/www.europesays.com\/fr\/wp-json\/wp\/v2\/tags?post=933389"}],"curies":[{"name":"wp","href":"https:\/\/api.w.org\/{rel}","templated":true}]}}