{"id":93359,"date":"2025-05-12T04:31:12","date_gmt":"2025-05-12T04:31:12","guid":{"rendered":"https:\/\/www.europesays.com\/fr\/93359\/"},"modified":"2025-05-12T04:31:12","modified_gmt":"2025-05-12T04:31:12","slug":"mobilisation-de-la-fonction-publique-mardi-13-mai","status":"publish","type":"post","link":"https:\/\/www.europesays.com\/fr\/93359\/","title":{"rendered":"Mobilisation de la Fonction publique mardi 13 mai"},"content":{"rendered":"<p class=\"wp-block-post-excerpt__excerpt\">Une intersyndicale appelle les fonctionnaires \u00e0 faire gr\u00e8ve mardi 13 mai afin de faire \u00e9cho \u00e0 une s\u00e9rie de revendications. A Strasbourg, des perturbations sont \u00e0 pr\u00e9voir dans les \u00e9coles, les cantines et les transports. Un rassemblement est pr\u00e9vu \u00e0 midi place Broglie. <\/p>\n<p class=\"font-sans\">\n\t\t\tCet article est en acc\u00e8s libre. Pour soutenir Rue89 Strasbourg,<br \/>\n\t\t\t<a class=\"underline\" href=\"https:\/\/www.rue89strasbourg.com\/abonnement\" rel=\"nofollow noopener\" target=\"_blank\">abonnez-vous<\/a>.\n\t\t<\/p>\n<p>Pierre France<\/p>\n<p>Publi\u00e9 le 12 mai 2025\u00a0\u00a0\u00b7\u00a0\u00a0<\/p>\n<p>Imprim\u00e9 le 12 mai 2025 \u00e0 06h00\u00a0\u00a0\u00b7\u00a0\u00a0<\/p>\n<p>\t\t\t\t\t1\u00a0minute\n<\/p>\n<p>Dans un communiqu\u00e9, la CGT du Bas-Rhin, l\u2019Unsa du Bas-Rhin, la FSU Alsace et Solidaires Alsace appellent les fonctionnaires et les contractuels de la Fonction publique \u00e0 faire gr\u00e8ve mardi 13 mai, dans le cadre d\u2019un mouvement national de mobilisation. <\/p>\n<p>Les syndicats entendent peser sur les arbitrages en cours du budget 2026 de l\u2019\u00c9tat, inquiets des discours d\u2019aust\u00e9rit\u00e9 qui voudraient profiter des investissements en mati\u00e8re de s\u00e9curit\u00e9 pour justifier une r\u00e9duction des d\u00e9penses dans les services publics. Les organisations syndicales rappellent qu\u2019en d\u00e9cembre, la mobilisation des fonctionnaires avait permis d\u2019annuler le projet d\u2019\u00e9tendre \u00e0 trois jours le d\u00e9lai de carence en cas d\u2019arr\u00eat de travail pour raison de sant\u00e9.<\/p>\n<p>Les syndicats demandent au gouvernement de r\u00e9tablir \u00ab\u00a0la r\u00e9mun\u00e9ration compl\u00e8te, sans carence, pendant les jours d\u2019arr\u00eat maladie ordinaire\u00a0\u00bb et exigent \u00ab\u00a0des moyens budg\u00e9taires \u00e0 la hauteur des missions des services et des politiques publiques\u00a0\u00bb, et notamment \u00ab\u00a0l\u2019augmentation de la valeur du point d\u2019indice\u00a0\u00bb.<\/p>\n<p><a href=\"https:\/\/www.rue89strasbourg.com\/abonnement\" rel=\"nofollow noopener\" target=\"_blank\"><img loading=\"lazy\" decoding=\"async\" width=\"792\" height=\"204\" src=\"https:\/\/www.europesays.com\/fr\/wp-content\/uploads\/2025\/05\/bannie\u0300re-autopromo-2025-desktop-792x204.png\" alt=\"\" class=\"wp-image-341654\"  \/><\/a><\/p>\n<p><a href=\"https:\/\/www.rue89strasbourg.com\/abonnement\" rel=\"nofollow noopener\" target=\"_blank\"><img loading=\"lazy\" decoding=\"async\" width=\"300\" height=\"300\" src=\"https:\/\/www.europesays.com\/fr\/wp-content\/uploads\/2025\/05\/bannieres@2x.png\" alt=\"\" class=\"wp-image-341656\"  \/><\/a><\/p>\n<p>Perturbations \u00e0 Strasbourg<\/p>\n<p>A Strasbourg, un rassemblement est pr\u00e9vu \u00e0 midi place Broglie, avant qu\u2019une d\u00e9l\u00e9gation ne soit re\u00e7ue par le pr\u00e9fet. Cette mobilisation des fonctionnaires entra\u00eene l\u2019interruption compl\u00e8te du service de restauration dans les \u00e9coles de Strasbourg, et une partie des accueils p\u00e9riscolaires ne seront pas assur\u00e9s. Des services minimum d\u2019accueil sont mis en place dans cinq \u00e9coles, accessibles <a href=\"https:\/\/www.strasbourg.eu\/-\/preavis-de-greve-fermeture-des-cantines-scolaires-le-mardi-13-mai-a-strasbourg\" target=\"_blank\" rel=\"noreferrer noopener nofollow\">selon une r\u00e9partition par secteur<\/a>. <\/p>\n<p>L\u2019Unsa \u00e9tant signataire de cet appel et premier syndicat de la Compagnie des transports strasbourgeois (CTS), des perturbations sont \u00e0 pr\u00e9voir dans les transports en commun de l\u2019Eurom\u00e9tropole. <\/p>\n<p>Y <strong>aller<\/strong><\/p>\n<p><strong>Rassemblement pour la Fonction publique, <\/strong>mardi 13 mai \u00e0 midi, devant l\u2019Op\u00e9ra du Rhin, place Broglie \u00e0 Strasbourg \u2013 centre-ville.<\/p>\n","protected":false},"excerpt":{"rendered":"Une intersyndicale appelle les fonctionnaires \u00e0 faire gr\u00e8ve mardi 13 mai afin de faire \u00e9cho \u00e0 une s\u00e9rie&hellip;\n","protected":false},"author":2,"featured_media":93360,"comment_status":"","ping_status":"","sticky":false,"template":"","format":"standard","meta":{"footnotes":""},"categories":[2820],"tags":[1111,11,1777,674,1274,1011,27,775,2088,12,25,640],"class_list":{"0":"post-93359","1":"post","2":"type-post","3":"status-publish","4":"format-standard","5":"has-post-thumbnail","7":"category-strasbourg","8":"tag-actu","9":"tag-actualites","10":"tag-eu","11":"tag-europe","12":"tag-fonction-publique","13":"tag-fr","14":"tag-france","15":"tag-grand-est","16":"tag-manifestation","17":"tag-news","18":"tag-republique-francaise","19":"tag-strasbourg"},"share_on_mastodon":{"url":"https:\/\/pubeurope.com\/@fr\/114492990028480270","error":""},"_links":{"self":[{"href":"https:\/\/www.europesays.com\/fr\/wp-json\/wp\/v2\/posts\/93359","targetHints":{"allow":["GET"]}}],"collection":[{"href":"https:\/\/www.europesays.com\/fr\/wp-json\/wp\/v2\/posts"}],"about":[{"href":"https:\/\/www.europesays.com\/fr\/wp-json\/wp\/v2\/types\/post"}],"author":[{"embeddable":true,"href":"https:\/\/www.europesays.com\/fr\/wp-json\/wp\/v2\/users\/2"}],"replies":[{"embeddable":true,"href":"https:\/\/www.europesays.com\/fr\/wp-json\/wp\/v2\/comments?post=93359"}],"version-history":[{"count":0,"href":"https:\/\/www.europesays.com\/fr\/wp-json\/wp\/v2\/posts\/93359\/revisions"}],"wp:featuredmedia":[{"embeddable":true,"href":"https:\/\/www.europesays.com\/fr\/wp-json\/wp\/v2\/media\/93360"}],"wp:attachment":[{"href":"https:\/\/www.europesays.com\/fr\/wp-json\/wp\/v2\/media?parent=93359"}],"wp:term":[{"taxonomy":"category","embeddable":true,"href":"https:\/\/www.europesays.com\/fr\/wp-json\/wp\/v2\/categories?post=93359"},{"taxonomy":"post_tag","embeddable":true,"href":"https:\/\/www.europesays.com\/fr\/wp-json\/wp\/v2\/tags?post=93359"}],"curies":[{"name":"wp","href":"https:\/\/api.w.org\/{rel}","templated":true}]}}