{"id":93366,"date":"2025-05-12T04:35:28","date_gmt":"2025-05-12T04:35:28","guid":{"rendered":"https:\/\/www.europesays.com\/fr\/93366\/"},"modified":"2025-05-12T04:35:28","modified_gmt":"2025-05-12T04:35:28","slug":"le-vesak-commemorant-la-naissance-de-bouddha-fete-le-25-mai-a-saint-herblain-3","status":"publish","type":"post","link":"https:\/\/www.europesays.com\/fr\/93366\/","title":{"rendered":"Le V\u00e9sak comm\u00e9morant la naissance de Bouddha f\u00eat\u00e9 le 25\u00a0mai \u00e0 Saint-Herblain"},"content":{"rendered":"<p>La pagode Van Hanh c\u00e9l\u00e9brera la f\u00eate du V\u00e9sak le dimanche 25\u00a0mai 2025 \u00e0 Saint-Herblain. Le V\u00e9sak comm\u00e9more la naissance du bouddha Shakyamuni qui repr\u00e9sente l\u2019illumination et l\u2019\u00e9veil. Le prince Siddharta est n\u00e9 en 624\u00a0avant J.-C. dans le jardin de Lumbini en Inde. Le prince h\u00e9ritier d\u00e9cida de quitter le palais pour devenir moine. Il a pass\u00e9 six ans \u00e0 rechercher la voie de la v\u00e9rit\u00e9, cinq\u00a0ans d\u2019asc\u00e9tisme puis il a trouv\u00e9 la voie du Milieu, m\u00e9dit\u00e9 sous l\u2019arbre de la Bodhi pendant 49\u00a0jours afin d\u2019atteindre l\u2019\u00e9veil qui est une v\u00e9ritable illumination int\u00e9rieure. Le Bouddha a apport\u00e9 la lumi\u00e8re de la compassion et de la sagesse \u00e0 l\u2019humanit\u00e9.<\/p>\n<p>Au programme\u00a0: 11\u00a0h, c\u00e9r\u00e9monie du V\u00e9sak\u00a0; 13\u00a0h\u00a030, enseignement de Dharma\u00a0; 14\u00a0h\u00a045, spectacle musical, 17\u00a0h, c\u00e9r\u00e9monie d\u2019offrandes aux \u00e2mes errantes.<\/p>\n<p>3, rue du Souvenir fran\u00e7ais. Contact\u00a0: 02 40\u00a085 04 59<\/p>\n<p>\u00a0<\/p>\n","protected":false},"excerpt":{"rendered":"La pagode Van Hanh c\u00e9l\u00e9brera la f\u00eate du V\u00e9sak le dimanche 25\u00a0mai 2025 \u00e0 Saint-Herblain. Le V\u00e9sak comm\u00e9more&hellip;\n","protected":false},"author":2,"featured_media":91370,"comment_status":"","ping_status":"","sticky":false,"template":"","format":"standard","meta":{"footnotes":""},"categories":[2818],"tags":[13204,1111,11,20243,20242,1777,674,4768,1011,27,2565,198,766,12,2636,25,4286,3272,20241],"class_list":{"0":"post-93366","1":"post","2":"type-post","3":"status-publish","4":"format-standard","5":"has-post-thumbnail","7":"category-nantes","8":"tag-13204","9":"tag-actu","10":"tag-actualites","11":"tag-bouddha","12":"tag-commemorant","13":"tag-eu","14":"tag-europe","15":"tag-fete","16":"tag-fr","17":"tag-france","18":"tag-mai","19":"tag-naissance","20":"tag-nantes","21":"tag-news","22":"tag-pays-de-la-loire","23":"tag-republique-francaise","24":"tag-saint-herblain","25":"tag-saint-nazaire","26":"tag-vesak"},"share_on_mastodon":{"url":"https:\/\/pubeurope.com\/@fr\/114493005980371417","error":""},"_links":{"self":[{"href":"https:\/\/www.europesays.com\/fr\/wp-json\/wp\/v2\/posts\/93366","targetHints":{"allow":["GET"]}}],"collection":[{"href":"https:\/\/www.europesays.com\/fr\/wp-json\/wp\/v2\/posts"}],"about":[{"href":"https:\/\/www.europesays.com\/fr\/wp-json\/wp\/v2\/types\/post"}],"author":[{"embeddable":true,"href":"https:\/\/www.europesays.com\/fr\/wp-json\/wp\/v2\/users\/2"}],"replies":[{"embeddable":true,"href":"https:\/\/www.europesays.com\/fr\/wp-json\/wp\/v2\/comments?post=93366"}],"version-history":[{"count":0,"href":"https:\/\/www.europesays.com\/fr\/wp-json\/wp\/v2\/posts\/93366\/revisions"}],"wp:featuredmedia":[{"embeddable":true,"href":"https:\/\/www.europesays.com\/fr\/wp-json\/wp\/v2\/media\/91370"}],"wp:attachment":[{"href":"https:\/\/www.europesays.com\/fr\/wp-json\/wp\/v2\/media?parent=93366"}],"wp:term":[{"taxonomy":"category","embeddable":true,"href":"https:\/\/www.europesays.com\/fr\/wp-json\/wp\/v2\/categories?post=93366"},{"taxonomy":"post_tag","embeddable":true,"href":"https:\/\/www.europesays.com\/fr\/wp-json\/wp\/v2\/tags?post=93366"}],"curies":[{"name":"wp","href":"https:\/\/api.w.org\/{rel}","templated":true}]}}