{"id":93381,"date":"2025-05-12T04:45:14","date_gmt":"2025-05-12T04:45:14","guid":{"rendered":"https:\/\/www.europesays.com\/fr\/93381\/"},"modified":"2025-05-12T04:45:14","modified_gmt":"2025-05-12T04:45:14","slug":"un-incendie-endommage-serieusement-la-buvette-du-quai-saint-antoine","status":"publish","type":"post","link":"https:\/\/www.europesays.com\/fr\/93381\/","title":{"rendered":"un incendie endommage s\u00e9rieusement la buvette du quai Saint-Antoine"},"content":{"rendered":"<p>\u00ab\u00a0Lorsque je suis arriv\u00e9 au petit matin, les pompiers terminaient leur intervention\u00a0\u00bb, racontait<a href=\"https:\/\/www.leprogres.fr\/economie\/2025\/03\/24\/stationnement-difficile-perte-de-clientele-le-marche-saint-antoine-cherche-son-souffle\" target=\"_blank\" rel=\"noopener\"> un primeur du march\u00e9 Saint-Antoine<\/a>. Tandis que le march\u00e9 battait son plein dimanche matin quai Saint-Antoine, le triste spectacle offert par la buvette du m\u00eame nom, attirait immanquablement les regards.<\/p>\n<p>Renseignement pris, <a href=\"https:\/\/www.leprogres.fr\/faits-divers-justice\/2025\/05\/11\/un-incendie-detruit-la-buvette-saint-antoine-sur-les-quais-de-saone\" target=\"_blank\" rel=\"noopener\">le feu a pris vers 5h15 et a rapidement d\u00e9vast\u00e9 une bonne partie de l\u2019installation<\/a> , \u00e0 commencer par la terrasse et les cuisines. Sale coup pour ce pied humide \u00ab\u00a0depuis 1872\u00a0\u00bb renseigne la fa\u00e7ade \u00e9pargn\u00e9e, qui fait le plein d\u00e8s les premiers rayons du soleil et o\u00f9 aiment \u00e0 se poser, les paniers pleins les jours de march\u00e9, ceux qui ont termin\u00e9 le tour des \u00e9tals. Le tout avec une superbe vue sur la Sa\u00f4ne, le palais de justice et la basilique de Fourvi\u00e8re.<\/p>\n<p>  \u00ab\u00a0Le feu part de l\u2019ext\u00e9rieur\u00a0\u00bb<\/p>\n<p>Rien de comparable ce dimanche. Les employ\u00e9s qui n\u2019ont souhait\u00e9 faire aucun commentaire, s\u2019activaient en fin de matin\u00e9e pour sortir les stocks non touch\u00e9s et \u00e9vacuer ce qui doit l\u2019\u00eatre. Avec la volont\u00e9 de rouvrir le plus t\u00f4t possible.<\/p>\n<p>S\u2019agit-il d\u2019un feu de poubelle d\u2019origine ind\u00e9termin\u00e9e qui se serait propag\u00e9 vers la tonnelle de la buvette. \u00ab\u00a0Le feu part de la terrasse, c\u2019est-\u00e0-dire de l\u2019ext\u00e9rieur et va tr\u00e8s vite, ce qui n\u2019exclut pas des causes suspectes\u00a0\u00bb, indiquait hier une source polici\u00e8re.<\/p>\n<p>  Le patron n\u2019exclut pas \u00ab\u00a0un acte malveillant\u00a0\u00bb<\/p>\n<p>Le patron des lieux Jean-David Perthuis, absent de Lyon, n\u2019exclut pas \u00ab\u00a0un acte malveillant\u00a0\u00bb et projetait de d\u00e9poser plainte, a rapport\u00e9 <a href=\"https:\/\/actu.fr\/auvergne-rhone-alpes\/lyon_69123\/info-actu-lyon-un-celebre-bar-ravage-par-un-incendie-sur-les-quais-les-images_62619818.html\" target=\"_blank\" rel=\"noopener\">ActuLyon<\/a>.<\/p>\n<p>Reste que les images visionn\u00e9es au centre de s\u00e9curit\u00e9 urbaine n\u2019accr\u00e9ditent pas cette th\u00e8se. Selon nos informations, elles donnent \u00e0 voir le passage d\u2019un camion de ramassage des ordures qui d\u00e9posent les poubelles. Un v\u00e9hicule de la police nationale circule d\u2019ailleurs sur le quai au m\u00eame moment. Puis le feu d\u00e9marre.<\/p>\n<p>\u00c0 ce stade, aucune piste n\u2019est privil\u00e9gi\u00e9e. Les investigations se poursuivent.<\/p>\n","protected":false},"excerpt":{"rendered":"\u00ab\u00a0Lorsque je suis arriv\u00e9 au petit matin, les pompiers terminaient leur intervention\u00a0\u00bb, racontait un primeur du march\u00e9 Saint-Antoine.&hellip;\n","protected":false},"author":2,"featured_media":93382,"comment_status":"","ping_status":"","sticky":false,"template":"","format":"standard","meta":{"footnotes":""},"categories":[1889],"tags":[1111,11,2430,2757,1777,674,274,107,1011,27,1310,2428,2756,12,25,2429,3151],"class_list":{"0":"post-93381","1":"post","2":"type-post","3":"status-publish","4":"format-standard","5":"has-post-thumbnail","7":"category-lyon","8":"tag-actu","9":"tag-actualites","10":"tag-auvergne-rhone-alpes","11":"tag-edition-lyon-villeurbanne","12":"tag-eu","13":"tag-europe","14":"tag-faits-divers-justice","15":"tag-fil-info","16":"tag-fr","17":"tag-france","18":"tag-incendie","19":"tag-lyon","20":"tag-lyon-bassin","21":"tag-news","22":"tag-republique-francaise","23":"tag-rhone","24":"tag-selection-de-la-redaction-69"},"share_on_mastodon":{"url":"https:\/\/pubeurope.com\/@fr\/114493045124474346","error":""},"_links":{"self":[{"href":"https:\/\/www.europesays.com\/fr\/wp-json\/wp\/v2\/posts\/93381","targetHints":{"allow":["GET"]}}],"collection":[{"href":"https:\/\/www.europesays.com\/fr\/wp-json\/wp\/v2\/posts"}],"about":[{"href":"https:\/\/www.europesays.com\/fr\/wp-json\/wp\/v2\/types\/post"}],"author":[{"embeddable":true,"href":"https:\/\/www.europesays.com\/fr\/wp-json\/wp\/v2\/users\/2"}],"replies":[{"embeddable":true,"href":"https:\/\/www.europesays.com\/fr\/wp-json\/wp\/v2\/comments?post=93381"}],"version-history":[{"count":0,"href":"https:\/\/www.europesays.com\/fr\/wp-json\/wp\/v2\/posts\/93381\/revisions"}],"wp:featuredmedia":[{"embeddable":true,"href":"https:\/\/www.europesays.com\/fr\/wp-json\/wp\/v2\/media\/93382"}],"wp:attachment":[{"href":"https:\/\/www.europesays.com\/fr\/wp-json\/wp\/v2\/media?parent=93381"}],"wp:term":[{"taxonomy":"category","embeddable":true,"href":"https:\/\/www.europesays.com\/fr\/wp-json\/wp\/v2\/categories?post=93381"},{"taxonomy":"post_tag","embeddable":true,"href":"https:\/\/www.europesays.com\/fr\/wp-json\/wp\/v2\/tags?post=93381"}],"curies":[{"name":"wp","href":"https:\/\/api.w.org\/{rel}","templated":true}]}}