{"id":93400,"date":"2025-05-12T04:57:09","date_gmt":"2025-05-12T04:57:09","guid":{"rendered":"https:\/\/www.europesays.com\/fr\/93400\/"},"modified":"2025-05-12T04:57:09","modified_gmt":"2025-05-12T04:57:09","slug":"en-allemagne-un-groupe-de-parole-pour-proches-de-complotistes","status":"publish","type":"post","link":"https:\/\/www.europesays.com\/fr\/93400\/","title":{"rendered":"En Allemagne, un groupe de parole pour proches de complotistes"},"content":{"rendered":"\n<p>Ils se retrouvent quand vient le soir. Quand ils ont \u00e0 nouveau du temps pour leur rendez-vous. Ils montent les marches du grand escalier de cet immeuble, jusqu\u2019en haut, jusque sous le toit. Jusqu\u2019\u00e0 ce qu\u2019on se dise, l\u00e0, il n\u2019y a plus rien, que des tuiles, que les combles \u2013 c\u2019est l\u00e0 que se trouve leur salle, comme si c\u2019\u00e9tait une cachette. Comme si c\u2019\u00e9taient eux qui croyaient aux complots.<\/p>\n<p>Deux heures et demie, c\u2019est la dur\u00e9e pendant laquelle ils se r\u00e9unissent toutes les deux semaines. Deux heures et demie pendant lesquelles tout peut arriver. Il est possible que quelqu\u2019un dise\u00a0: \u201cBon, en fait, j\u2019ai rien \u00e0 dire\u201d et se contente d\u2019\u00e9couter. Il est possible que quelqu\u2019un commence et ne s\u2019arr\u00eate plus. Qu\u2019il raconte ce qu\u2019il s\u2019est encore pass\u00e9, avec <a href=\"https:\/\/www.courrierinternational.com\/sujet\/vladimir-poutine\" target=\"_blank\" rel=\"noopener\">Poutine<\/a>, avec <a href=\"https:\/\/www.courrierinternational.com\/sujet\/donald-trump\" target=\"_blank\" rel=\"noopener\">Trump<\/a>. Possible aussi que quelqu\u2019un pleure et que personne ne dise plus rien.<\/p>\n<p>Sur la table, des g\u00e2teaux secs et des tasses pour le th\u00e9. \u201cServez-vous, je vous en prie\u201d, dit la femme aux bracelets. Sa voix a quelque chose de chaud, de concern\u00e9. Elle est assise tout au fond \u00e0 la table, avec vue sur l\u2019horloge. On a deux heures et demie, qui veut commencer\u00a0?<\/p>\n<p>Il y a trois ans, elle a pris le t\u00e9l\u00e9phone et compos\u00e9 le num\u00e9ro du centre d\u2019entraide de Munich. \u201cEst-ce qu\u2019il existe un groupe pour, euh, les proches de complotistes\u00a0?\u201d \u2014 D\u00e9sol\u00e9e, a r\u00e9pondu une dame, il n\u2019y en a pas. Personne ne veut faire \u00e7a. Et pourtant il y a beaucoup de gens qui appellent.\u201d<\/p>\n<p>Il y a trois ans, la femme aux bracelets ne savait plus ce qu\u2019elle devait faire avec son mari. Il \u00e9tait comme poss\u00e9d\u00e9. Il \u00e9coutait Ken Jebsen, cet animateur radio cingl\u00e9, Sucharit Bhakdi et Bodo Schiffmann, les ic\u00f4nes du <a href=\"https:\/\/www.courrierinternational.com\/article\/reportage-des-antimasques-aux-antivaccins-des-sceptiques-de-tout-poil-en-allemagne\" target=\"_blank\" rel=\"noopener\">mouvement \u201cQuerdenken\u201d [compos\u00e9 d\u2019antivax et de conspirationnistes]<\/a>. Pendant la pand\u00e9mie, ils balan\u00e7aient \u00e0 grand bruit leurs th\u00e9ories folles sur le peuple, l\u2019obsession du masque, l\u2019obligation vaccinale, et son mari a \u00e9t\u00e9 touch\u00e9 en plein c\u0153ur.<\/p>\n<p>C\u2019est un type sensible, un sceptique discret. Il posait des questions, de plus en plus de questions qu\u2019il avait p\u00each\u00e9es Dieu sait o\u00f9. Comment peut-il y avoir des coronavirus alors qu\u2019on n\u2019en a aucun clich\u00e9 microscopique\u00a0? Et pourquoi les gens se laissent-ils fourrer des cotons-tiges dans le nez, c\u2019est comme \u00e7a qu\u2019on les vaccine en secret, non\u00a0?<\/p>\n<p>S\u2019il te pla\u00eet, dis \u00e0 tes coll\u00e8gues au boulot de mettre un masque, lui disait-elle, et il ne le faisait pas. S\u2019il te pla\u00eet, regarde les chiffres, les salles de soins intensifs sont pleines, et il r\u00e9pondait\u00a0: \u201cAllons, c\u2019est tr\u00e8s exag\u00e9r\u00e9 tout \u00e7a.\u201d Peu apr\u00e8s, il a fait ses bagages et il est parti. Et quand elle a appel\u00e9 le centre d\u2019entraide le lendemain pour s\u2019entendre dire\u00a0: d\u00e9sol\u00e9e, personne ne veut faire un groupe pour les proches de complotistes, la femme aux bracelets a r\u00e9pondu\u00a0: \u201cSi. Moi.\u201d<\/p>\n<p> Le Disneyland des mensonges <\/p>\n<p>\u00c7a fait trois ans. Et ils se r\u00e9unissent toujours ici. En janvier, le pr\u00e9sident de la R\u00e9publique [allemande], Frank-Walter Steinmeier, a d\u00e9clar\u00e9 qu\u2019il fallait tirer des le\u00e7ons de la pand\u00e9mie, qu\u2019il fallait comprendre pourquoi tant de gens avaient perdu confiance en l\u2019\u00c9tat. Pourquoi lui ont-ils tourn\u00e9 le dos.<\/p>\n<p>Comme s\u2019ils avaient quitt\u00e9 la maison de la d\u00e9mocratie avec leur barda et une pancarte de protestation. Direction le pays o\u00f9 les faits n\u2019existent pas. Beaucoup se sont r\u00e9fugi\u00e9s sur Internet, le Disneyland des mensonges. Certains ne sont jamais revenus, sont rest\u00e9s l\u00e0-bas alors que la pand\u00e9mie \u00e9tait finie depuis longtemps.<\/p>\n<p>Ce qu\u2019il reste, c\u2019est le groupe. Et comme les participants se disent des choses qu\u2019ils ne racontent \u00e0 personne, il n\u2019est pas question que leur nom apparaisse dans le journal. Et aussi \u00e0 cause de la honte. Surtout la honte. Des pr\u00e9sentations sans nom, donc.<\/p>\n<p>Il y a par exemple la retrait\u00e9e. Elle est la plus \u00e2g\u00e9e mais aussi la petite derni<\/p>\n","protected":false},"excerpt":{"rendered":"Ils se retrouvent quand vient le soir. Quand ils ont \u00e0 nouveau du temps pour leur rendez-vous. Ils&hellip;\n","protected":false},"author":2,"featured_media":93401,"comment_status":"","ping_status":"","sticky":false,"template":"","format":"standard","meta":{"footnotes":""},"categories":[1587],"tags":[11,672,1804,4357,1805,1803,1777,674,1801,12,1802,1857,20573],"class_list":{"0":"post-93400","1":"post","2":"type-post","3":"status-publish","4":"format-standard","5":"has-post-thumbnail","7":"category-allemagne","8":"tag-actualites","9":"tag-allemagne","10":"tag-bundesrepublik-deutschland","11":"tag-covid-19","12":"tag-de","13":"tag-deutschland","14":"tag-eu","15":"tag-europe","16":"tag-germany","17":"tag-news","18":"tag-republique-federale-dallemagne","19":"tag-sociu00e9tu00e9","20":"tag-thu00e9ories-du-complot"},"share_on_mastodon":{"url":"https:\/\/pubeurope.com\/@fr\/114493092205591101","error":""},"_links":{"self":[{"href":"https:\/\/www.europesays.com\/fr\/wp-json\/wp\/v2\/posts\/93400","targetHints":{"allow":["GET"]}}],"collection":[{"href":"https:\/\/www.europesays.com\/fr\/wp-json\/wp\/v2\/posts"}],"about":[{"href":"https:\/\/www.europesays.com\/fr\/wp-json\/wp\/v2\/types\/post"}],"author":[{"embeddable":true,"href":"https:\/\/www.europesays.com\/fr\/wp-json\/wp\/v2\/users\/2"}],"replies":[{"embeddable":true,"href":"https:\/\/www.europesays.com\/fr\/wp-json\/wp\/v2\/comments?post=93400"}],"version-history":[{"count":0,"href":"https:\/\/www.europesays.com\/fr\/wp-json\/wp\/v2\/posts\/93400\/revisions"}],"wp:featuredmedia":[{"embeddable":true,"href":"https:\/\/www.europesays.com\/fr\/wp-json\/wp\/v2\/media\/93401"}],"wp:attachment":[{"href":"https:\/\/www.europesays.com\/fr\/wp-json\/wp\/v2\/media?parent=93400"}],"wp:term":[{"taxonomy":"category","embeddable":true,"href":"https:\/\/www.europesays.com\/fr\/wp-json\/wp\/v2\/categories?post=93400"},{"taxonomy":"post_tag","embeddable":true,"href":"https:\/\/www.europesays.com\/fr\/wp-json\/wp\/v2\/tags?post=93400"}],"curies":[{"name":"wp","href":"https:\/\/api.w.org\/{rel}","templated":true}]}}