{"id":93413,"date":"2025-05-12T05:05:11","date_gmt":"2025-05-12T05:05:11","guid":{"rendered":"https:\/\/www.europesays.com\/fr\/93413\/"},"modified":"2025-05-12T05:05:11","modified_gmt":"2025-05-12T05:05:11","slug":"victime-de-commotions-repetees-paul-willemse-vers-la-fin-de-sa-carriere-selon-le-president-du-mhr","status":"publish","type":"post","link":"https:\/\/www.europesays.com\/fr\/93413\/","title":{"rendered":"victime de commotions r\u00e9p\u00e9t\u00e9es, Paul Willemse vers la fin de sa carri\u00e8re selon le pr\u00e9sident du MHR"},"content":{"rendered":"<p>Le deuxi\u00e8me-ligne de Montpellier et du XV de France n\u2019a pas rejou\u00e9 depuis la derni\u00e8re de ses six commotions, d\u00e9but octobre.<\/p>\n<p class=\"fig-paragraph\">Le deuxi\u00e8me-ligne de Montpellier et du XV de France Paul Willemse, victime de commotions c\u00e9r\u00e9brales \u00e0 r\u00e9p\u00e9tition, ne devrait plus jouer avec le MHR et se dirige vers la fin de sa carri\u00e8re, a d\u00e9clar\u00e9 le pr\u00e9sident montpelli\u00e9rain Mohed Altrad au micro de Sud Radio samedi.<\/p>\n<p class=\"fig-paragraph\">\u00abIl donne des signaux comme quoi il va arr\u00eater sa carri\u00e8re\u00bb, a d\u00e9clar\u00e9 Altrad, interrog\u00e9 par Sud Radio sur l&rsquo;avenir du deuxi\u00e8me ligne. \u00abLa sagesse veut \u00e7a, son contrat est de toute fa\u00e7on arr\u00eat\u00e9.\u00bb Confirmant que son \u00e9pouse et ses enfants,\u00a0<a href=\"http:\/\/www.lefigaro.fr\/sports\/rugby\/top-14\/paul-willemse-mon-epouse-me-pousse-a-ne-pas-prendre-le-risque-de-continuer-a-jouer-au-rugby-20240902\" data-fig-type=\"Article\" data-gtm-custom-categorie=\"navigation\" data-gtm-custom-action=\"crossclick\" data-gtm-custom-label=\"Contextuel\" data-gtm-event=\"customEventSPE\" data-fig-domain=\"LEFIGARO\" target=\"_blank\" rel=\"noopener\">comme le joueur l\u2019avait r\u00e9v\u00e9l\u00e9 au Figaro<\/a>, le poussait \u00e0 prendre cette sage d\u00e9cision. \u00abIl donne lui-m\u00eame des signaux comme quoi il va arr\u00eater sa carri\u00e8re et \u00e0 juste raison. Il a la pression de sa famille, de ses enfants et surtout de sa femme. Ses enfants sont encore petits mais ils comprennent qu\u2019il est malade.\u00bb<\/p>\n<p class=\"fig-paragraph\">Le 5 octobre dernier, Willemse (32 ans, 32 s\u00e9lections) avait subi une\u00a0<a href=\"http:\/\/www.lefigaro.fr\/sports\/rugby\/top-14\/top-14-le-montpellierain-willemse-a-l-arret-pendant-trois-mois-20241018\" data-fig-type=\"NewsFlash\" data-gtm-custom-categorie=\"navigation\" data-gtm-custom-action=\"crossclick\" data-gtm-custom-label=\"Contextuel\" data-gtm-event=\"customEventSPE\" data-fig-domain=\"LEFIGARO\" target=\"_blank\" rel=\"noopener\">commotion c\u00e9r\u00e9brale face au Stade fran\u00e7ais<\/a>, la sixi\u00e8me en l&rsquo;espace d&rsquo;un an alors qu&rsquo;il retrouvait les terrains apr\u00e8s de nombreux mois d&rsquo;absence apr\u00e8s un nouveau choc subi \u00e0 la t\u00eate au printemps.<\/p>\n<p class=\"fig-body-link\">\n            \u00c0 lire aussi<br \/>\n        <a class=\"fig-body-link__link fig-premium-mark\" href=\"http:\/\/www.lefigaro.fr\/sports\/rugby\/top-14\/paul-willemse-mon-epouse-me-pousse-a-ne-pas-prendre-le-risque-de-continuer-a-jouer-au-rugby-20240902\" data-fig-type=\"Article\" data-gtm-custom-categorie=\"navigation\" data-gtm-custom-action=\"crossclick\" data-gtm-custom-label=\"Contextuel\" data-gtm-event=\"customEventSPE\" data-fig-domain=\"LEFIGARO\" target=\"_blank\" rel=\"noopener\">Paul Willemse: \u00abMon \u00e9pouse me pousse \u00e0 ne pas prendre le risque de continuer \u00e0 jouer au rugby\u00bb<br \/>\n    <\/a>\n<\/p>\n<p class=\"fig-paragraph\">Depuis le mois d&rsquo;octobre, le natif de Pretoria en Afrique du Sud n&rsquo;a pas retrouv\u00e9 les terrains ni m\u00eame l&rsquo;entra\u00eenement, son arr\u00eat \u00e9tant r\u00e9guli\u00e8rement prolong\u00e9 par les m\u00e9decins sp\u00e9cialis\u00e9s qui le suivent. \u00abJe pense h\u00e9las (que c&rsquo;\u00e9tait son dernier match avec le MHR)\u00bb, a conclu Mohed Altrad \u00e0 propos de son jouer, qui est en fin de contrat avec Montpellier.<\/p>\n","protected":false},"excerpt":{"rendered":"Le deuxi\u00e8me-ligne de Montpellier et du XV de France n\u2019a pas rejou\u00e9 depuis la derni\u00e8re de ses six&hellip;\n","protected":false},"author":2,"featured_media":93414,"comment_status":"","ping_status":"","sticky":false,"template":"","format":"standard","meta":{"footnotes":""},"categories":[1416],"tags":[525,4590,1981,2313,814,1011,27,955,14987,20574,4589,2311,1980,479,1468,2259,60,478,2310,2312,513],"class_list":{"0":"post-93413","1":"post","2":"type-post","3":"status-publish","4":"format-standard","5":"has-post-thumbnail","7":"category-rugby","8":"tag-calendrier","9":"tag-championnat-france","10":"tag-classement","11":"tag-clermont","12":"tag-direct","13":"tag-fr","14":"tag-france","15":"tag-match","16":"tag-mhr","17":"tag-paul-willemse","18":"tag-phase-finale","19":"tag-racing","20":"tag-resultats","21":"tag-rugby","22":"tag-rugby-football","23":"tag-score","24":"tag-sports","25":"tag-top-14","26":"tag-toulon","27":"tag-toulouse","28":"tag-xv-de-france"},"share_on_mastodon":{"url":"https:\/\/pubeurope.com\/@fr\/114493123740174900","error":""},"_links":{"self":[{"href":"https:\/\/www.europesays.com\/fr\/wp-json\/wp\/v2\/posts\/93413","targetHints":{"allow":["GET"]}}],"collection":[{"href":"https:\/\/www.europesays.com\/fr\/wp-json\/wp\/v2\/posts"}],"about":[{"href":"https:\/\/www.europesays.com\/fr\/wp-json\/wp\/v2\/types\/post"}],"author":[{"embeddable":true,"href":"https:\/\/www.europesays.com\/fr\/wp-json\/wp\/v2\/users\/2"}],"replies":[{"embeddable":true,"href":"https:\/\/www.europesays.com\/fr\/wp-json\/wp\/v2\/comments?post=93413"}],"version-history":[{"count":0,"href":"https:\/\/www.europesays.com\/fr\/wp-json\/wp\/v2\/posts\/93413\/revisions"}],"wp:featuredmedia":[{"embeddable":true,"href":"https:\/\/www.europesays.com\/fr\/wp-json\/wp\/v2\/media\/93414"}],"wp:attachment":[{"href":"https:\/\/www.europesays.com\/fr\/wp-json\/wp\/v2\/media?parent=93413"}],"wp:term":[{"taxonomy":"category","embeddable":true,"href":"https:\/\/www.europesays.com\/fr\/wp-json\/wp\/v2\/categories?post=93413"},{"taxonomy":"post_tag","embeddable":true,"href":"https:\/\/www.europesays.com\/fr\/wp-json\/wp\/v2\/tags?post=93413"}],"curies":[{"name":"wp","href":"https:\/\/api.w.org\/{rel}","templated":true}]}}