{"id":93415,"date":"2025-05-12T05:06:16","date_gmt":"2025-05-12T05:06:16","guid":{"rendered":"https:\/\/www.europesays.com\/fr\/93415\/"},"modified":"2025-05-12T05:06:16","modified_gmt":"2025-05-12T05:06:16","slug":"atp-rome-sam-querrey-sur-nadal-il-y-avait-un-seul-court-dentrainement-pour-environ-150-joueurs-et-rafa-lutilisait-pendant-deux-heures-daffilee-tout-seul","status":"publish","type":"post","link":"https:\/\/www.europesays.com\/fr\/93415\/","title":{"rendered":"ATP &#8211; Rome > Sam Querrey sur Nadal : \u00ab\u00a0Il y avait un seul court d&rsquo;entra\u00eenement pour environ 150 joueurs et Rafa l&rsquo;utilisait pendant deux heures d&rsquo;affil\u00e9e tout seul\u00a0\u00bb"},"content":{"rendered":"<p>Cohabiter avec les t\u00eates d\u2019af\u00adfiche n\u2019est pas toujours facile. Sam Querrey en a fait cette exp\u00e9\u00adrience au cours de sa carri\u00e8re. Dans le podcast Nothing Major, l\u2019an\u00adcien onzi\u00e8me joueur mondial a r\u00e9v\u00e9l\u00e9 une anec\u00addote crous\u00adtillante sur Serena Williams, Roger Federer et Rafael Nadal. \u00c0 en croire ses propos, rapport\u00e9s par <a href=\"https:\/\/www.express.co.uk\/sport\/tennis\/2053361\/rafael-nadal-serena-williams-roger-federer-italian-open\" data-wpel-link=\"external\" target=\"_blank\" rel=\"nofollow external noopener\">Express<\/a>, les trois mono\u00adpo\u00adli\u00adsaient les instal\u00adla\u00adtions du tournoi de Rome, le taureau de Manacor en particulier.<\/p>\n<p><strong>\u00ab\u202fTout d\u2019abord, il n\u2019y a qu\u2019un seul court, litt\u00e9\u00adra\u00adle\u00adment un court d\u2019en\u00adtra\u00ee\u00adne\u00adment pour environ 150 joueurs et Serena l\u2019uti\u00adli\u00adsait pendant deux heures, puis Rafa pendant deux heures, Federer pendant environ quatre\u2010vingt\u2010dix minutes, et tous les autres \u00e9taient \u00e0 Pietrangeli. Il y avait un seul terrain d\u2019en\u00adtra\u00ee\u00adne\u00adment pour les hommes et les femmes, et Rafa l\u2019uti\u00adli\u00adsait pendant deux heures d\u2019af\u00adfil\u00e9e. Ce qui \u00e9tait bien, vous savez, entre deux et quatre heures de l\u2019apr\u00e8s\u2010midi, juste Rafa, pendant que tout le monde est au repos, frap\u00adpant \u00e0 20\u202fminutes de distance, quatre [joueurs] sur un court, et c\u2019\u00e9tait\u00a0brutal\u202f\u00bb.<\/strong><\/p>\n<p class=\"post-published-date\" style=\"color: silver; font-size: 75%; text-align: left;\">Publi\u00e9 le dimanche 11 mai 2025 \u00e0 19:15<\/p>\n","protected":false},"excerpt":{"rendered":"Cohabiter avec les t\u00eates d\u2019af\u00adfiche n\u2019est pas toujours facile. Sam Querrey en a fait cette exp\u00e9\u00adrience au cours&hellip;\n","protected":false},"author":2,"featured_media":93416,"comment_status":"","ping_status":"","sticky":false,"template":"","format":"standard","meta":{"footnotes":""},"categories":[1415],"tags":[2199,1011,27,1960,2201,60,1467],"class_list":{"0":"post-93415","1":"post","2":"type-post","3":"status-publish","4":"format-standard","5":"has-post-thumbnail","7":"category-tennis","8":"tag-federer","9":"tag-fr","10":"tag-france","11":"tag-nadal","12":"tag-serena-williams","13":"tag-sports","14":"tag-tennis"},"share_on_mastodon":{"url":"https:\/\/pubeurope.com\/@fr\/114493127572662740","error":""},"_links":{"self":[{"href":"https:\/\/www.europesays.com\/fr\/wp-json\/wp\/v2\/posts\/93415","targetHints":{"allow":["GET"]}}],"collection":[{"href":"https:\/\/www.europesays.com\/fr\/wp-json\/wp\/v2\/posts"}],"about":[{"href":"https:\/\/www.europesays.com\/fr\/wp-json\/wp\/v2\/types\/post"}],"author":[{"embeddable":true,"href":"https:\/\/www.europesays.com\/fr\/wp-json\/wp\/v2\/users\/2"}],"replies":[{"embeddable":true,"href":"https:\/\/www.europesays.com\/fr\/wp-json\/wp\/v2\/comments?post=93415"}],"version-history":[{"count":0,"href":"https:\/\/www.europesays.com\/fr\/wp-json\/wp\/v2\/posts\/93415\/revisions"}],"wp:featuredmedia":[{"embeddable":true,"href":"https:\/\/www.europesays.com\/fr\/wp-json\/wp\/v2\/media\/93416"}],"wp:attachment":[{"href":"https:\/\/www.europesays.com\/fr\/wp-json\/wp\/v2\/media?parent=93415"}],"wp:term":[{"taxonomy":"category","embeddable":true,"href":"https:\/\/www.europesays.com\/fr\/wp-json\/wp\/v2\/categories?post=93415"},{"taxonomy":"post_tag","embeddable":true,"href":"https:\/\/www.europesays.com\/fr\/wp-json\/wp\/v2\/tags?post=93415"}],"curies":[{"name":"wp","href":"https:\/\/api.w.org\/{rel}","templated":true}]}}