{"id":93417,"date":"2025-05-12T05:08:09","date_gmt":"2025-05-12T05:08:09","guid":{"rendered":"https:\/\/www.europesays.com\/fr\/93417\/"},"modified":"2025-05-12T05:08:09","modified_gmt":"2025-05-12T05:08:09","slug":"quartararo-sanctionne-pour-avoir-desobei-aux-commissaires","status":"publish","type":"post","link":"https:\/\/www.europesays.com\/fr\/93417\/","title":{"rendered":"Quartararo sanctionn\u00e9 pour avoir d\u00e9sob\u00e9i aux commissaires"},"content":{"rendered":"<p>Lorsque <a href=\"https:\/\/fr.motorsport.com\/driver\/fabio-quartararo\/109400\/\" target=\"_blank\" rel=\"noopener\">Fabio Quartararo<\/a> a chut\u00e9 au GP de France, \u00e0 la fin du troisi\u00e8me tour, il est longuement rest\u00e9 aupr\u00e8s de sa moto, alors que les commissaires de piste lui demandaient de quitter la zone. Le danger \u00e9tait pr\u00e9sent avec de potentielles nouvelles chutes dans ce virage tr\u00e8s pi\u00e9geur.<\/p>\n<p>La direction de course s&rsquo;est pench\u00e9e sur la s\u00e9quence et a jug\u00e9 que Quartararo avait \u00ab\u00a0agi de mani\u00e8re irresponsable, en d\u00e9sob\u00e9issant aux consignes directes des commissaires, ce qui a g\u00e9n\u00e9r\u00e9 un danger potentiel pour [lui-m\u00eame] et les autres\u00a0\u00bb.<\/p>\n<p>Cette attitude caract\u00e9rise une infraction \u00e0 l&rsquo;article 1.21.2, qui impose aux pilotes de ne pas g\u00e9n\u00e9rer des situations risqu\u00e9es. Quartararo a ainsi re\u00e7u une sanction rare, puisqu&rsquo;il sera priv\u00e9 des dix premi\u00e8res minutes des Essais Libres 1 de la prochaine \u00e9preuve, le Grand Prix de Grande-Bretagne, dans deux semaines. Le Fran\u00e7ais a \u00e9galement re\u00e7u une amende de 2000 euros.<\/p>\n<p>Bastianini sanctionn\u00e9 pour le contact avec Bagnaia<\/p>\n<p><a href=\"https:\/\/fr.motorsport.com\/driver\/enea-bastianini\/109398\/\" target=\"_blank\" rel=\"noopener\">Enea Bastianini<\/a> a de son c\u00f4t\u00e9 \u00e9t\u00e9 jug\u00e9 responsable de l&rsquo;accrochage avec <a href=\"https:\/\/fr.motorsport.com\/driver\/pecco-bagnaia\/109394\/\" target=\"_blank\" rel=\"noopener\">Pecco Bagnaia<\/a> au premier virage. Les commissaires de course, pr\u00e9sid\u00e9s par Simon Crafar depuis le d\u00e9but de la saison, ont estim\u00e9 que le contexte d\u00e9licat, avec une piste humide, avait valeur de circonstance att\u00e9nuante, et sa sanction sera donc un simple <a href=\"https:\/\/fr.motorsport.com\/motogp\/news\/penalite-long-lap-definition-fonctionnement-explications\/6516270\/\" target=\"_blank\" rel=\"noopener\">long-lap<\/a>, \u00e0 respecter en course principale \u00e0 Silverstone.<\/p>\n<p><img decoding=\"async\" class=\"sizer\" draggable=\"false\" src=\"data:image\/png;base64,iVBORw0KGgoAAAANSUhEUgAAABAAAAAJCAYAAAA7KqwyAAAAGXRFWHRTb2Z0d2FyZQBBZG9iZSBJbWFnZVJlYWR5ccllPAAAABpJREFUeNpi\/P\/\/PwMlgImBQjBqwLAwACDAAOVfAw9\/ZDvcAAAAAElFTkSuQmCC\" alt=\"\" loading=\"lazy\"\/><\/p>\n<p class=\"title\">VID\u00c9O &#8211; R\u00c9SUM\u00c9 : Les meilleurs moments de la victoire de Zarco au GP de France<\/p>\n<p>Bastianini a donn\u00e9 beaucoup de travail aux commissaires ce week-end puisque samedi, il a \u00e9t\u00e9 <a href=\"https:\/\/fr.motorsport.com\/motogp\/news\/bastianini-penalise-contact-miller-mans\/10721747\/\" target=\"_blank\" rel=\"noopener\">p\u00e9nalis\u00e9 de deux positions \u00e0 l&rsquo;issue du sprint<\/a> pour avoir eu un contact avec <a href=\"https:\/\/fr.motorsport.com\/driver\/jack-miller\/96423\/\" target=\"_blank\" rel=\"noopener\">Jack Miller<\/a>.<\/p>\n<p>Ce dimanche, l&rsquo;Italien a fait partie des 13 pilotes \u00e0 \u00eatre pass\u00e9s d&rsquo;une moto avec des pneus pluie \u00e0 une \u00e9quip\u00e9e de slicks entre le deuxi\u00e8me tour de mise en grille et le tour de formation pr\u00e9vu dans la foul\u00e9e. Ils ont tous \u00e9t\u00e9 sanctionn\u00e9s par un double passage dans la zone du long-lap, pour avoir d\u00e9but\u00e9 le tour de chauffe depuis la voie des stands \u00e0 la suite de leurs changements de machines.<\/p>\n<p>Lire aussi:<\/p>\n<p>Dans cet article<\/p>\n<p>    Vincent Lalanne-Sicaud\n<\/p>\n<p>    MotoGP\n<\/p>\n<p>    Enea Bastianini\n<\/p>\n<p>    Fabio Quartararo\n<\/p>\n<p>    Yamaha Factory Racing\n<\/p>\n<p>    Tech 3\n<\/p>\n<p>Soyez le premier inform\u00e9 et souscrivez aux alertes mails pour recevoir les infos en temps r\u00e9el<\/p>\n<p>    S&rsquo;abonner aux alertes de news<\/p>\n","protected":false},"excerpt":{"rendered":"Lorsque Fabio Quartararo a chut\u00e9 au GP de France, \u00e0 la fin du troisi\u00e8me tour, il est longuement&hellip;\n","protected":false},"author":2,"featured_media":93418,"comment_status":"","ping_status":"","sticky":false,"template":"","format":"standard","meta":{"footnotes":""},"categories":[1413],"tags":[3377,1680,1011,27,15545,15546,1457,1456,1458,60,3374,3796],"class_list":{"0":"post-93417","1":"post","2":"type-post","3":"status-publish","4":"format-standard","5":"has-post-thumbnail","7":"category-moto","8":"tag-enea-bastianini","9":"tag-fabio-quartararo","10":"tag-fr","11":"tag-france","12":"tag-gp-de-france","13":"tag-le-mans-circuit-bugatti","14":"tag-moto","15":"tag-motocycle","16":"tag-motogp","17":"tag-sports","18":"tag-tech-3","19":"tag-yamaha-factory-racing"},"share_on_mastodon":{"url":"https:\/\/pubeurope.com\/@fr\/114493135494939906","error":""},"_links":{"self":[{"href":"https:\/\/www.europesays.com\/fr\/wp-json\/wp\/v2\/posts\/93417","targetHints":{"allow":["GET"]}}],"collection":[{"href":"https:\/\/www.europesays.com\/fr\/wp-json\/wp\/v2\/posts"}],"about":[{"href":"https:\/\/www.europesays.com\/fr\/wp-json\/wp\/v2\/types\/post"}],"author":[{"embeddable":true,"href":"https:\/\/www.europesays.com\/fr\/wp-json\/wp\/v2\/users\/2"}],"replies":[{"embeddable":true,"href":"https:\/\/www.europesays.com\/fr\/wp-json\/wp\/v2\/comments?post=93417"}],"version-history":[{"count":0,"href":"https:\/\/www.europesays.com\/fr\/wp-json\/wp\/v2\/posts\/93417\/revisions"}],"wp:featuredmedia":[{"embeddable":true,"href":"https:\/\/www.europesays.com\/fr\/wp-json\/wp\/v2\/media\/93418"}],"wp:attachment":[{"href":"https:\/\/www.europesays.com\/fr\/wp-json\/wp\/v2\/media?parent=93417"}],"wp:term":[{"taxonomy":"category","embeddable":true,"href":"https:\/\/www.europesays.com\/fr\/wp-json\/wp\/v2\/categories?post=93417"},{"taxonomy":"post_tag","embeddable":true,"href":"https:\/\/www.europesays.com\/fr\/wp-json\/wp\/v2\/tags?post=93417"}],"curies":[{"name":"wp","href":"https:\/\/api.w.org\/{rel}","templated":true}]}}