{"id":93421,"date":"2025-05-12T05:10:09","date_gmt":"2025-05-12T05:10:09","guid":{"rendered":"https:\/\/www.europesays.com\/fr\/93421\/"},"modified":"2025-05-12T05:10:09","modified_gmt":"2025-05-12T05:10:09","slug":"cyclisme-gand-wevelgem-les-courses-espoirs-et-juniors-le-recap-complet","status":"publish","type":"post","link":"https:\/\/www.europesays.com\/fr\/93421\/","title":{"rendered":"Cyclisme. Gand-Wevelgem &#8211; Les courses Espoirs et Juniors&#8230; le r\u00e9cap&rsquo; complet"},"content":{"rendered":"<p>Ce dimanche, trois courses de <strong>Gand-Wevelgem<\/strong> r\u00e9serv\u00e9es aux jeunes se disputaient : la course des Espoirs hommes, des Juniors gar\u00e7ons et des Juniors filles. Chez les Espoirs, c\u2019est <strong>Alessandro Borgo<\/strong> (Bahrain Victorious Development Team) qui s\u2019est impos\u00e9. L\u2019Italien, d\u00e9j\u00e0 actif chez les \u00c9lites et brillant r\u00e9cemment sur le <strong><a href=\"https:\/\/www.cyclismactu.net\/..\/news-tour-de-bretagne-route-felix-orn-kristoff-vainqueur-final-je-veux-savourer-87624.html\" target=\"_blank\" rel=\"noopener\">Tour de Bretagne<\/a><\/strong>, a devanc\u00e9 le Danois <strong>Patrick Frydkjaer<\/strong> (Lidl-Trek Future Racing) et <strong>Joshua Golliker<\/strong> (EF Education-Aevolo). Le Fran\u00e7ais <strong>Baptiste Gillet<\/strong> a pris la 4e place.<\/p>\n<p>Vid\u00e9o &#8211; Mads Pedersen avait r\u00e9alis\u00e9 un num\u00e9ro sur Gent-Wevelgem Lire la suite de l&rsquo;article&#13;<\/p>\n<p>\u00a0<\/p>\n<p>&#13;<br \/>\nLes r\u00e9sultats des Juniors&#13;<\/p>\n<p>Chez les Juniors, les courses ont \u00e9galement \u00e9t\u00e9 anim\u00e9es. Du c\u00f4t\u00e9 des filles, c\u2019est <strong>Erin Boothman<\/strong> (Tofauti Everyone Active Majaco) qui l\u2019a emport\u00e9. La Britannique a devanc\u00e9 au sprint la N\u00e9erlandaise <strong>Megan Arens<\/strong> (Mix Watersley\/Restore). Sa compatriote <strong>Jente Koops<\/strong> (NXTG Racing) compl\u00e8te le podium.<\/p>\n<p>&#13;<\/p>\n<p>Chez les gar\u00e7ons, la formation <strong>Soudal Quick-Step<\/strong> s\u2019est illustr\u00e9e avec la victoire de <strong>Sune De Valck<\/strong> (Soudal Quick-Step U19). Le Belge a battu <strong>Jasper Verbrugge<\/strong> (Acrog-Tormans U19) au sprint. Huit secondes plus tard, <strong>Thor Feyaerts<\/strong> (Crabb\u00e9-Dstny) est venu d\u00e9crocher la derni\u00e8re place sur le podium.<\/p>\n","protected":false},"excerpt":{"rendered":"Ce dimanche, trois courses de Gand-Wevelgem r\u00e9serv\u00e9es aux jeunes se disputaient : la course des Espoirs hommes, des&hellip;\n","protected":false},"author":2,"featured_media":93422,"comment_status":"","ping_status":"","sticky":false,"template":"","format":"standard","meta":{"footnotes":""},"categories":[1411],"tags":[1154,207,211,1011,27,20575,209,60,210,212,208,213],"class_list":{"0":"post-93421","1":"post","2":"type-post","3":"status-publish","4":"format-standard","5":"has-post-thumbnail","7":"category-cyclisme","8":"tag-cycling","9":"tag-cyclisme","10":"tag-ffc","11":"tag-fr","12":"tag-france","13":"tag-gand-wevelgem","14":"tag-route","15":"tag-sports","16":"tag-tour-de-france","17":"tag-uci","18":"tag-velo","19":"tag-world-tour"},"share_on_mastodon":{"url":"https:\/\/pubeurope.com\/@fr\/114493143318991336","error":""},"_links":{"self":[{"href":"https:\/\/www.europesays.com\/fr\/wp-json\/wp\/v2\/posts\/93421","targetHints":{"allow":["GET"]}}],"collection":[{"href":"https:\/\/www.europesays.com\/fr\/wp-json\/wp\/v2\/posts"}],"about":[{"href":"https:\/\/www.europesays.com\/fr\/wp-json\/wp\/v2\/types\/post"}],"author":[{"embeddable":true,"href":"https:\/\/www.europesays.com\/fr\/wp-json\/wp\/v2\/users\/2"}],"replies":[{"embeddable":true,"href":"https:\/\/www.europesays.com\/fr\/wp-json\/wp\/v2\/comments?post=93421"}],"version-history":[{"count":0,"href":"https:\/\/www.europesays.com\/fr\/wp-json\/wp\/v2\/posts\/93421\/revisions"}],"wp:featuredmedia":[{"embeddable":true,"href":"https:\/\/www.europesays.com\/fr\/wp-json\/wp\/v2\/media\/93422"}],"wp:attachment":[{"href":"https:\/\/www.europesays.com\/fr\/wp-json\/wp\/v2\/media?parent=93421"}],"wp:term":[{"taxonomy":"category","embeddable":true,"href":"https:\/\/www.europesays.com\/fr\/wp-json\/wp\/v2\/categories?post=93421"},{"taxonomy":"post_tag","embeddable":true,"href":"https:\/\/www.europesays.com\/fr\/wp-json\/wp\/v2\/tags?post=93421"}],"curies":[{"name":"wp","href":"https:\/\/api.w.org\/{rel}","templated":true}]}}