{"id":93431,"date":"2025-05-12T05:15:16","date_gmt":"2025-05-12T05:15:16","guid":{"rendered":"https:\/\/www.europesays.com\/fr\/93431\/"},"modified":"2025-05-12T05:15:16","modified_gmt":"2025-05-12T05:15:16","slug":"journaliste-programmes-la-nouvelle-chaine-19-de-la-tnt-devoile-ses-contours","status":"publish","type":"post","link":"https:\/\/www.europesays.com\/fr\/93431\/","title":{"rendered":"journaliste, programmes&#8230; La nouvelle cha\u00eene 19 de la TNT d\u00e9voile ses contours"},"content":{"rendered":"<p>        <img decoding=\"async\" loading=\"lazy\" src=\"https:\/\/www.europesays.com\/fr\/wp-content\/uploads\/2025\/05\/153f80b_sirius-fs-upload-1-rd5n1oqxykfd-1746965298268-capture-da-a-cran-2025-05-11-140816.jpg\"  width=\"728\" height=\"382\" alt=\"Le logo de la future nouvelle cha\u00eene de la TNT NOVO19\"\/>  <\/p>\n<p>DR<\/p>\n<p>Le logo de la future nouvelle cha\u00eene de la TNT NOVO19<\/p>\n<p class=\"asset asset-text\">T\u00c9L\u00c9VISION &#8211; Le top d\u00e9part ne sera donn\u00e9 que lundi 1er\u00a0septembre pour NOVO19. Mais en attendant, la future nouvelle cha\u00eene de la <a href=\"https:\/\/www.huffingtonpost.fr\/medias\/article\/c8-diffuse-un-film-anti-ivg-comme-ultime-provocation-avant-de-fermer_246857.html\" rel=\"nofollow noopener\" target=\"_blank\">TNT<\/a>, lanc\u00e9e par le groupe Ouest-France, se pr\u00e9pare et dessine les contours de sa future grille.<\/p>\n<p class=\"asset asset-text\">Ce dimanche 11\u00a0mai, elle a annonc\u00e9 avoir embauch\u00e9 la journaliste sp\u00e9cialiste du sport Claire Arnoux pour animer un talk-show quotidien, un premier recrutement d\u2019envergure.<\/p>\n<p class=\"asset asset-text\">NOVO19, qui sera visible sur le canal\u00a019\u00a0de la\u00a0TNT, a choisi cette \u00ab\u00a0figure exp\u00e9riment\u00e9e de la t\u00e9l\u00e9\u00a0\u00bb pass\u00e9e par BeIN Sports, <a href=\"https:\/\/www.huffingtonpost.fr\/politique\/article\/jean-luc-melenchon-compare-a-goebbels-sur-bfm-apolline-de-malherbe-fait-une-mise-au-point_249780.html\" target=\"_blank\" rel=\"noopener nofollow\" title=\"Nouvelle fen\u00eatre\">BFMTV<\/a> et I-T\u00e9l\u00e9 (devenue CNews en 2017), d\u00e9clare sa directrice g\u00e9n\u00e9rale Gu\u00e9na\u00eblle Troly, <a href=\"https:\/\/www.ouest-france.fr\/medias\/novo\/etre-bienveillant-nest-pas-un-defaut-claire-arnoux-animera-le-futur-talk-show-de-novo19-2314871c-2c48-11f0-91b6-c53abcaa71f4\" target=\"_blank\" rel=\"noopener nofollow\" title=\"Nouvelle fen\u00eatre\">sur le site du quotidien r\u00e9gional Ouest-France<\/a>. \u00ab\u00a0Sp\u00e9cialiste du sport, elle conna\u00eet aussi le terrain et sait s\u2019adapter \u00e0 l\u2019actualit\u00e9. Sa parole est accessible et elle a les pieds sur terre\u00a0: c\u2019est exactement l\u2019objectif de\u00a0NOVO19\u00a0\u00bb, souligne-t-elle.<\/p>\n<p> La lecture de ce contenu est susceptible d\u2019entra\u00eener un d\u00e9p\u00f4t de cookies de la part de l\u2019op\u00e9rateur tiers qui l\u2019h\u00e9berge. Compte-tenu des choix que vous avez exprim\u00e9s en mati\u00e8re de d\u00e9p\u00f4t de cookies, nous avons bloqu\u00e9 l\u2019affichage de ce contenu. Si vous souhaitez y acc\u00e9der, vous devez accepter la cat\u00e9gorie de cookies \u201cContenus tiers\u201d en cliquant sur le bouton ci-dessous. <\/p>\n<p> Lire la Vid\u00e9o        <\/p>\n<p class=\"asset asset-text\">La journaliste, \u00e2g\u00e9e de 40\u00a0ans, sera entour\u00e9e de chroniqueurs, dont certains seront d\u00e9nich\u00e9s via un casting organis\u00e9 dans toute la France par le m\u00e9dia Brut, qui sera partenaire de l\u2019\u00e9mission.<\/p>\n<p class=\"asset asset-text\">\u00ab\u00a0Je souhaite un rendez-vous utile, qui traite d\u2019actualit\u00e9 et de vie quotidienne\u00a0\u00bb, avec une \u00ab\u00a0ouverture sur le quotidien de Fran\u00e7ais \u00e9loign\u00e9s des m\u00e9tropoles et qu\u2019on oublie souvent\u00a0\u00bb, affirme Claire Arnoux, \u00e9galement cit\u00e9e sur le site de Ouest-France, qui avance un terme r\u00e9p\u00e9t\u00e9 tel un mantra\u00a0: \u00ab\u00a0la bienveillance\u00a0\u00bb.<\/p>\n<p class=\"asset asset-text\">\u00ab\u00a0Il y aura un journaliste d\u00e9di\u00e9 \u00e0 l\u2019actualit\u00e9, mais aussi une personne sp\u00e9cialis\u00e9e dans l\u2019intime, \u00e0 savoir la parentalit\u00e9, la sant\u00e9 mentale, la sexualit\u00e9, le couple&#8230;\u00a0\u00bb, pr\u00e9cise de son c\u00f4t\u00e9 Gu\u00e9na\u00eblle Troly aupr\u00e8s du Parisien. \u00ab\u00a0Nous aurons aussi quelqu\u2019un charg\u00e9 des tendances et de la culture populaire, tandis qu\u2019un autre visage sera ax\u00e9 sur la vie pratique, que ce soit la cuisine ou les petits tracas administratifs\u00a0\u00bb, compl\u00e8te-t-elle \u00e0 propos du talk-show quotidien.<\/p>\n<p>    Magazine, cin\u00e9ma, documentaire&#8230;    <\/p>\n<p class=\"asset asset-text\">Celui-ci, dont le nom n\u2019a pas encore \u00e9t\u00e9 r\u00e9v\u00e9l\u00e9, sera diffus\u00e9 en l\u00e9ger diff\u00e9r\u00e9 du lundi au vendredi, <a href=\"https:\/\/www.leparisien.fr\/culture-loisirs\/tv\/claire-arnoux-journal-de-15-minutes-streaming-la-chaine-novo19-prepare-son-lancement-sur-la-tnt-10-05-2025-EYPGDHZE35EOBPGTEJHAN7XI2A.php\" target=\"_blank\" rel=\"noopener nofollow\" title=\"Nouvelle fen\u00eatre\">entre 19h et 21h selon Le Parisien<\/a>, et\u00a0durera 75\u00a0minutes.<\/p>\n<p class=\"asset asset-text\">Outre cette \u00e9mission, NOVO19, premi\u00e8re cha\u00eene nationale implant\u00e9e dans une ville de moins d\u2019un million d\u2019habitants, \u00e0 Rennes, proposera une vari\u00e9t\u00e9 de programmes\u00a0: un journal quotidien de 15\u00a0minutes en direct, du magazine, du cin\u00e9ma, du documentaire&#8230;<\/p>\n<p class=\"asset asset-text\">Mi-avril, Ouest-France <a href=\"https:\/\/www.ouest-france.fr\/medias\/novo\/novo19-la-chaine-de-television-du-groupe-ouest-france-devoile-son-nom-et-son-equipe-dirigeante-d7947ab0-1543-11f0-9759-9654df6b878b\" target=\"_blank\" rel=\"noopener nofollow\" title=\"Nouvelle fen\u00eatre\">avait expliqu\u00e9 le choix du nom NOVO19<\/a>, alors que celui de OFTV avait dans un premier temps \u00e9t\u00e9 \u00e9voqu\u00e9\u00a0: NOVO19 \u00ab\u00a0fait le lien entre \u201cnous\u201d et \u201cvous\u201d, et reprend la cocarde embl\u00e9matique de Ouest-France, signe bien connu des 21\u00a0millions de lecteurs du titre et des plus de 180\u00a0millions de visites mensuelles de ses sites en ligne.\u00a0\u00bb<\/p>\n<p class=\"asset asset-text\">\u00ab\u00a0Nous voulons que ce nom devienne un r\u00e9flexe quotidien utile, rassurant et informatif, porteur d\u2019un regard neuf et apais\u00e9, nourri des valeurs d\u00e9fendues par notre groupe\u00a0\u00bb, pr\u00e9cisait la directrice g\u00e9n\u00e9rale de la nouvelle cha\u00eene.<\/p>\n<p class=\"asset asset-text\">Onze fr\u00e9quences de la\u00a0TNT (t\u00e9l\u00e9vision num\u00e9rique terrestre) ont \u00e9t\u00e9 r\u00e9attribu\u00e9es en d\u00e9cembre par l\u2019Arcom. Le r\u00e9gulateur a s\u00e9lectionn\u00e9 deux nouvelles cha\u00eenes, celle lanc\u00e9e par CMI France, le groupe contr\u00f4l\u00e9 par le milliardaire tch\u00e8que Daniel Kretinsky, et baptis\u00e9e T18, et une autre par Ouest-France. T18, \u00e0 partir du 6\u00a0juin, et NOVO19 \u00e0 partir du 1er\u00a0septembre, <a href=\"https:\/\/www.huffingtonpost.fr\/medias\/article\/c8-et-nrj12-ont-disparu-de-la-tnt-voici-ce-qu-on-va-voir-desormais-sur-la-8-et-la-12-clx1_246668.html\" rel=\"nofollow noopener\" target=\"_blank\">remplaceront C8 et NRJ12<\/a>, qui ont cess\u00e9 d\u2019\u00e9mettre fin f\u00e9vrier.<\/p>\n<p class=\"asset asset-text\"><strong>\u00c0 voir \u00e9galement sur Le HuffPost\u00a0:<\/strong><\/p>\n<p> La lecture de ce contenu est susceptible d\u2019entra\u00eener un d\u00e9p\u00f4t de cookies de la part de l\u2019op\u00e9rateur tiers qui l\u2019h\u00e9berge. Compte-tenu des choix que vous avez exprim\u00e9s en mati\u00e8re de d\u00e9p\u00f4t de cookies, nous avons bloqu\u00e9 l\u2019affichage de ce contenu. Si vous souhaitez y acc\u00e9der, vous devez accepter la cat\u00e9gorie de cookies \u201cContenus tiers\u201d en cliquant sur le bouton ci-dessous. <\/p>\n<p> Lire la Vid\u00e9o                <\/p>\n","protected":false},"excerpt":{"rendered":"DR Le logo de la future nouvelle cha\u00eene de la TNT NOVO19 T\u00c9L\u00c9VISION &#8211; Le top d\u00e9part ne&hellip;\n","protected":false},"author":2,"featured_media":93432,"comment_status":"","ping_status":"","sticky":false,"template":"","format":"standard","meta":{"footnotes":""},"categories":[1356],"tags":[251,58,59,1011,27,500,252,3171,1364],"class_list":{"0":"post-93431","1":"post","2":"type-post","3":"status-publish","4":"format-standard","5":"has-post-thumbnail","7":"category-television","8":"tag-culture","9":"tag-divertissement","10":"tag-entertainment","11":"tag-fr","12":"tag-france","13":"tag-medias","14":"tag-television","15":"tag-tnt","16":"tag-tv"},"share_on_mastodon":{"url":"https:\/\/pubeurope.com\/@fr\/114493163228385132","error":""},"_links":{"self":[{"href":"https:\/\/www.europesays.com\/fr\/wp-json\/wp\/v2\/posts\/93431","targetHints":{"allow":["GET"]}}],"collection":[{"href":"https:\/\/www.europesays.com\/fr\/wp-json\/wp\/v2\/posts"}],"about":[{"href":"https:\/\/www.europesays.com\/fr\/wp-json\/wp\/v2\/types\/post"}],"author":[{"embeddable":true,"href":"https:\/\/www.europesays.com\/fr\/wp-json\/wp\/v2\/users\/2"}],"replies":[{"embeddable":true,"href":"https:\/\/www.europesays.com\/fr\/wp-json\/wp\/v2\/comments?post=93431"}],"version-history":[{"count":0,"href":"https:\/\/www.europesays.com\/fr\/wp-json\/wp\/v2\/posts\/93431\/revisions"}],"wp:featuredmedia":[{"embeddable":true,"href":"https:\/\/www.europesays.com\/fr\/wp-json\/wp\/v2\/media\/93432"}],"wp:attachment":[{"href":"https:\/\/www.europesays.com\/fr\/wp-json\/wp\/v2\/media?parent=93431"}],"wp:term":[{"taxonomy":"category","embeddable":true,"href":"https:\/\/www.europesays.com\/fr\/wp-json\/wp\/v2\/categories?post=93431"},{"taxonomy":"post_tag","embeddable":true,"href":"https:\/\/www.europesays.com\/fr\/wp-json\/wp\/v2\/tags?post=93431"}],"curies":[{"name":"wp","href":"https:\/\/api.w.org\/{rel}","templated":true}]}}