{"id":93442,"date":"2025-05-12T05:22:17","date_gmt":"2025-05-12T05:22:17","guid":{"rendered":"https:\/\/www.europesays.com\/fr\/93442\/"},"modified":"2025-05-12T05:22:17","modified_gmt":"2025-05-12T05:22:17","slug":"lallemand-sap-supprime-ses-programmes-de-diversite-pour-se-plier-a-ladministration-trump","status":"publish","type":"post","link":"https:\/\/www.europesays.com\/fr\/93442\/","title":{"rendered":"L\u2019allemand SAP supprime ses programmes de diversit\u00e9 pour se plier \u00e0 l&rsquo;administration Trump"},"content":{"rendered":"<p class=\"fig-paragraph\">Le g\u00e9ant allemand des logiciels SAP va supprimer plusieurs de ses mesures d&rsquo;inclusion et de diversit\u00e9\u00a0<a href=\"http:\/\/www.lefigaro.fr\/societes\/lettre-anti-diversite-washington-ne-prevoit-pas-de-verification-aupres-des-entreprises-etrangeres-20250402\" data-fig-type=\"NewsFlash\" data-gtm-custom-categorie=\"navigation\" data-gtm-custom-action=\"crossclick\" data-gtm-custom-label=\"Contextuel\" data-gtm-event=\"customEventSPE\" data-fig-domain=\"LEFIGARO\" target=\"_blank\" rel=\"noopener\">pour se plier \u00e0 l&rsquo;administration Trump<\/a>, a indiqu\u00e9 un de ses porte-parole ce dimanche 11 mai, confirmant une information de presse. Selon un mail interne consult\u00e9 par le journal Handelsblatt, SAP va abandonner son objectif d&rsquo;atteindre 40% de femmes parmi ses employ\u00e9s.<\/p>\n<p class=\"fig-paragraph\">Les quotas de femmes dans les postes de direction ne seront plus appliqu\u00e9s aux \u00c9tats-Unis, o\u00f9 SAP emploie 17.000 personnes, soit 16% de sa masse salariale, et a r\u00e9alis\u00e9 pr\u00e8s d&rsquo;un tiers de son chiffre d&rsquo;affaires en 2024. Par ailleurs, l&rsquo;entreprise bas\u00e9e \u00e0 Walldorf ne prendra plus en compte la diversit\u00e9 des sexes comme crit\u00e8re de r\u00e9mun\u00e9ration de son directoire.<\/p>\n<p class=\"fig-paragraph\">Son d\u00e9partement d\u00e9di\u00e9 \u00e0 la diversit\u00e9 et \u00e0 l&rsquo;inclusion va aussi perdre son autonomie pour \u00eatre fusionn\u00e9 avec un autre. Dans un communiqu\u00e9 paru vendredi, le groupe c\u00f4t\u00e9 au Dax \u00e0 la Bourse de Francfort \u00abs&rsquo;engage \u00e0 cr\u00e9er un lieu de travail inclusif\u00bb tout en \u00abse conform[ant] pleinement aux exigences l\u00e9gales dans chaque pays o\u00f9 elle op\u00e8re\u00bb.<\/p>\n<p>Lettres de l\u2019ambassade am\u00e9ricaine<\/p>\n<p class=\"fig-paragraph\">D\u00e8s le premier jour de son retour \u00e0 la Maison Blanche, Donald Trump a sign\u00e9 un d\u00e9cret ex\u00e9cutif d\u00e9clarant ill\u00e9gaux les programmes \u00abDEI\u00bb (Diversit\u00e9, \u00e9quit\u00e9, inclusion) promouvant l&rsquo;\u00e9galit\u00e9 des chances. Il menace ainsi de poursuivre les entreprises, am\u00e9ricaines comme \u00e9trang\u00e8res, qui continuent de les mettre en \u0153uvre.<\/p>\n<p class=\"fig-paragraph\">Selon la chambre allemande de commerce et d&rsquo;industrie (DIHK), plusieurs entreprises allemandes ont re\u00e7u\u00a0<a href=\"http:\/\/www.lefigaro.fr\/societes\/politique-anti-discrimination-le-figaro-s-est-procure-la-lettre-envoyee-par-l-administration-trump-a-des-entreprises-francaises-20250328\" data-fig-type=\"NewsFlash\" data-gtm-custom-categorie=\"navigation\" data-gtm-custom-action=\"crossclick\" data-gtm-custom-label=\"Contextuel\" data-gtm-event=\"customEventSPE\" data-fig-domain=\"LEFIGARO\" target=\"_blank\" rel=\"noopener\">des lettres de l&rsquo;ambassade am\u00e9ricaine \u00e0 ce sujet<\/a>. Depuis cette annonce, SAP est l&rsquo;un des premiers grands groupes allemands \u00e0 revenir ouvertement sur sa politique d&rsquo;inclusivit\u00e9. En avril, T-Mobile, la filiale am\u00e9ricaine de l&rsquo;op\u00e9rateur mobile Deutsche Telekom, s&rsquo;\u00e9tait aussi engag\u00e9 \u00e0 abandonner en grande partie ses mesures DEI.<\/p>\n","protected":false},"excerpt":{"rendered":"Le g\u00e9ant allemand des logiciels SAP va supprimer plusieurs de ses mesures d&rsquo;inclusion et de diversit\u00e9\u00a0pour se plier&hellip;\n","protected":false},"author":2,"featured_media":93443,"comment_status":"","ping_status":"","sticky":false,"template":"","format":"standard","meta":{"footnotes":""},"categories":[6],"tags":[1111,47,11,1117,1109,35,1112,636,75,33,34,341,257,632,1108,107,1106,1107,1119,1011,27,1116,1110,1114,500,12,1113,1118,137,20581,401,1115],"class_list":{"0":"post-93442","1":"post","2":"type-post","3":"status-publish","4":"format-standard","5":"has-post-thumbnail","7":"category-economie","8":"tag-actu","9":"tag-actualite","10":"tag-actualites","11":"tag-assurance","12":"tag-breves","13":"tag-business","14":"tag-depeches","15":"tag-devises","16":"tag-donald-trump","17":"tag-economie","18":"tag-economy","19":"tag-emploi","20":"tag-entreprise","21":"tag-fcp","22":"tag-fil","23":"tag-fil-info","24":"tag-flash","25":"tag-flash-actu","26":"tag-formation","27":"tag-fr","28":"tag-france","29":"tag-immobilier","30":"tag-informations","31":"tag-infos","32":"tag-medias","33":"tag-news","34":"tag-nouvelles","35":"tag-placement","36":"tag-retraite","37":"tag-sap","38":"tag-sicav","39":"tag-taux"},"share_on_mastodon":{"url":"https:\/\/pubeurope.com\/@fr\/114493190572558193","error":""},"_links":{"self":[{"href":"https:\/\/www.europesays.com\/fr\/wp-json\/wp\/v2\/posts\/93442","targetHints":{"allow":["GET"]}}],"collection":[{"href":"https:\/\/www.europesays.com\/fr\/wp-json\/wp\/v2\/posts"}],"about":[{"href":"https:\/\/www.europesays.com\/fr\/wp-json\/wp\/v2\/types\/post"}],"author":[{"embeddable":true,"href":"https:\/\/www.europesays.com\/fr\/wp-json\/wp\/v2\/users\/2"}],"replies":[{"embeddable":true,"href":"https:\/\/www.europesays.com\/fr\/wp-json\/wp\/v2\/comments?post=93442"}],"version-history":[{"count":0,"href":"https:\/\/www.europesays.com\/fr\/wp-json\/wp\/v2\/posts\/93442\/revisions"}],"wp:featuredmedia":[{"embeddable":true,"href":"https:\/\/www.europesays.com\/fr\/wp-json\/wp\/v2\/media\/93443"}],"wp:attachment":[{"href":"https:\/\/www.europesays.com\/fr\/wp-json\/wp\/v2\/media?parent=93442"}],"wp:term":[{"taxonomy":"category","embeddable":true,"href":"https:\/\/www.europesays.com\/fr\/wp-json\/wp\/v2\/categories?post=93442"},{"taxonomy":"post_tag","embeddable":true,"href":"https:\/\/www.europesays.com\/fr\/wp-json\/wp\/v2\/tags?post=93442"}],"curies":[{"name":"wp","href":"https:\/\/api.w.org\/{rel}","templated":true}]}}