{"id":93446,"date":"2025-05-12T05:24:10","date_gmt":"2025-05-12T05:24:10","guid":{"rendered":"https:\/\/www.europesays.com\/fr\/93446\/"},"modified":"2025-05-12T05:24:10","modified_gmt":"2025-05-12T05:24:10","slug":"bruno-retailleau-estime-que-lorganisation-du-scrutin-couterait-entre-100-et-200-millions-deuros-liberation","status":"publish","type":"post","link":"https:\/\/www.europesays.com\/fr\/93446\/","title":{"rendered":"Bruno Retailleau estime que l\u2019organisation du scrutin co\u00fbterait entre 100 et 200\u00a0millions d\u2019euros \u2013 Lib\u00e9ration"},"content":{"rendered":"<p class=\"sc-ksZaOG ehjQrN text-element\">Un r\u00e9f\u00e9rendum sur le budget devrait-il soumettre son propre budget \u00e0 un r\u00e9f\u00e9rendum ? Le ministre de l\u2019Int\u00e9rieur a expliqu\u00e9 ce dimanche 11 mai <a href=\"https:\/\/www.publicsenat.fr\/emission\/le-grand-jury-rtl-le-figaro\/linvite-du-grand-jury-bruno-retailleau-e37\" target=\"_blank\" rel=\"noreferrer noopener\" title=\"https:\/\/www.publicsenat.fr\/emission\/le-grand-jury-rtl-le-figaro\/linvite-du-grand-jury-bruno-retailleau-e37\">au Grand Jury RTL-Public S\u00e9nat-le Figaro-M6 <\/a>qu\u2019un tel scrutin, comprenant \u00e9ventuellement plusieurs questions, pouvait \u00eatre organis\u00e9 apr\u00e8s l\u2019\u00e9t\u00e9. Pour un co\u00fbt \u00e9valu\u00e9 entre 100 et 200 millions d\u2019euros.<\/p>\n<p class=\"sc-ksZaOG ehjQrN text-element\">Fran\u00e7ois Bayrou a r\u00e9cemment souhait\u00e9 <a href=\"https:\/\/www.liberation.fr\/politique\/avec-son-fantasme-de-referendum-sur-le-budget-francois-bayrou-cumule-lenfumage-et-le-contournement-20250505_NOTQPU4XW5CWZHMESG4XX3ABOI\/\" target=\"_blank\" rel=\"noreferrer noopener\" title=\"https:\/\/www.liberation.fr\/politique\/avec-son-fantasme-de-referendum-sur-le-budget-francois-bayrou-cumule-lenfumage-et-le-contournement-20250505_NOTQPU4XW5CWZHMESG4XX3ABOI\/\">pouvoir interroger les Fran\u00e7ais directement<\/a> sur la question des finances publiques. Le pr\u00e9sident Emmanuel Macron, <a href=\"https:\/\/www.liberation.fr\/politique\/emmanuel-macron-ou-cinquante-nuances-de-referendums-20250210_BZKA7HWEI5CILMTPGGKIRNPWII\/\" target=\"_blank\" rel=\"noreferrer noopener\" title=\"https:\/\/www.liberation.fr\/politique\/emmanuel-macron-ou-cinquante-nuances-de-referendums-20250210_BZKA7HWEI5CILMTPGGKIRNPWII\/\">dont c\u2019est la pr\u00e9rogative<\/a>, devrait dire ce mardi 13 mai sur TF1 ce qu\u2019il en pense et donner des d\u00e9tails sur les r\u00e9f\u00e9rendums qu\u2019il avait \u00e9voqu\u00e9s lors de ses v\u0153ux aux Fran\u00e7ais pour 2025.<\/p>\n<p class=\"sc-ksZaOG ehjQrN text-element\">Assurant avoir d\u00e9j\u00e0 tenu \u00abun certain nombre de r\u00e9unions au minist\u00e8re de l\u2019Int\u00e9rieur\u00bb et avoir \u00e9t\u00e9 sollicit\u00e9 pour \u00abtrancher un certain nombre de questions\u00bb, <a href=\"https:\/\/www.liberation.fr\/politique\/quest-ce-que-la-jeune-garde-lorganisation-antifasciste-que-bruno-retailleau-veut-dissoudre-20250509_Q6YFJN3GWREE5FBUTLI335AKK4\/\" target=\"_blank\" rel=\"noreferrer noopener\" title=\"https:\/\/www.liberation.fr\/politique\/quest-ce-que-la-jeune-garde-lorganisation-antifasciste-que-bruno-retailleau-veut-dissoudre-20250509_Q6YFJN3GWREE5FBUTLI335AKK4\/\">Bruno Retailleau<\/a> a assur\u00e9 qu\u2019\u00abun r\u00e9f\u00e9rendum qui n\u2019est pas d\u00e9mat\u00e9rialis\u00e9, c\u2019est \u00e0 peu pr\u00e8s un co\u00fbt de 200 millions d\u2019euros\u00bb car \u00abil faut pr\u00e9voir le papier\u00bb. \u00abUn r\u00e9f\u00e9rendum compl\u00e8tement d\u00e9mat\u00e9rialis\u00e9, c\u2019est 100 millions d\u2019euros\u00bb, a-t-il ajout\u00e9, alertant n\u00e9anmoins sur les risques li\u00e9s \u00e0 la \u00abfracture num\u00e9rique\u00bb.<\/p>\n<p class=\"sc-ksZaOG ehjQrN text-element\">Il a par ailleurs jug\u00e9 peu probable l\u2019organisation d\u2019un tel scrutin avant l\u2019\u00e9t\u00e9. \u00abIl y a une \u00e9norme administration tr\u00e8s concr\u00e8te, y compris avec les communes, pour mettre au point la propagande \u00e9lectorale, pour mettre au point les r\u00e8gles. C\u2019est compliqu\u00e9\u00bb, a-t-il justifi\u00e9, rappelant \u00e9galement la n\u00e9cessit\u00e9 d\u2019avoir \u00abune campagne \u00e9lectorale\u00bb. \u00abMais dans les mois ensuite, bien s\u00fbr que oui\u00bb, a-t-il compl\u00e9t\u00e9.<\/p>\n<p class=\"sc-ksZaOG ehjQrN text-element\">Concr\u00e8tement, il n\u2019a pas exclu un r\u00e9f\u00e9rendum avec \u00abdeux ou trois\u00bb interrogations mais pas \u00abun questionnaire \u00e0 choix multiples qui comprendrait des dizaines de questions\u00bb. \u00ab\u00c7a m\u00e9conna\u00eetrait le sujet de la sinc\u00e9rit\u00e9 du scrutin\u00bb, a estim\u00e9 le ministre de l\u2019Int\u00e9rieur, dont le portefeuille comprend l\u2019organisation des \u00e9lections.<\/p>\n<p class=\"sc-ksZaOG ehjQrN text-element\">\u00abIl peut y avoir un bulletin de vote, si j\u2019ose dire, avec un certain nombre de cases \u00e0 remplir, mais tr\u00e8s peu, tr\u00e8s peu\u00bb, a-t-il insist\u00e9, rappelant qu\u2019\u00abon ne l\u2019a jamais fait\u00bb en France. \u00abIl peut y avoir trois sujets diff\u00e9rents [avec] une case \u201coui\u201d et une case \u201cnon\u201d\u00bb, a-t-il encore imagin\u00e9. Mais, a insist\u00e9 le responsable politique, les r\u00e9ponses attendues doivent avoir \u00abune port\u00e9e significative et normative\u00bb. Avant de conclure : \u00abSi on fait le caf\u00e9 du commerce dans un r\u00e9f\u00e9rendum, \u00e7a ne marche pas.\u00bb<\/p>\n","protected":false},"excerpt":{"rendered":"Un r\u00e9f\u00e9rendum sur le budget devrait-il soumettre son propre budget \u00e0 un r\u00e9f\u00e9rendum ? Le ministre de l\u2019Int\u00e9rieur&hellip;\n","protected":false},"author":2,"featured_media":93447,"comment_status":"","ping_status":"","sticky":false,"template":"","format":"standard","meta":{"footnotes":""},"categories":[4],"tags":[11,1013,1073,1011,27,431,12,20582,25],"class_list":{"0":"post-93446","1":"post","2":"type-post","3":"status-publish","4":"format-standard","5":"has-post-thumbnail","7":"category-france","8":"tag-actualites","9":"tag-bruno-retailleau","10":"tag-emmanuel-macron","11":"tag-fr","12":"tag-france","13":"tag-francois-bayrou","14":"tag-news","15":"tag-referendums","16":"tag-republique-francaise"},"share_on_mastodon":{"url":"https:\/\/pubeurope.com\/@fr\/114493198445434267","error":""},"_links":{"self":[{"href":"https:\/\/www.europesays.com\/fr\/wp-json\/wp\/v2\/posts\/93446","targetHints":{"allow":["GET"]}}],"collection":[{"href":"https:\/\/www.europesays.com\/fr\/wp-json\/wp\/v2\/posts"}],"about":[{"href":"https:\/\/www.europesays.com\/fr\/wp-json\/wp\/v2\/types\/post"}],"author":[{"embeddable":true,"href":"https:\/\/www.europesays.com\/fr\/wp-json\/wp\/v2\/users\/2"}],"replies":[{"embeddable":true,"href":"https:\/\/www.europesays.com\/fr\/wp-json\/wp\/v2\/comments?post=93446"}],"version-history":[{"count":0,"href":"https:\/\/www.europesays.com\/fr\/wp-json\/wp\/v2\/posts\/93446\/revisions"}],"wp:featuredmedia":[{"embeddable":true,"href":"https:\/\/www.europesays.com\/fr\/wp-json\/wp\/v2\/media\/93447"}],"wp:attachment":[{"href":"https:\/\/www.europesays.com\/fr\/wp-json\/wp\/v2\/media?parent=93446"}],"wp:term":[{"taxonomy":"category","embeddable":true,"href":"https:\/\/www.europesays.com\/fr\/wp-json\/wp\/v2\/categories?post=93446"},{"taxonomy":"post_tag","embeddable":true,"href":"https:\/\/www.europesays.com\/fr\/wp-json\/wp\/v2\/tags?post=93446"}],"curies":[{"name":"wp","href":"https:\/\/api.w.org\/{rel}","templated":true}]}}