{"id":93462,"date":"2025-05-12T05:34:11","date_gmt":"2025-05-12T05:34:11","guid":{"rendered":"https:\/\/www.europesays.com\/fr\/93462\/"},"modified":"2025-05-12T05:34:11","modified_gmt":"2025-05-12T05:34:11","slug":"nathalie-raconte-sa-vie-avec-la-fibromyalgie","status":"publish","type":"post","link":"https:\/\/www.europesays.com\/fr\/93462\/","title":{"rendered":"Nathalie raconte sa vie avec la fibromyalgie"},"content":{"rendered":"<p>            Par<br \/>\n        <strong><br \/>\n            <a href=\"https:\/\/actu.fr\/auteur\/adrien-filoche\" title=\"Consulter tous les articles de Adrien Filoche\" target=\"_blank\" rel=\"noopener\">Adrien Filoche<\/a><br \/>\n        <\/strong><\/p>\n<p>        Publi\u00e9 le<\/p>\n<p>            12 mai 2025 \u00e0 6h56        <\/p>\n<p>\u00ab\u2009Certains matins, j\u2019ai l\u2019impression d\u2019avoir 90\u00a0ans en me levant.\u2009\u00bb Il y a maintenant sept ans, Nathalie a \u00e9t\u00e9 diagnostiqu\u00e9e de la <a href=\"https:\/\/actu.fr\/normandie\/arques-la-bataille_76026\/fibromyalgie-un-nouveau-collectif-pour-trouver-du-soutien-face-a-la-maladie-pres-de-dieppe_62518026.html\" target=\"_blank\" rel=\"noopener\">fibromyalgie<\/a>, une <a href=\"https:\/\/actu.fr\/normandie\/cherbourg-en-cotentin_50129\/atteint-dune-maladie-chronique-incurable-ce-cherbourgeois-veut-faire-changer-les-regards-sur-le-handicap_61765474.html\" target=\"_blank\" rel=\"noopener\">maladie chronique<\/a> qui se caract\u00e9rise par <strong>des douleurs diffuses persistantes dans tout le corps<\/strong>. \u00c0 l\u2019occasion de la journ\u00e9e internationale de la fibromyalgie ce 12\u00a0mai 2025, l\u2019habitante de <a href=\"https:\/\/actu.fr\/normandie\/petit-couronne_76497\" target=\"_blank\" rel=\"noopener\">Petit-Couronne (Seine-Maritime),<\/a> pr\u00e8s de Rouen, a accept\u00e9 de t\u00e9moigner de son quotidien avec la maladie, qu\u2019elle qualifie de \u00ab\u2009handicap invisible\u2009\u00bb.<\/p>\n<p>Un diagnostic complexe<\/p>\n<p class=\" wall-content\">L\u2019une des premi\u00e8res difficult\u00e9s avec la fibromyalgie, <strong>c\u2019est le diagnostic, tr\u00e8s difficile \u00e0 \u00e9tablir.<\/strong> \u00c0 ce jour, aucun examen de laboratoire ou radiologique ne permet d\u2019affirmer de mani\u00e8re certaine qu\u2019une personne en souffre.<\/p>\n<p class=\" wall-content\">Pour Nathalie, cela a d\u00e9but\u00e9 par <strong>des douleurs chroniques un peu partout dans le corps.<\/strong> \u00ab\u2009C\u2019\u00e9tait comme des courbatures, mais en bien plus fort\u2009\u00bb, explique-t-elle. Les douleurs ne passent pas, la Normande va donc consulter son m\u00e9decin g\u00e9n\u00e9raliste qui la redirige vers un rhumatologue. Elle attend pr\u00e8s de deux mois avant un rendez-vous. <strong>Le diagnostic tombe d\u00e8s la premi\u00e8re consultation.<\/strong><\/p>\n<p>La fibromyalgie, c&rsquo;est quoi ?<\/p>\n<p>Selon le site Ameli.fr, \u00ab\u00a0la fibromyalgie, ou syndrome fibromyalgique, est une affection chronique caract\u00e9ris\u00e9e par des douleurs diffuses persistantes et une sensibilit\u00e9 \u00e0 la pression. Le plus souvent, ces douleurs sont associ\u00e9es \u00e0 d\u2019autres signes \u00e9vocateurs comme une fatigue intense, des troubles du sommeil, etc. Ces sympt\u00f4mes ont pour cons\u00e9quence une diminution de la capacit\u00e9 \u00e0 effectuer les activit\u00e9s de la vie quotidienne\u00a0\u00bb.<\/p>\n<p class=\" wall-content\">\u00ab\u2009Je ne connaissais pas du tout cette maladie. On commence seulement \u00e0 en parler, c\u2019est tr\u00e8s mal connu\u2009\u00bb, assure Nathalie. Selon <a href=\"https:\/\/sante.gouv.fr\/soins-et-maladies\/prises-en-charge-specialisees\/douleur\/article\/la-fibromyalgie\" target=\"_blank\" rel=\"noopener\">les chiffres du minist\u00e8re de la Sant\u00e9<\/a>, cette pathologie toucherait environ 1,5\u2009% de la population.<\/p>\n<p>Comment vivre avec la maladie\u2009?<\/p>\n<p class=\" wall-content\">Souffrir de fibromyalgie, c\u2019est avoir des douleurs, constamment. \u00ab\u2009Lors des crises, les douleurs, ce sont comme des courbatures, mais <strong>en 30\u00a0fois plus violent<\/strong>\u2009\u00bb, confie Nathalie. Cela touche autant les bras, les jambes que le dos.<\/p>\n<blockquote class=\"ac-article-quote wall-content\">\n<p>On a mal constamment, c\u2019est juste que lors des crises, c\u2019est vraiment tr\u00e8s douloureux. J\u2019ai appris \u00e0 vivre avec, \u00e0 g\u00e9rer la douleur, mais \u00e7a reste compliqu\u00e9.<\/p>\n<p>    <strong>Nathalie,<\/strong><br \/>\n        atteinte de fibromyalgie.    <\/p><\/blockquote>\n<p class=\" wall-content\">La maladie est d\u2019autant plus sournoise qu\u2019elle agit comme <strong>un cercle vicieux.<\/strong> \u00ab\u2009Elle emp\u00eache l\u2019activit\u00e9, mais si tu n\u2019en fais pas, elle empire\u2009\u00bb, souligne la Couronnaise. Et d\u2019ajouter\u2009: \u00ab\u2009Je m\u2019oblige quand m\u00eame \u00e0 bouger, je ne suis pas quelqu\u2019un qui reste inactif.\u2009\u00bb<\/p>\n<p>Une maladie non reconnue<\/p>\n<p class=\" wall-content\">En 2023, lors d\u2019une s\u00e9ance parlementaire, Patrick Chaize, un s\u00e9nateur LR a interrog\u00e9 le minist\u00e8re de la sant\u00e9 sur <a href=\"https:\/\/www.senat.fr\/questions\/base\/2023\/qSEQ230607230.html\" target=\"_blank\" rel=\"noopener\">la reconnaissance de la fibromyalgie comme affection de longue dur\u00e9e.<\/a><\/p>\n<p class=\" wall-content\">\u00ab\u2009L\u2019absence de causes connues permettant de d\u00e9finir des crit\u00e8res m\u00e9dicaux d\u2019admission, le manque d\u2019examens diagnostiques identifi\u00e9s et la variabilit\u00e9 des prises en charge et des traitements ne permettent pas de constituer les bases de la cr\u00e9ation d\u2019une affection de longue dur\u00e9e (ALD). N\u00e9anmoins, pour les patients atteints de formes s\u00e9v\u00e8res et invalidantes, une prise en charge au titre des affections \u2018hors liste\u2019, conform\u00e9ment \u00e0 l\u2019article R. 322-6 du code de la S\u00e9curit\u00e9 sociale, est possible\u2009\u00bb, avait r\u00e9pondu le minist\u00e8re de la Sant\u00e9 \u00e0 la sollicitation du s\u00e9nateur.<\/p>\n<p class=\" wall-content\">Et dans la r\u00e9alit\u00e9\u2009? Il y a de \u00e7a quelques ann\u00e9es, Nathalie a effectu\u00e9 <strong>une demande aupr\u00e8s de la MDPH<\/strong> (Maison d\u00e9partementale des personnes handicap\u00e9es) de la Seine-Maritime. \u00ab\u2009Mon dossier a \u00e9t\u00e9 rejet\u00e9, on ne m\u2019a accord\u00e9 aucune indemnit\u00e9\u2009\u00bb, souligne la Normande, am\u00e8re. Et d\u2019ajouter\u2009: \u00ab\u2009Huit mois d\u2019attente pour un refus, c\u2019est frustrant. C\u2019est un parcours du combattant pour \u00eatre reconnue malade.\u2009\u00bb Pourtant, les douleurs sont bien r\u00e9elles. Et c\u2019est tr\u00e8s handicapant.<\/p>\n<p class=\" wall-content\"><strong>Sans aide et vivant seule<\/strong>, Nathalie a \u00e9t\u00e9 contrainte de reprendre le travail, apr\u00e8s un long arr\u00eat. \u00ab\u2009Je travaillais dans les \u00e9coles, pour faire le m\u00e9nage et la cantine. Mais \u00e7a a \u00e9t\u00e9 trop difficile\u2009\u00bb, confie-t-elle. Aujourd\u2019hui, elle est \u00e0 la recherche d\u2019un emploi. Mais avec sa pathologie, cela s\u2019av\u00e8re difficile. \u00ab\u2009Pourtant, ce n\u2019est pas l\u2019envie qui manque\u2009!\u2009\u00bb<\/p>\n<p class=\" wall-content\">Ce t\u00e9moignage, c\u2019est aussi pour elle un moyen d\u2019apporter des conseils \u00e0 d\u2019autres personnes qui souffrent de douleurs et qui n\u2019ont pas forc\u00e9ment le diagnostic. \u00ab\u2009La premi\u00e8re chose, c\u2019est de <strong>trouver un bon sp\u00e9cialiste qui conna\u00eet la maladie<\/strong>, et surtout, de ne pas attendre que cela passe\u2009\u00bb, insiste-t-elle. Avant de conclure\u2009: \u00ab\u2009C\u2019est une maladie tr\u00e8s usante qui isole. Beaucoup ne comprennent pas, car c\u2019est un handicap invisible.\u2009\u00bb<\/p>\n<p>Suivez l\u2019actualit\u00e9 de Rouen sur <a href=\"https:\/\/www.whatsapp.com\/channel\/0029VaKfnf99hXF2ddApFB1D\" target=\"_blank\" rel=\"noopener\">notre cha\u00eene WhatsApp<\/a> et sur <a href=\"https:\/\/www.tiktok.com\/@76actu.fr?lang=fr\" target=\"_blank\" rel=\"noopener\">notre compte TikTok<\/a><\/p>\n<p class=\" wall-content\">Suivez toute l\u2019actualit\u00e9 de vos villes et m\u00e9dias favoris en vous inscrivant \u00e0 <a href=\"https:\/\/moncompte.actu.fr\" title=\"D\u00e9couvez Mon Actu\" rel=\"nofollow noopener\" data-trk=\"{&quot;cta&quot;:{&quot;action&quot;:&quot;https:\\\/\\\/moncompte.actu.fr&quot;,&quot;category&quot;:&quot;mon compte&quot;,&quot;from&quot;:&quot;article footer&quot;,&quot;name&quot;:&quot;Mon actu&quot;,&quot;type&quot;:&quot;cta&quot;}}\" target=\"_blank\">Mon Actu<\/a>.<\/p>\n<p>                    <script async src=\"\/\/www.tiktok.com\/embed.js\"><\/script><\/p>\n","protected":false},"excerpt":{"rendered":"Par Adrien Filoche Publi\u00e9 le 12 mai 2025 \u00e0 6h56 \u00ab\u2009Certains matins, j\u2019ai l\u2019impression d\u2019avoir 90\u00a0ans en me&hellip;\n","protected":false},"author":2,"featured_media":93463,"comment_status":"","ping_status":"","sticky":false,"template":"","format":"standard","meta":{"footnotes":""},"categories":[9587],"tags":[1111,11,1777,674,1011,27,12,5161,25,9590,71,104,240],"class_list":{"0":"post-93462","1":"post","2":"type-post","3":"status-publish","4":"format-standard","5":"has-post-thumbnail","7":"category-rouen","8":"tag-actu","9":"tag-actualites","10":"tag-eu","11":"tag-europe","12":"tag-fr","13":"tag-france","14":"tag-news","15":"tag-normandie","16":"tag-republique-francaise","17":"tag-rouen","18":"tag-sante","19":"tag-societe","20":"tag-temoignage"},"share_on_mastodon":{"url":"https:\/\/pubeurope.com\/@fr\/114493238002272955","error":""},"_links":{"self":[{"href":"https:\/\/www.europesays.com\/fr\/wp-json\/wp\/v2\/posts\/93462","targetHints":{"allow":["GET"]}}],"collection":[{"href":"https:\/\/www.europesays.com\/fr\/wp-json\/wp\/v2\/posts"}],"about":[{"href":"https:\/\/www.europesays.com\/fr\/wp-json\/wp\/v2\/types\/post"}],"author":[{"embeddable":true,"href":"https:\/\/www.europesays.com\/fr\/wp-json\/wp\/v2\/users\/2"}],"replies":[{"embeddable":true,"href":"https:\/\/www.europesays.com\/fr\/wp-json\/wp\/v2\/comments?post=93462"}],"version-history":[{"count":0,"href":"https:\/\/www.europesays.com\/fr\/wp-json\/wp\/v2\/posts\/93462\/revisions"}],"wp:featuredmedia":[{"embeddable":true,"href":"https:\/\/www.europesays.com\/fr\/wp-json\/wp\/v2\/media\/93463"}],"wp:attachment":[{"href":"https:\/\/www.europesays.com\/fr\/wp-json\/wp\/v2\/media?parent=93462"}],"wp:term":[{"taxonomy":"category","embeddable":true,"href":"https:\/\/www.europesays.com\/fr\/wp-json\/wp\/v2\/categories?post=93462"},{"taxonomy":"post_tag","embeddable":true,"href":"https:\/\/www.europesays.com\/fr\/wp-json\/wp\/v2\/tags?post=93462"}],"curies":[{"name":"wp","href":"https:\/\/api.w.org\/{rel}","templated":true}]}}