{"id":93464,"date":"2025-05-12T05:35:21","date_gmt":"2025-05-12T05:35:21","guid":{"rendered":"https:\/\/www.europesays.com\/fr\/93464\/"},"modified":"2025-05-12T05:35:21","modified_gmt":"2025-05-12T05:35:21","slug":"ex-gardien-du-fc-rouen-jeffrey-baltus-est-champion-de-football-du-nepal-jai-adore-lambiance","status":"publish","type":"post","link":"https:\/\/www.europesays.com\/fr\/93464\/","title":{"rendered":"Ex-gardien du FC Rouen, Jeffrey Baltus est champion de football du N\u00e9pal : \u00ab\u2009J&rsquo;ai ador\u00e9 l\u2019ambiance\u2009\u00bb"},"content":{"rendered":"<p>            Par<br \/>\n        <strong><br \/>\n            <a href=\"https:\/\/actu.fr\/auteur\/yann-rivallan\" title=\"Consulter tous les articles de Yann Rivallan\" target=\"_blank\" rel=\"noopener\">Yann Rivallan<\/a><br \/>\n        <\/strong><\/p>\n<p>        Publi\u00e9 le<\/p>\n<p>            12 mai 2025 \u00e0 6h46        <\/p>\n<p>Il a \u00e9t\u00e9 l\u2019un des artisans de la mont\u00e9e du <a href=\"https:\/\/actu.fr\/tag\/fc-rouen\" target=\"_blank\" rel=\"noopener\">FC Rouen<\/a> en National. Le gardien de but <strong>Jeffrey Baltus<\/strong>, 33\u00a0ans, a connu un revirement pour le moins surprenant dans sa carri\u00e8re\u2009: il est devenu deux fois <strong>champion national de football au N\u00e9pal<\/strong>. Une aventure atypique qu\u2019il nous raconte.<\/p>\n<p>Un championnat d\u00e9couvert par hasard<\/p>\n<p class=\" wall-content\">Apr\u00e8s trois ann\u00e9es pass\u00e9es au FCR, entre\u00a02020 et\u00a02023, Jeffrey Baltus pensait quitter le club local juste apr\u00e8s la mont\u00e9e. \u00ab\u2009On avait entam\u00e9 des n\u00e9gociations pour rompre mon contrat, explique-t-il. Il me restait un an.\u2009\u00bb<\/p>\n<p class=\" wall-content\">Mais au bout du compte, les choses \u00ab\u2009ont tard\u00e9\u2009\u00bb et \u00e0 l\u2019horizon du mois de juillet\u00a02023, <strong>les opportunit\u00e9s \u00e9taient \u00ab\u2009limit\u00e9es\u2009\u00bb<\/strong>, dit-il. Alors, un peu par hasard, l\u2019ex-portier rouennais \u00e9cume le r\u00e9seau social LinkedIn et tombe sur une dr\u00f4le d\u2019annonce.<\/p>\n<blockquote class=\"ac-article-quote wall-content\">\n<p>Un agent cherchait des joueurs pour int\u00e9grer des \u00e9quipes du championnat du N\u00e9pal.<\/p>\n<p>    <strong>Jeffrey Baltus<\/strong><br \/>\n        Ancien gardien du FCR    <\/p><\/blockquote>\n<p class=\" wall-content\">Mais le contact n\u2019est pas forc\u00e9ment tr\u00e8s bon\u2009: \u00ab\u2009Je ne l\u2019ai pas trouv\u00e9 tr\u00e8s fiable.\u2009\u00bb Pour autant, Jeffrey Baltus continue de se renseigner sur <strong>la Nepal Super League<\/strong>. Un jeune championnat fond\u00e9 il y a seulement 4\u00a0ans, le 21\u00a0f\u00e9vrier 2021, et en pleine expansion.<\/p>\n<p>Un premier titre en 2023<\/p>\n<p class=\" wall-content\">\u00c0 force de renseignements, le gardien de but fini par se rapprocher \u00ab\u2009des bons contacts\u2009\u00bb. Et en 48h, il valide son contrat avec le club le plus populaire du pays\u2009: <strong>le Lalitpur City Football Club<\/strong>.<\/p>\n<p class=\" wall-content\">Trois jours plus tard, il embarque dans l\u2019avion direction Katmandou. Le club qu\u2019il rejoint repr\u00e9sente une ville au sud de la capitale n\u00e9palaise, aussi connue sous le nom de Patan. D\u00e8s lors, il s\u2019entra\u00eene pendant un mois avant de commencer sa premi\u00e8re saison sous les couleurs de son nouveau club durant\u2026 <strong>un mois l\u00e0 aussi<\/strong>.<\/p>\n<p class=\" wall-content\">Comme la Nepal Super League reste un jeune championnat, le budget des diff\u00e9rents clubs ne permet pas forc\u00e9ment de r\u00e9aliser un championnat sur plusieurs mois. Le fonctionnement est donc un peu particulier\u2009: \u00ab\u2009Il y a un mois de championnat en saison r\u00e9guli\u00e8re \u00e0 l\u2019issue duquel les quatre premiers clubs se qualifient <strong>pour des play-offs<\/strong>, pr\u00e9sente Jeffrey Baltus. Ensuite, les quatre \u00e9quipes s\u2019affrontent dans des matchs \u00e9liminatoires jusqu\u2019\u00e0 la finale.\u2009\u00bb<\/p>\n<p class=\" wall-content\">Et la premi\u00e8re saison de l\u2019ex-Rouennais aura tout de suite \u00e9t\u00e9 couronn\u00e9e de succ\u00e8s. Malgr\u00e9 une 4e place en saison r\u00e9guli\u00e8re, le Lalitpur City Football Club parvient \u00e0 se hisser en finale et d\u00e9crocher <strong>le premier titre<\/strong> de son histoire. Jeffrey Baltus est nomm\u00e9 au passage meilleur gardien du championnat.<\/p>\n<p>Retour au N\u00e9pal pour une deuxi\u00e8me saison<\/p>\n<p class=\" wall-content\">Apr\u00e8s cette \u00e9pop\u00e9e, le natif de Melun rentre en France et retrouve sa famille, toujours bas\u00e9e \u00e0 Rouen. S\u2019il a ador\u00e9 \u00ab\u2009la culture et l\u2019ambiance\u2009\u00bb du N\u00e9pal, la distance avec ses proches n\u2019a pas toujours \u00e9t\u00e9 \u00e9vidente, confie-t-il.<\/p>\n<blockquote class=\"ac-article-quote wall-content\">\n<p>Ce que j&rsquo;ai aim\u00e9 l\u00e0-bas, c&rsquo;est qu&rsquo;avec rien ils donnent beaucoup.<\/p>\n<p>    <strong>Jeffrey Baltus<\/strong><br \/>\n        Ancien gardien du FCR    <\/p><\/blockquote>\n<p class=\" wall-content\">De retour \u00e0 Rouen, il continue de s\u2019entra\u00eener dur avec \u00ab\u2009toujours l\u2019envie de jouer\u2009\u00bb. \u00c0 la fin de l\u2019\u00e9t\u00e9 2024, il signe <strong>pour quelques mois avec un club Belge<\/strong> dans l\u2019\u00e9quivalent du championnat National fran\u00e7ais. Mais \u00e0 partir du mois de d\u00e9cembre, les deux parties se s\u00e9parent d\u2019un commun accord\u2009: \u00ab\u2009Leur gardien titulaire revenait de blessure et je n\u2019avais pas envie de m\u2019imposer.\u2009\u00bb<\/p>\n<p class=\" wall-content\">Et un beau jour, il re\u00e7oit de nombreux coups de fil en provenance du N\u00e9pal. Le pr\u00e9sident du Lalitpur City Football Club veut de nouveau faire appel \u00e0 ses services. Organis\u00e9 cette fois entre mars et avril, le championnat n\u00e9palais se jouera, encore une fois, avec le gardien fran\u00e7ais.<\/p>\n<p>      <img   decoding=\"async\" loading=\"lazy\" src=\"https:\/\/www.europesays.com\/fr\/wp-content\/uploads\/2025\/05\/victoire-lalitpur-city-baltus-nepal-960x640.jpg\" alt=\"Le Lalitpur City Football Club c\u00e9l\u00e9brant son deuxi\u00e8me titre de champion du N\u00e9pal.\" width=\"960\" height=\"640\"\/><br \/>\n    Le Lalitpur City Football Club c\u00e9l\u00e9brant son deuxi\u00e8me titre de champion du N\u00e9pal. (\u00a9Lalitpur City Football Club)<\/p>\n<p class=\" wall-content\">Jeffrey Baltus retourne en terrain connu le 27\u00a0f\u00e9vrier 2025. Et malgr\u00e9 un d\u00e9marrage un peu lent, son club <strong>survole le championnat<\/strong> en finissant \u00e0 la premi\u00e8re place. Et en play-offs, ils arrachent un deuxi\u00e8me titre de champion national.<\/p>\n<p>Un niveau \u00e9quivalent au \u00ab\u2009National en France\u2009\u00bb<\/p>\n<p class=\" wall-content\">Une immense fiert\u00e9 pour le gardien de but qui salue le \u00ab\u2009tr\u00e8s bon niveau de jeu\u2009\u00bb propos\u00e9 par son \u00e9quipe mais aussi l\u2019ensemble de ce petit championnat loin d\u2019\u00eatre connu.<\/p>\n<blockquote class=\"ac-article-quote wall-content\">\n<p>On est sur un niveau \u00e9quivalent au championnat National en France, voire le bas de tableau de la Ligue 2.<\/p>\n<p>    <strong>Jeffrey Baltus<\/strong><br \/>\n        Ancien gardien du FCR    <\/p><\/blockquote>\n<p class=\" wall-content\">Compos\u00e9e de nombreux \u00e9trangers pass\u00e9s par \u00ab\u2009des gros clubs\u2009\u00bb du monde entier, la Nepal Super League regorge aussi de talents locaux, s\u00e9lectionn\u00e9s par les clubs du pays lors d\u2019une draft \u00ab\u2009un peu \u00e0 l\u2019am\u00e9ricaine\u2009\u00bb, remarque le portier fran\u00e7ais.<\/p>\n<p class=\" wall-content\">Lors de la finale, <strong>pr\u00e8s de 35\u2009000\u00a0personnes<\/strong> \u00e9taient pr\u00e9sentes au stade, selon Jeffrey Baltus. Preuve, si l\u2019on veut, que le football prend de l\u2019ampleur au N\u00e9pal. Et s\u2019il ne sait pas encore de quoi l\u2019avenir sera fait pour lui, Jeffrey Baltus n\u2019exclut pas de retourner jouer encore une saison au N\u00e9pal.<\/p>\n<p class=\" wall-content\">Mais en attendant, il prend un repos bien m\u00e9rit\u00e9 aupr\u00e8s de sa famille \u00e0 Rouen.<\/p>\n<p>Suivez l\u2019actualit\u00e9 de Rouen sur <a href=\"https:\/\/www.whatsapp.com\/channel\/0029VaKfnf99hXF2ddApFB1D\" target=\"_blank\" rel=\"noopener\">notre cha\u00eene WhatsApp<\/a> et sur <a href=\"https:\/\/www.tiktok.com\/@76actu.fr?lang=fr\" target=\"_blank\" rel=\"noopener\">notre compte TikTok<\/a><\/p>\n<p class=\" wall-content\">Suivez toute l\u2019actualit\u00e9 de vos villes et m\u00e9dias favoris en vous inscrivant \u00e0 <a href=\"https:\/\/moncompte.actu.fr\" title=\"D\u00e9couvez Mon Actu\" rel=\"nofollow noopener\" data-trk=\"{&quot;cta&quot;:{&quot;action&quot;:&quot;https:\\\/\\\/moncompte.actu.fr&quot;,&quot;category&quot;:&quot;mon compte&quot;,&quot;from&quot;:&quot;article footer&quot;,&quot;name&quot;:&quot;Mon actu&quot;,&quot;type&quot;:&quot;cta&quot;}}\" target=\"_blank\">Mon Actu<\/a>.<\/p>\n<p>                    <script async src=\"\/\/www.tiktok.com\/embed.js\"><\/script><\/p>\n","protected":false},"excerpt":{"rendered":"Par Yann Rivallan Publi\u00e9 le 12 mai 2025 \u00e0 6h46 Il a \u00e9t\u00e9 l\u2019un des artisans de la&hellip;\n","protected":false},"author":2,"featured_media":93465,"comment_status":"","ping_status":"","sticky":false,"template":"","format":"standard","meta":{"footnotes":""},"categories":[9587],"tags":[1111,11,1777,674,12003,63,1011,27,12,5161,25,9590,60],"class_list":{"0":"post-93464","1":"post","2":"type-post","3":"status-publish","4":"format-standard","5":"has-post-thumbnail","7":"category-rouen","8":"tag-actu","9":"tag-actualites","10":"tag-eu","11":"tag-europe","12":"tag-fc-rouen","13":"tag-football","14":"tag-fr","15":"tag-france","16":"tag-news","17":"tag-normandie","18":"tag-republique-francaise","19":"tag-rouen","20":"tag-sports"},"share_on_mastodon":{"url":"https:\/\/pubeurope.com\/@fr\/114493241725460132","error":""},"_links":{"self":[{"href":"https:\/\/www.europesays.com\/fr\/wp-json\/wp\/v2\/posts\/93464","targetHints":{"allow":["GET"]}}],"collection":[{"href":"https:\/\/www.europesays.com\/fr\/wp-json\/wp\/v2\/posts"}],"about":[{"href":"https:\/\/www.europesays.com\/fr\/wp-json\/wp\/v2\/types\/post"}],"author":[{"embeddable":true,"href":"https:\/\/www.europesays.com\/fr\/wp-json\/wp\/v2\/users\/2"}],"replies":[{"embeddable":true,"href":"https:\/\/www.europesays.com\/fr\/wp-json\/wp\/v2\/comments?post=93464"}],"version-history":[{"count":0,"href":"https:\/\/www.europesays.com\/fr\/wp-json\/wp\/v2\/posts\/93464\/revisions"}],"wp:featuredmedia":[{"embeddable":true,"href":"https:\/\/www.europesays.com\/fr\/wp-json\/wp\/v2\/media\/93465"}],"wp:attachment":[{"href":"https:\/\/www.europesays.com\/fr\/wp-json\/wp\/v2\/media?parent=93464"}],"wp:term":[{"taxonomy":"category","embeddable":true,"href":"https:\/\/www.europesays.com\/fr\/wp-json\/wp\/v2\/categories?post=93464"},{"taxonomy":"post_tag","embeddable":true,"href":"https:\/\/www.europesays.com\/fr\/wp-json\/wp\/v2\/tags?post=93464"}],"curies":[{"name":"wp","href":"https:\/\/api.w.org\/{rel}","templated":true}]}}