{"id":93470,"date":"2025-05-12T05:38:08","date_gmt":"2025-05-12T05:38:08","guid":{"rendered":"https:\/\/www.europesays.com\/fr\/93470\/"},"modified":"2025-05-12T05:38:08","modified_gmt":"2025-05-12T05:38:08","slug":"profitez-dune-vente-ephemere-de-plantes-de-saison-a-des-prix-doux","status":"publish","type":"post","link":"https:\/\/www.europesays.com\/fr\/93470\/","title":{"rendered":"profitez d&rsquo;une vente \u00e9ph\u00e9m\u00e8re de plantes de saison \u00e0 des prix doux"},"content":{"rendered":"<p>            Par<br \/>\n        <strong><br \/>\n            <a href=\"https:\/\/actu.fr\/auteur\/lou-batteux\" title=\"Consulter tous les articles de Lou Batteux\" rel=\"nofollow noopener\" target=\"_blank\">Lou Batteux<\/a><br \/>\n        <\/strong><\/p>\n<p>        Publi\u00e9 le<\/p>\n<p>            12 mai 2025 \u00e0 6h54        <\/p>\n<p>Cr\u00e9\u00e9 par <strong>Ana\u00efs<\/strong> dans l\u2019objectif de \u00ab\u00a0rendre le v\u00e9g\u00e9tal accessible \u00e0 tous, sans sacrifier la qualit\u00e9 et le style\u00a0\u00bb, <strong>Jardin Nomade<\/strong> est un <strong>pop-up store \u00e9ph\u00e9m\u00e8re<\/strong> d\u2019origine tourangelle qui propose des <strong>plantes<\/strong> de saison pour tous les go\u00fbts \u00e0 des <strong>prix attractifs.<\/strong><\/p>\n<p class=\" wall-content\"><a href=\"https:\/\/www.instagram.com\/jardin.nomade\/embed\" title=\"Ouvrir le lien sur Instagram\" rel=\"nofollow noopener\" target=\"_blank\">Visualiser le contenu sur Instagram<\/a><\/p>\n<p>Comment retrouver Jardin Nomade<\/p>\n<p class=\" wall-content\">Les<strong> 22, 23 et 24 mai 2025<\/strong>, la boutique \u00e9ph\u00e9m\u00e8re se rend au <strong>centre commercial Carrefour Rennes-Cesson<\/strong>, \u00e0 Cesson-S\u00e9vign\u00e9, pour vendre des plantes vertes, fleuries, grasses, des cactus, mais aussi des herbes aromatiques \u00e0 partir de<strong> 1,50 euro<\/strong>. Elle annonce \u00e9galement offrir des <strong>tickets \u00e0 gratter<\/strong> avec plusieurs cadeaux \u00e0 la cl\u00e9.<\/p>\n<p class=\" wall-content\">Son <strong>pop-up v\u00e9g\u00e9tal<\/strong> sera install\u00e9 dans la galerie marchande, juste en face de Beauty Success et Ultra Premium.<\/p>\n<p>Retrouvez plus d\u2019informations \u00e0 propos de <strong>Jardin Nomade<\/strong> sur leur <a href=\"https:\/\/www.jardinnomade.com\/\" rel=\"nofollow noopener\" target=\"_blank\">site<\/a>.<\/p>\n<p class=\" wall-content\">Suivez toute l\u2019actualit\u00e9 de vos villes et m\u00e9dias favoris en vous inscrivant \u00e0 <a href=\"https:\/\/moncompte.actu.fr\" title=\"D\u00e9couvez Mon Actu\" rel=\"nofollow noopener\" data-trk=\"{&quot;cta&quot;:{&quot;action&quot;:&quot;https:\\\/\\\/moncompte.actu.fr&quot;,&quot;category&quot;:&quot;mon compte&quot;,&quot;from&quot;:&quot;article footer&quot;,&quot;name&quot;:&quot;Mon actu&quot;,&quot;type&quot;:&quot;cta&quot;}}\" target=\"_blank\">Mon Actu<\/a>.<\/p>\n<p>                    <script async src=\"\/\/www.instagram.com\/embed.js\"><\/script><\/p>\n","protected":false},"excerpt":{"rendered":"Par Lou Batteux Publi\u00e9 le 12 mai 2025 \u00e0 6h54 Cr\u00e9\u00e9 par Ana\u00efs dans l\u2019objectif de \u00ab\u00a0rendre le&hellip;\n","protected":false},"author":2,"featured_media":93471,"comment_status":"","ping_status":"","sticky":false,"template":"","format":"standard","meta":{"footnotes":""},"categories":[2821],"tags":[1111,11,829,1777,674,1011,27,1305,12,3147,584,25],"class_list":{"0":"post-93470","1":"post","2":"type-post","3":"status-publish","4":"format-standard","5":"has-post-thumbnail","7":"category-rennes","8":"tag-actu","9":"tag-actualites","10":"tag-bretagne","11":"tag-eu","12":"tag-europe","13":"tag-fr","14":"tag-france","15":"tag-lifestyle","16":"tag-news","17":"tag-nouveaux-commerces","18":"tag-rennes","19":"tag-republique-francaise"},"share_on_mastodon":{"url":"https:\/\/pubeurope.com\/@fr\/114493253910458462","error":""},"_links":{"self":[{"href":"https:\/\/www.europesays.com\/fr\/wp-json\/wp\/v2\/posts\/93470","targetHints":{"allow":["GET"]}}],"collection":[{"href":"https:\/\/www.europesays.com\/fr\/wp-json\/wp\/v2\/posts"}],"about":[{"href":"https:\/\/www.europesays.com\/fr\/wp-json\/wp\/v2\/types\/post"}],"author":[{"embeddable":true,"href":"https:\/\/www.europesays.com\/fr\/wp-json\/wp\/v2\/users\/2"}],"replies":[{"embeddable":true,"href":"https:\/\/www.europesays.com\/fr\/wp-json\/wp\/v2\/comments?post=93470"}],"version-history":[{"count":0,"href":"https:\/\/www.europesays.com\/fr\/wp-json\/wp\/v2\/posts\/93470\/revisions"}],"wp:featuredmedia":[{"embeddable":true,"href":"https:\/\/www.europesays.com\/fr\/wp-json\/wp\/v2\/media\/93471"}],"wp:attachment":[{"href":"https:\/\/www.europesays.com\/fr\/wp-json\/wp\/v2\/media?parent=93470"}],"wp:term":[{"taxonomy":"category","embeddable":true,"href":"https:\/\/www.europesays.com\/fr\/wp-json\/wp\/v2\/categories?post=93470"},{"taxonomy":"post_tag","embeddable":true,"href":"https:\/\/www.europesays.com\/fr\/wp-json\/wp\/v2\/tags?post=93470"}],"curies":[{"name":"wp","href":"https:\/\/api.w.org\/{rel}","templated":true}]}}