{"id":93474,"date":"2025-05-12T05:40:11","date_gmt":"2025-05-12T05:40:11","guid":{"rendered":"https:\/\/www.europesays.com\/fr\/93474\/"},"modified":"2025-05-12T05:40:11","modified_gmt":"2025-05-12T05:40:11","slug":"strasbourg-du-bon-usage-de-lintelligence-artificielle-avec-delaurentis-a-lespace-django","status":"publish","type":"post","link":"https:\/\/www.europesays.com\/fr\/93474\/","title":{"rendered":"Strasbourg. Du bon usage de l\u2019intelligence artificielle avec DeLaurentis \u00e0 l\u2019Espace Django"},"content":{"rendered":"<p>Compositrice et orf\u00e8vre de la cr\u00e9ation \u00e9lectronique, C\u00e9cile L\u00e9og\u00e9, alias DeLaurentis, met la force du live \u00e9lectro au service du dancefloor et dompte l\u2019intelligence artificielle pour en faire un outil de c\u00e9l\u00e9bration festive. Pour son concert \u00e0 l\u2019Espace Django \u00e0 Strasbourg jeudi 15\u00a0mai, elle partagera la sc\u00e8ne avec Sh\u00f4nagon, artiste franco-jordanienne qui jongle entre house et techno, groove et new wave.<\/p>\n<p>Pens\u00e9 \u00e0 360\u00b0, ce concert sera immersif avec une artiste au centre du public et une diffusion sonore augment\u00e9e. DeLaurentis animera par ailleurs une masterclasse (gratuite sur inscription) autour de l\u2019intelligence artificielle le lendemain, d\u00e8s 12\u00a0h, toujours \u00e0 l\u2019Espace Django.<\/p>\n<p class=\"note\"><a href=\"https:\/\/www.espacedjango.eu\/\" target=\"_blank\" rel=\"nofollow noopener\">Espace Django<\/a> , 4 impasse Kieffer \u00e0 Strasbourg, jeudi 15\u00a0mai \u00e0 20\u00a0h\u00a030. Tarif\u00a0: 18\u00a0\u20ac.<\/p>\n","protected":false},"excerpt":{"rendered":"Compositrice et orf\u00e8vre de la cr\u00e9ation \u00e9lectronique, C\u00e9cile L\u00e9og\u00e9, alias DeLaurentis, met la force du live \u00e9lectro au&hellip;\n","protected":false},"author":2,"featured_media":93475,"comment_status":"","ping_status":"","sticky":false,"template":"","format":"standard","meta":{"footnotes":""},"categories":[2820],"tags":[1111,11,2389,1687,2880,1777,674,107,1011,27,775,873,12,25,640,2879],"class_list":{"0":"post-93474","1":"post","2":"type-post","3":"status-publish","4":"format-standard","5":"has-post-thumbnail","7":"category-strasbourg","8":"tag-actu","9":"tag-actualites","10":"tag-alsace","11":"tag-culture-loisirs","12":"tag-edition-strasbourg","13":"tag-eu","14":"tag-europe","15":"tag-fil-info","16":"tag-fr","17":"tag-france","18":"tag-grand-est","19":"tag-musique","20":"tag-news","21":"tag-republique-francaise","22":"tag-strasbourg","23":"tag-strasbourg-ville"},"share_on_mastodon":{"url":"https:\/\/pubeurope.com\/@fr\/114493261288050711","error":""},"_links":{"self":[{"href":"https:\/\/www.europesays.com\/fr\/wp-json\/wp\/v2\/posts\/93474","targetHints":{"allow":["GET"]}}],"collection":[{"href":"https:\/\/www.europesays.com\/fr\/wp-json\/wp\/v2\/posts"}],"about":[{"href":"https:\/\/www.europesays.com\/fr\/wp-json\/wp\/v2\/types\/post"}],"author":[{"embeddable":true,"href":"https:\/\/www.europesays.com\/fr\/wp-json\/wp\/v2\/users\/2"}],"replies":[{"embeddable":true,"href":"https:\/\/www.europesays.com\/fr\/wp-json\/wp\/v2\/comments?post=93474"}],"version-history":[{"count":0,"href":"https:\/\/www.europesays.com\/fr\/wp-json\/wp\/v2\/posts\/93474\/revisions"}],"wp:featuredmedia":[{"embeddable":true,"href":"https:\/\/www.europesays.com\/fr\/wp-json\/wp\/v2\/media\/93475"}],"wp:attachment":[{"href":"https:\/\/www.europesays.com\/fr\/wp-json\/wp\/v2\/media?parent=93474"}],"wp:term":[{"taxonomy":"category","embeddable":true,"href":"https:\/\/www.europesays.com\/fr\/wp-json\/wp\/v2\/categories?post=93474"},{"taxonomy":"post_tag","embeddable":true,"href":"https:\/\/www.europesays.com\/fr\/wp-json\/wp\/v2\/tags?post=93474"}],"curies":[{"name":"wp","href":"https:\/\/api.w.org\/{rel}","templated":true}]}}