{"id":93478,"date":"2025-05-12T05:42:09","date_gmt":"2025-05-12T05:42:09","guid":{"rendered":"https:\/\/www.europesays.com\/fr\/93478\/"},"modified":"2025-05-12T05:42:09","modified_gmt":"2025-05-12T05:42:09","slug":"des-travaux-puis-de-nouvelles-regles-ce-qui-va-changer-dans-le-plus-grand-parking-gratuit-du-centre-ville-de-saint-laurent-du-var","status":"publish","type":"post","link":"https:\/\/www.europesays.com\/fr\/93478\/","title":{"rendered":"Des travaux puis de nouvelles r\u00e8gles: ce qui va changer dans le plus grand parking gratuit du centre-ville de Saint-Laurent-du-Var"},"content":{"rendered":"<p>Du changement dans le plus grand parking du centre-ville de Saint-Laurent-du-Var. D\u00e8s ce lundi 12 mai et pendant douze jours, la municipalit\u00e9 r\u00e9organise l\u2019esplanade du Levant, pr\u00e8s de l\u2019h\u00f4tel de ville. Sur cet espace, 400 places de stationnement gratuites s\u2019offrent actuellement aux automobilistes. Pour\u00a0\u00ab\u00a0lib\u00e9rer des places gr\u00e2ce \u00e0 des rotations plus fr\u00e9quentes\u00a0\u00bb et \u00ab\u00a0am\u00e9liorer la disponibilit\u00e9 aux heures d\u2019affluence\u00a0\u00bb, les services laurentins vont proc\u00e9der, par tranches, \u00e0 une refonte du marquage au sol.<\/p>\n<p>Objectif: cr\u00e9er trente places suppl\u00e9mentaires et passer <a href=\"https:\/\/www.nicematin.com\/automobile\/-je-m-y-perds-comment-simplifier-le-stationnement-dans-la-rue-dans-les-villes-de-la-metropole-nicoise--953809\" rel=\"nofollow noopener\" target=\"_blank\">le stationnement en zone bleue<\/a>. Concr\u00e8tement, du lundi au vendredi, de 8h \u00e0 12h et de 14h \u00e0 18h, les usagers pourront s\u2019y garer sans payer pour une dur\u00e9e maximale de quatre heures, en apposant sur le tableau de bord un disque de stationnement mentionnant leur heure d\u2019arriv\u00e9e. Sans quoi ils s\u2019exposeront \u00e0 une verbalisation. De nouvelles r\u00e8gles qui entreront en vigueur lundi 2 juin.<\/p>\n<p>Pendant la dur\u00e9e des travaux, des zones seront interdites au stationnement pour permettre aux agents de travailler, avec une signal\u00e9tique adapt\u00e9e. Situ\u00e9 de l\u2019autre c\u00f4t\u00e9 de l\u2019h\u00f4tel de ville et plus modeste, le parking du parc Layet passera, quant \u00e0 lui, \u00e0 un stationnement \u00e0 disque limit\u00e9 \u00e0 deux heures.<\/p>\n<p>\u00ab\u00a0Quelqu\u2019un a pens\u00e9 \u00e0 ceux qui t\u00e9l\u00e9travaillent?\u00a0\u00bb<\/p>\n<p>Sur les r\u00e9seaux sociaux, l\u2019information n\u2019a pas manqu\u00e9 de faire r\u00e9agir. \u00ab\u00a0Je vais travailler en bus. Car sur Nice impossible de se garer. Donc cela voudrait dire que je devrais revenir entre midi et deux changer ma voiture de parking?!\u00a0\u00bb, s\u2019agace un Laurentin sur Facebook. \u00ab\u00a0Ceux qui sont en t\u00e9l\u00e9travail ou qui font du covoiturage, quelqu\u2019un a pens\u00e9 \u00e0 eux?\u00a0\u00bb, abonde une habitante.<\/p>\n<p>Sur place, vendredi, ce n\u2019\u00e9tait pas le m\u00eame son de cloche. \u00ab\u00a0Je fais de la muscu cinq fois par semaine dans une salle juste \u00e0 c\u00f4t\u00e9, et c\u2019est vrai qu\u2019au Levant, m\u00eame si le parking est grand, c\u2019est compliqu\u00e9 de trouver une place\u00a0\u00bb, constate Yannick, 20 ans, en sortant de son v\u00e9hicule. Lui n\u2019est pas franchement inquiet des changements annonc\u00e9s. \u00ab\u00a0Quatre heures gratuites, c\u2019est d\u00e9j\u00e0 pas mal\u2026\u00a0\u00bb, juge-t-il.<\/p>\n<p>Jouxtant le parking, le club de p\u00e9tanque La mini-boule accueille, en cet apr\u00e8s-midi gris\u00e2tre, une petite foule venue taquiner du cochonnet, sous le regard de Jean-Pierre, assis sur une chaise. \u00ab\u00a0Ils ont raison de faire \u00e7a! On est souvent l\u00e0 et je peux vous dire que certains v\u00e9hicules restent des journ\u00e9es enti\u00e8res\u00a0\u00bb, lance-t-il. \u00ab\u00a0Sans parler des m\u00e9canos du coin qui y mettent plusieurs voitures, comme si c\u2019\u00e9tait leur garage\u00a0\u00bb, abonde une bouliste, remont\u00e9e.<\/p>\n<p>Crois\u00e9e \u00e0 deux pas, au parc, Diana, 38 ans, a elle aussi remarqu\u00e9 que trouver une place au Levant n\u2019\u00e9tait pas toujours un jeu d\u2019enfant. \u00ab\u00a0Je viens souvent avec mes petits en journ\u00e9e. \u00c7a m\u2019est d\u00e9j\u00e0 arriv\u00e9 de ne pas en trouver du tout\u2026 et de faire demi-tour\u00a0\u00bb, explique-t-elle. Jordi, qui fr\u00e9quente une salle de sport du coin, n\u2019a rien contre sortir, \u00e0 l\u2019avenir, son disque de stationnement. \u00ab\u00a0\u00c0 condition que la police contr\u00f4le vraiment, sinon \u00e7a ne servira \u00e0 rien\u00a0\u00bb, dit-il.<\/p>\n","protected":false},"excerpt":{"rendered":"Du changement dans le plus grand parking du centre-ville de Saint-Laurent-du-Var. D\u00e8s ce lundi 12 mai et pendant&hellip;\n","protected":false},"author":2,"featured_media":93479,"comment_status":"","ping_status":"","sticky":false,"template":"","format":"standard","meta":{"footnotes":""},"categories":[2819],"tags":[1111,11,1777,674,1011,27,12,2401,882,25,3366],"class_list":{"0":"post-93478","1":"post","2":"type-post","3":"status-publish","4":"format-standard","5":"has-post-thumbnail","7":"category-nice","8":"tag-actu","9":"tag-actualites","10":"tag-eu","11":"tag-europe","12":"tag-fr","13":"tag-france","14":"tag-news","15":"tag-nice","16":"tag-provence-alpes-cote-dazur","17":"tag-republique-francaise","18":"tag-vie-locale"},"share_on_mastodon":{"url":"https:\/\/pubeurope.com\/@fr\/114493269311841880","error":""},"_links":{"self":[{"href":"https:\/\/www.europesays.com\/fr\/wp-json\/wp\/v2\/posts\/93478","targetHints":{"allow":["GET"]}}],"collection":[{"href":"https:\/\/www.europesays.com\/fr\/wp-json\/wp\/v2\/posts"}],"about":[{"href":"https:\/\/www.europesays.com\/fr\/wp-json\/wp\/v2\/types\/post"}],"author":[{"embeddable":true,"href":"https:\/\/www.europesays.com\/fr\/wp-json\/wp\/v2\/users\/2"}],"replies":[{"embeddable":true,"href":"https:\/\/www.europesays.com\/fr\/wp-json\/wp\/v2\/comments?post=93478"}],"version-history":[{"count":0,"href":"https:\/\/www.europesays.com\/fr\/wp-json\/wp\/v2\/posts\/93478\/revisions"}],"wp:featuredmedia":[{"embeddable":true,"href":"https:\/\/www.europesays.com\/fr\/wp-json\/wp\/v2\/media\/93479"}],"wp:attachment":[{"href":"https:\/\/www.europesays.com\/fr\/wp-json\/wp\/v2\/media?parent=93478"}],"wp:term":[{"taxonomy":"category","embeddable":true,"href":"https:\/\/www.europesays.com\/fr\/wp-json\/wp\/v2\/categories?post=93478"},{"taxonomy":"post_tag","embeddable":true,"href":"https:\/\/www.europesays.com\/fr\/wp-json\/wp\/v2\/tags?post=93478"}],"curies":[{"name":"wp","href":"https:\/\/api.w.org\/{rel}","templated":true}]}}