{"id":93482,"date":"2025-05-12T05:44:13","date_gmt":"2025-05-12T05:44:13","guid":{"rendered":"https:\/\/www.europesays.com\/fr\/93482\/"},"modified":"2025-05-12T05:44:13","modified_gmt":"2025-05-12T05:44:13","slug":"danse-cine-comedie-musicale-ouste-on-sort-a-nantes-cette-semaine-du-12-au-18-mai","status":"publish","type":"post","link":"https:\/\/www.europesays.com\/fr\/93482\/","title":{"rendered":"Danse, cin\u00e9, com\u00e9die musicale\u2026 Ouste\u00a0! On sort \u00e0 Nantes cette semaine du 12 au 18\u00a0mai"},"content":{"rendered":"<p>Retrouvez la s\u00e9lection de sorties du magazine Ouste d\u2019Ouest-France, pour cette semaine du 12 au 18\u00a0mai.<\/p>\n<p>Danse\u00a0: Anatomy of freedom\u00a0libert\u00e9, je danse ton nom\u2026<\/p>\n<p>Co\u00e9crite par le Nantais Herv\u00e9 Maigret et le chor\u00e9graphe palestinien Hamza Damra, Anatomy of freedom explore la signification du mot libert\u00e9. La danse contemporaine s\u2019y m\u00eale \u00e0 la gestuelle du hip-hop. Une pi\u00e8ce <a ...=\"\"\/><\/p>\n<p>\u00a0<\/p>\n","protected":false},"excerpt":{"rendered":"Retrouvez la s\u00e9lection de sorties du magazine Ouste d\u2019Ouest-France, pour cette semaine du 12 au 18\u00a0mai. Danse\u00a0: Anatomy&hellip;\n","protected":false},"author":2,"featured_media":93483,"comment_status":"","ping_status":"","sticky":false,"template":"","format":"standard","meta":{"footnotes":""},"categories":[2818],"tags":[6888,16187,1111,11,1345,4228,5972,1777,674,1011,27,2565,3724,766,12,2636,25,5572,4102],"class_list":{"0":"post-93482","1":"post","2":"type-post","3":"status-publish","4":"format-standard","5":"has-post-thumbnail","7":"category-nantes","8":"tag-6888","9":"tag-16187","10":"tag-actu","11":"tag-actualites","12":"tag-cine","13":"tag-comedie","14":"tag-danse","15":"tag-eu","16":"tag-europe","17":"tag-fr","18":"tag-france","19":"tag-mai","20":"tag-musicale","21":"tag-nantes","22":"tag-news","23":"tag-pays-de-la-loire","24":"tag-republique-francaise","25":"tag-semaine","26":"tag-sort"},"share_on_mastodon":{"url":"https:\/\/pubeurope.com\/@fr\/114493277083508110","error":""},"_links":{"self":[{"href":"https:\/\/www.europesays.com\/fr\/wp-json\/wp\/v2\/posts\/93482","targetHints":{"allow":["GET"]}}],"collection":[{"href":"https:\/\/www.europesays.com\/fr\/wp-json\/wp\/v2\/posts"}],"about":[{"href":"https:\/\/www.europesays.com\/fr\/wp-json\/wp\/v2\/types\/post"}],"author":[{"embeddable":true,"href":"https:\/\/www.europesays.com\/fr\/wp-json\/wp\/v2\/users\/2"}],"replies":[{"embeddable":true,"href":"https:\/\/www.europesays.com\/fr\/wp-json\/wp\/v2\/comments?post=93482"}],"version-history":[{"count":0,"href":"https:\/\/www.europesays.com\/fr\/wp-json\/wp\/v2\/posts\/93482\/revisions"}],"wp:featuredmedia":[{"embeddable":true,"href":"https:\/\/www.europesays.com\/fr\/wp-json\/wp\/v2\/media\/93483"}],"wp:attachment":[{"href":"https:\/\/www.europesays.com\/fr\/wp-json\/wp\/v2\/media?parent=93482"}],"wp:term":[{"taxonomy":"category","embeddable":true,"href":"https:\/\/www.europesays.com\/fr\/wp-json\/wp\/v2\/categories?post=93482"},{"taxonomy":"post_tag","embeddable":true,"href":"https:\/\/www.europesays.com\/fr\/wp-json\/wp\/v2\/tags?post=93482"}],"curies":[{"name":"wp","href":"https:\/\/api.w.org\/{rel}","templated":true}]}}