{"id":93488,"date":"2025-05-12T05:47:11","date_gmt":"2025-05-12T05:47:11","guid":{"rendered":"https:\/\/www.europesays.com\/fr\/93488\/"},"modified":"2025-05-12T05:47:11","modified_gmt":"2025-05-12T05:47:11","slug":"a-bordeaux-le-proces-de-la-fusillade-mortelle-du-quartier-des-aubiers-souvre-ce-lundi","status":"publish","type":"post","link":"https:\/\/www.europesays.com\/fr\/93488\/","title":{"rendered":"\u00e0 Bordeaux, le proc\u00e8s de la fusillade mortelle du quartier des Aubiers s\u2019ouvre ce lundi"},"content":{"rendered":"<p>Lionel, 16 ans, avait \u00e9t\u00e9 tu\u00e9 le 2 janvier 2021, dans une fusillade entre deux bandes rivales, dans le quartier des Aubiers, \u00e0 Bordeaux. Huit suspects vont \u00eatre jug\u00e9s devant la cour d\u2019assises, du lundi 12 mai au vendredi 23 mai 2025.<\/p>\n<p class=\"fig-paragraph\">Il se trouvait au mauvais endroit. Au mauvais moment. Le soir du 2 janvier 2021, dans\u00a0<a href=\"https:\/\/www.lefigaro.fr\/faits-divers\/bordeaux-un-adolescent-tue-et-quatre-blesses-dans-une-fusillade-20210103?msockid=258c4318a154643d05395665a0ed65f9\" target=\"_blank\" data-fig-type=\"NewsFlash\" rel=\"noopener\" data-gtm-custom-categorie=\"navigation\" data-gtm-custom-action=\"crossclick\" data-gtm-custom-label=\"Contextuel\" data-gtm-event=\"customEventSPE\" data-fig-domain=\"LEFIGARO\">la cit\u00e9 des Aubiers<\/a>, Lionel Sess tient un stand et vend des canettes, des g\u00e2teaux et des bonbons pour financer un s\u00e9jour au ski, sur la place Ginette-Neveu. Vers 23h, une berline sombre fonce dans la cit\u00e9 et s\u2019arr\u00eate brutalement sur le carrefour. Les occupants de la voiture ouvrent le feu sur plusieurs jeunes qui d\u00e9talent. Un des tireurs,\u00a0<a href=\"http:\/\/www.lefigaro.fr\/bordeaux\/bordeaux-agresse-par-trois-hommes-cagoules-en-marge-du-blocage-de-sciences-po-un-militant-lfi-aurait-porte-plainte-20250225\" data-fig-type=\"NewsFlash\" data-gtm-custom-categorie=\"navigation\" data-gtm-custom-action=\"crossclick\" data-gtm-custom-label=\"Contextuel\" data-gtm-event=\"customEventSPE\" data-fig-domain=\"LEFIGARO\" target=\"_blank\" rel=\"noopener\">cagoul\u00e9s<\/a>, jaillit alors de la voiture et les prend en chasse, en donnant l\u2019ordre \u00e0 ses comparses\u00a0: \u00abFumez les petits\u00a0!\u00bb Plusieurs tirs en rafale fusent \u00e0 nouveau, d\u2019un pistolet-mitrailleur calibre 9 millim\u00e8tres. Quatre jeunes sont bless\u00e9s. Lionel Sess, lui, est retrouv\u00e9 mort. L\u2019autopsie r\u00e9v\u00e9lera qu\u2019il a \u00e9t\u00e9 atteint par deux balles, dont une dans le thorax. Au total, une quarantaine d\u2019\u00e9tuis percut\u00e9s par des armes automatiques seront retrouv\u00e9s sur le sol.<\/p>\n<p class=\"fig-paragraph\">Une fusillade qui avait \u00e9clat\u00e9 au moment de fortes tensions entre deux bandes rivales, l\u2019une de la cit\u00e9 Saint-louis, aussi appel\u00e9e \u00abChantecrit\u00bb et l\u2019autre de la\u00a0<a href=\"https:\/\/www.lefigaro.fr\/bordeaux\/bordeaux-11-kilos-de-drogues-et-10-000-euros-saisis-dans-la-cite-des-aubiers-20240122?msockid=258c4318a154643d05395665a0ed65f9\" target=\"_blank\" data-fig-type=\"NewsFlash\" rel=\"noopener\" data-gtm-custom-categorie=\"navigation\" data-gtm-custom-action=\"crossclick\" data-gtm-custom-label=\"Contextuel\" data-gtm-event=\"customEventSPE\" data-fig-domain=\"LEFIGARO\">cit\u00e9 des Aubiers<\/a>. Le 14 d\u00e9cembre 2020, deux semaines auparavant, la bande de Chantecrit avait d\u00e9j\u00e0 pris pour cible un jeune, Amir B., et avait tent\u00e9 de le tuer. Deux semaines plus tard, une fusillade avait \u00e9clat\u00e9 dans la cit\u00e9 Saint-Louis. Finalement, le 2 janvier, le drame ultime a \u00e9clat\u00e9 dans le quartier des\u00a0<a href=\"https:\/\/www.lefigaro.fr\/bordeaux\/a-bordeaux-des-policiers-pris-a-partie-alors-qu-ils-aident-les-pompiers-sur-une-intervention-20250227?msockid=258c4318a154643d05395665a0ed65f9\" target=\"_blank\" data-fig-type=\"Article\" rel=\"noopener\" data-gtm-custom-categorie=\"navigation\" data-gtm-custom-action=\"crossclick\" data-gtm-custom-label=\"Contextuel\" data-gtm-event=\"customEventSPE\" data-fig-domain=\"LEFIGARO\">Aubiers<\/a>.<\/p>\n<p class=\"fig-paragraph\">Un des jeunes, Guyllain Fourn, est l\u2019un des survivants de la fusillade. L\u2019adolescent, a \u00e9t\u00e9 touch\u00e9 par balle \u00e0 trois reprises, \u00e0 l\u2019omoplate, sous l\u2019oreille et au bras. Au d\u00e9but de l\u2019ann\u00e9e,\u00a0<a href=\"https:\/\/www.lefigaro.fr\/bordeaux\/ils-nous-ont-tires-comme-des-lapins-un-bordelais-rescape-d-une-fusillade-meurtriere-dans-la-cite-des-aubiers-se-confie-quatre-ans-apres-20250109?msockid=258c4318a154643d05395665a0ed65f9\" target=\"_blank\" data-fig-type=\"NewsFlash\" rel=\"noopener\" data-gtm-custom-categorie=\"navigation\" data-gtm-custom-action=\"crossclick\" data-gtm-custom-label=\"Contextuel\" data-gtm-event=\"customEventSPE\" data-fig-domain=\"LEFIGARO\">il se confiait au Figaro<\/a>. \u00abJ\u2019avais tr\u00e8s peur et je me disais\u00a0: \u201cContinue \u00e0 courir ou tu vas mourir\u201d. Je n\u2019ai pas cherch\u00e9 \u00e0 me retourner. Je savais qu\u2019il y avait des bagarres ; je ne savais pas qu\u2019il y avait une guerre \u00e0 balles r\u00e9elles entre les quartiers. Ils nous ont tir\u00e9s comme des lapins alors que nous \u00e9tions \u201cnus\u201d et sans arme. Ils ont tu\u00e9 un enfant de 16 ans et ils ont tout ni\u00e9 en d\u00e9tention. Ce sont des l\u00e2ches\u00bb, confiait-il.<\/p>\n<p>Les accus\u00e9s nient les faits<\/p>\n<p class=\"fig-paragraph\">Les suspects ont eux \u00e9t\u00e9 arr\u00eat\u00e9s 10 jours apr\u00e8s les faits alors qu\u2019ils tentaient de s\u2019enfuir. Abdoulhadre S., les fr\u00e8res Marwan S. et Yaakoub S., ainsi que Yassine S. ont \u00e9t\u00e9 mis en examen le 12 juillet 2023, du chef de \u00abmeurtre en bande organis\u00e9e\u00bb envers Lionel Sess. Ils devront aussi r\u00e9pondre de l\u2019accusation de \u00abtentatives de meurtres en bande organis\u00e9e\u00bb contre les trois mineurs bless\u00e9s par balle\u00a0: Guyllain Fourn, Amir B. (qui serait la cible initiale des assaillants) et une derni\u00e8re victime majeure qui a utilis\u00e9 un faux nom pour se faire soigner \u00e0 l\u2019h\u00f4pital avant de refuser de se constituer partie civile.<\/p>\n<p class=\"fig-paragraph\">Plac\u00e9s en d\u00e9tention provisoire, les accus\u00e9s nient les faits qui leur sont reproch\u00e9s malgr\u00e9 les preuves accablantes r\u00e9unies durant l\u2019instruction. Trois d\u2019entre eux ont fait appel de leur mise en accusation, qui a toutefois \u00e9t\u00e9 confirm\u00e9e par la chambre d\u2019instruction. Les accus\u00e9s multiplient aussi les demandes de remises en libert\u00e9 depuis leur arrestation. Au total, ce sont huit jeunes issus du quartier de Saint-Louis, impliqu\u00e9s dans le meurtre, qui seront jug\u00e9s \u00e0 la cour d\u2019assises de la Gironde, du 12 au 23 mai.<\/p>\n","protected":false},"excerpt":{"rendered":"Lionel, 16 ans, avait \u00e9t\u00e9 tu\u00e9 le 2 janvier 2021, dans une fusillade entre deux bandes rivales, dans&hellip;\n","protected":false},"author":2,"featured_media":93489,"comment_status":"","ping_status":"","sticky":false,"template":"","format":"standard","meta":{"footnotes":""},"categories":[2817],"tags":[1111,11,1997,2916,2911,2910,2915,2909,2904,2913,2912,2914,2906,2907,1777,674,1011,27,3832,2905,2908,12,2219,2694,25],"class_list":{"0":"post-93488","1":"post","2":"type-post","3":"status-publish","4":"format-standard","5":"has-post-thumbnail","7":"category-bordeaux","8":"tag-actu","9":"tag-actualites","10":"tag-bordeaux","11":"tag-bordeaux-cauderan","12":"tag-bordeaux-centre-ville","13":"tag-bordeaux-chartrons-grand-parc-jardin-public","14":"tag-bordeaux-la-bastide","15":"tag-bordeaux-maritime","16":"tag-bordeaux-metropole","17":"tag-bordeaux-nansouty-st-genes","18":"tag-bordeaux-st-augustin-tauzin-alphonse-dupeux","19":"tag-bordeaux-sud","20":"tag-capitale-de-gaule","21":"tag-cathedrale-gothique-de-saint-andre","22":"tag-eu","23":"tag-europe","24":"tag-fr","25":"tag-france","26":"tag-fusillade","27":"tag-gironde","28":"tag-girondins-de-bordeaux","29":"tag-news","30":"tag-nouvelle-aquitaine","31":"tag-proces","32":"tag-republique-francaise"},"share_on_mastodon":{"url":"","error":"Validation failed: Text character limit of 500 exceeded"},"_links":{"self":[{"href":"https:\/\/www.europesays.com\/fr\/wp-json\/wp\/v2\/posts\/93488","targetHints":{"allow":["GET"]}}],"collection":[{"href":"https:\/\/www.europesays.com\/fr\/wp-json\/wp\/v2\/posts"}],"about":[{"href":"https:\/\/www.europesays.com\/fr\/wp-json\/wp\/v2\/types\/post"}],"author":[{"embeddable":true,"href":"https:\/\/www.europesays.com\/fr\/wp-json\/wp\/v2\/users\/2"}],"replies":[{"embeddable":true,"href":"https:\/\/www.europesays.com\/fr\/wp-json\/wp\/v2\/comments?post=93488"}],"version-history":[{"count":0,"href":"https:\/\/www.europesays.com\/fr\/wp-json\/wp\/v2\/posts\/93488\/revisions"}],"wp:featuredmedia":[{"embeddable":true,"href":"https:\/\/www.europesays.com\/fr\/wp-json\/wp\/v2\/media\/93489"}],"wp:attachment":[{"href":"https:\/\/www.europesays.com\/fr\/wp-json\/wp\/v2\/media?parent=93488"}],"wp:term":[{"taxonomy":"category","embeddable":true,"href":"https:\/\/www.europesays.com\/fr\/wp-json\/wp\/v2\/categories?post=93488"},{"taxonomy":"post_tag","embeddable":true,"href":"https:\/\/www.europesays.com\/fr\/wp-json\/wp\/v2\/tags?post=93488"}],"curies":[{"name":"wp","href":"https:\/\/api.w.org\/{rel}","templated":true}]}}