{"id":93490,"date":"2025-05-12T05:48:08","date_gmt":"2025-05-12T05:48:08","guid":{"rendered":"https:\/\/www.europesays.com\/fr\/93490\/"},"modified":"2025-05-12T05:48:08","modified_gmt":"2025-05-12T05:48:08","slug":"completement-sature-des-le-debut-de-journee-ce-vaste-parking-de-toulouse-va-etre-agrandi","status":"publish","type":"post","link":"https:\/\/www.europesays.com\/fr\/93490\/","title":{"rendered":"Compl\u00e8tement satur\u00e9 d\u00e8s le d\u00e9but de journ\u00e9e, ce vaste parking de Toulouse va \u00eatre agrandi"},"content":{"rendered":"<p>            Par<br \/>\n        <strong><br \/>\n            <a href=\"https:\/\/actu.fr\/auteur\/david-saint-sernin\" title=\"Consulter tous les articles de David Saint-Sernin\" target=\"_blank\" rel=\"noopener\">David Saint-Sernin<\/a><br \/>\n        <\/strong><\/p>\n<p>        Publi\u00e9 le<\/p>\n<p>            12 mai 2025 \u00e0 7h14        <\/p>\n<p><a href=\"https:\/\/actu.fr\/occitanie\/toulouse_31555\/toulouse-la-galere-comme-seul-horizon-satures-les-parkings-de-tisseo-font-vivre-un-enfer-aux-habitants_62079465.html\" target=\"_blank\" rel=\"noopener\">Compl\u00e8tement satur\u00e9<\/a> d\u00e8s le d\u00e9but de journ\u00e9e, le parking <a href=\"https:\/\/actu.fr\/occitanie\/toulouse_31555\/considere-comme-rate-lors-de-son-lancement-ce-quartier-de-toulouse-va-connaitre-plusieurs-evolutions_61864393.html\" target=\"_blank\" rel=\"noopener\">de Borderouge<\/a> est l\u2019un de ceux o\u00f9 il est le plus compliqu\u00e9 de trouver des places libres quand on veut rejoindre<strong> le m\u00e9tro.<\/strong> Avec ses 1 358 places, il affiche souvent <strong>complet d\u00e8s 8h30<\/strong> pass\u00e9e. D\u00e9j\u00e0 <a href=\"https:\/\/actu.fr\/occitanie\/toulouse_31555\/toulouse-toujours-sature-parking-relais-station-metro-borderouge-agrandi_27187974.html\" target=\"_blank\" rel=\"noopener\">agrandi de 250 places en 2019,<\/a> ce parc relais, o\u00f9 se garent de nombreux automobilistes du nord toulousain, va faire l\u2019objet d\u2019une<strong> nouvelle extension. <\/strong>\u00ab\u00a0Les \u00e9tudes sont engag\u00e9es sur le P+R de Borderouge pour une extension du nombre de places\u00a0\u00bb, confirme Tiss\u00e9o \u00e0 Actu Toulouse. Voici comment le syndicat mixte des transports toulousains compte s\u2019y prendre.\u00a0<\/p>\n<p>Agrandi en 2019, mais \u00e0 nouveau satur\u00e9<\/p>\n<p class=\" wall-content\">L\u2019agrandissement envisag\u00e9 par Tiss\u00e9o est bien plus important que celui de 2019. \u00c0 l\u2019\u00e9poque, <strong>250 places<\/strong> \u00e9taient venues s\u2019ajouter amenant le parc-relais \u00e0 sa capacit\u00e9 actuelle. Et aussit\u00f4t les nouvelles places mises \u00e0 disposition des automobilistes, le parc-relais du terminus de la ligne B du m\u00e9tro s\u2019\u00e9tait <strong>\u00e0 nouveau retrouv\u00e9 satur\u00e9<\/strong>.<\/p>\n<p>Construction d\u2019un parking silo<\/p>\n<p class=\" wall-content\">Alors Tiss\u00e9o imagine d\u00e9sormais<strong> construire un parking-silo<\/strong> comme on peut en trouver \u00e0 Balma-Gramont ou aux Argoulets, au bout de la ligne A.\u00a0<\/p>\n<p class=\" wall-content\">Pour ce faire, l\u2019autorit\u00e9 des transports de l\u2019agglom\u00e9ration toulousaine peut compter sur plusieurs parcelles qu\u2019elle a achet\u00e9es en 2021. Au total, c\u2019est une emprise de <strong>2 800 m2<\/strong> qui a \u00e9t\u00e9 acquise pour 850 000 euros. Elle se trouve au 103 de la rue Edmond Rostand, juste \u00e0 c\u00f4t\u00e9 du parking.<\/p>\n<p>    <a href=\"https:\/\/www.google.com\/maps\/embed?pb=!1m18!1m12!1m3!1d1018.2101983728348!2d1.4509938149286674!3d43.64318971446204!2m3!1f0!2f0!3f0!3m2!1i1024!2i768!4f13.1!3m3!1m2!1s0x12aea35ca6debc25%3A0x852bc685991ca241!2s103%20Rue%20Edmond%20Rostand%2C%2031200%20Toulouse!5e1!3m2!1sfr!2sfr!4v1746797417276!5m2!1sfr!2sfr\" title=\"Ouvrie le lien\" target=\"_blank\" rel=\"noopener\">Cliquez ici pour visualiser le contenu<\/a><\/p>\n<p>\u00ab\u00a0Le calendrier n\u2019est pas encore finalis\u00e9\u00a0\u00bb<\/p>\n<p class=\" wall-content\">Sur ces parcelles, Tiss\u00e9o envisage donc <strong>la construction d\u2019un parking-silo<\/strong>. \u00ab\u00a0Le calendrier n\u2019est pas encore finalis\u00e9\u00a0\u00bb, indique Tiss\u00e9o qui travaille sur le sujet.\u00a0<\/p>\n<p class=\" wall-content\">Le dernier parking silo qui a \u00e9t\u00e9 construit pr\u00e8s du m\u00e9tro<a href=\"https:\/\/actu.fr\/occitanie\/toulouse_31555\/toulouse-un-parking-relais-nouvelle-generation-ouvre-pres-de-l-un-des-terminus-du-metro_53376841.html\" target=\"_blank\" rel=\"noopener\"> l\u2019a \u00e9t\u00e9 \u00e0 Basso-Cambo.<\/a> Il a ouvert en ao\u00fbt 2022.<\/p>\n<p class=\" wall-content\">\u00c0 plus court terme, c\u2019est le <strong>parc relais de Jolimont<\/strong> qui va \u00eatre d\u00e9moli. C\u2019est en ao\u00fbt 2025 que la d\u00e9construction est pr\u00e9vue. Au niveau de l\u2019ancien terminus de la ligne A (jusqu\u2019en 2004, NDLR), c\u2019est un projet immobilier de quatre immeubles qui va voir le jour d\u2019ici 2027.<\/p>\n<p class=\" wall-content\">Suivez toute l\u2019actualit\u00e9 de vos villes et m\u00e9dias favoris en vous inscrivant \u00e0 <a href=\"https:\/\/moncompte.actu.fr\" title=\"D\u00e9couvez Mon Actu\" rel=\"nofollow noopener\" data-trk=\"{&quot;cta&quot;:{&quot;action&quot;:&quot;https:\\\/\\\/moncompte.actu.fr&quot;,&quot;category&quot;:&quot;mon compte&quot;,&quot;from&quot;:&quot;article footer&quot;,&quot;name&quot;:&quot;Mon actu&quot;,&quot;type&quot;:&quot;cta&quot;}}\" target=\"_blank\">Mon Actu<\/a>.<\/p>\n<ul class=\"ac-article-tag wall-content\">\n<li><a href=\"https:\/\/actu.fr\/tag\/metro-de-toulouse\" data-trk=\"{&quot;cta&quot;:{&quot;action&quot;:&quot;M\\u00e9tro de Toulouse&quot;,&quot;category&quot;:&quot;tag&quot;,&quot;from&quot;:&quot;article footer&quot;,&quot;name&quot;:&quot;M\\u00e9tro de Toulouse&quot;,&quot;type&quot;:&quot;cta&quot;}}\" target=\"_blank\" rel=\"noopener\">#M\u00e9tro de Toulouse<\/a><\/li>\n<li><a href=\"https:\/\/actu.fr\/tag\/stationnement\" data-trk=\"{&quot;cta&quot;:{&quot;action&quot;:&quot;Stationnement&quot;,&quot;category&quot;:&quot;tag&quot;,&quot;from&quot;:&quot;article footer&quot;,&quot;name&quot;:&quot;Stationnement&quot;,&quot;type&quot;:&quot;cta&quot;}}\" target=\"_blank\" rel=\"noopener\">#Stationnement<\/a><\/li>\n<\/ul>\n","protected":false},"excerpt":{"rendered":"Par David Saint-Sernin Publi\u00e9 le 12 mai 2025 \u00e0 7h14 Compl\u00e8tement satur\u00e9 d\u00e8s le d\u00e9but de journ\u00e9e, le&hellip;\n","protected":false},"author":2,"featured_media":93491,"comment_status":"","ping_status":"","sticky":false,"template":"","format":"standard","meta":{"footnotes":""},"categories":[2816],"tags":[1111,11,1777,674,1011,27,10596,12,2680,25,104,6173,2312],"class_list":{"0":"post-93490","1":"post","2":"type-post","3":"status-publish","4":"format-standard","5":"has-post-thumbnail","7":"category-toulouse","8":"tag-actu","9":"tag-actualites","10":"tag-eu","11":"tag-europe","12":"tag-fr","13":"tag-france","14":"tag-metro-de-toulouse","15":"tag-news","16":"tag-occitanie","17":"tag-republique-francaise","18":"tag-societe","19":"tag-stationnement","20":"tag-toulouse"},"share_on_mastodon":{"url":"https:\/\/pubeurope.com\/@fr\/114493292814899059","error":""},"_links":{"self":[{"href":"https:\/\/www.europesays.com\/fr\/wp-json\/wp\/v2\/posts\/93490","targetHints":{"allow":["GET"]}}],"collection":[{"href":"https:\/\/www.europesays.com\/fr\/wp-json\/wp\/v2\/posts"}],"about":[{"href":"https:\/\/www.europesays.com\/fr\/wp-json\/wp\/v2\/types\/post"}],"author":[{"embeddable":true,"href":"https:\/\/www.europesays.com\/fr\/wp-json\/wp\/v2\/users\/2"}],"replies":[{"embeddable":true,"href":"https:\/\/www.europesays.com\/fr\/wp-json\/wp\/v2\/comments?post=93490"}],"version-history":[{"count":0,"href":"https:\/\/www.europesays.com\/fr\/wp-json\/wp\/v2\/posts\/93490\/revisions"}],"wp:featuredmedia":[{"embeddable":true,"href":"https:\/\/www.europesays.com\/fr\/wp-json\/wp\/v2\/media\/93491"}],"wp:attachment":[{"href":"https:\/\/www.europesays.com\/fr\/wp-json\/wp\/v2\/media?parent=93490"}],"wp:term":[{"taxonomy":"category","embeddable":true,"href":"https:\/\/www.europesays.com\/fr\/wp-json\/wp\/v2\/categories?post=93490"},{"taxonomy":"post_tag","embeddable":true,"href":"https:\/\/www.europesays.com\/fr\/wp-json\/wp\/v2\/tags?post=93490"}],"curies":[{"name":"wp","href":"https:\/\/api.w.org\/{rel}","templated":true}]}}