{"id":93511,"date":"2025-05-12T06:02:10","date_gmt":"2025-05-12T06:02:10","guid":{"rendered":"https:\/\/www.europesays.com\/fr\/93511\/"},"modified":"2025-05-12T06:02:10","modified_gmt":"2025-05-12T06:02:10","slug":"affectation-au-lycee-a-paris-la-plate-forme-affelnet-ne-convainc-toujours-pas","status":"publish","type":"post","link":"https:\/\/www.europesays.com\/fr\/93511\/","title":{"rendered":"Affectation au lyc\u00e9e\u00a0: \u00e0 Paris, la plate-forme Affelnet ne convainc toujours pas"},"content":{"rendered":"<p class=\"paragraph text_align_left\">C\u2019est un vice de proc\u00e9dure, une \u00ab erreur de droit \u00bb du rectorat de Paris, qui remet en cause, dans les coll\u00e8ges parisiens, la proc\u00e9dure Affelnet d\u2019affectation des \u00e9l\u00e8ves de 3e au lyc\u00e9e pour la rentr\u00e9e prochaine. Le tribunal administratif de Paris a donn\u00e9 gain de cause ce mercredi 7 mai aux parents d\u2019\u00e9l\u00e8ves de six \u00e9tablissements parisiens qui avaient port\u00e9 leur recours pour d\u00e9noncer la derni\u00e8re circulaire du rectorat de Paris, qui pr\u00e9voyait une nouvelle sectorisation des lyc\u00e9es. Selon eux, cette circulaire renfor\u00e7ait les \u00ab effets pervers \u00bb d\u2019Affelnet,<a href=\"https:\/\/www.leparisien.fr\/paris-75\/parcoursup-des-collegiens-a-paris-la-reforme-d-affelnet-accusee-de-creuser-les-inegalites-05-03-2021-8427302.php\" target=\"_self\" rel=\"nofollow noopener\"> qu\u2019ils d\u00e9noncent depuis sa mise en place en 2021<\/a>.<\/p>\n<p class=\"paragraph text_align_left\">Le juge administratif a retenu le vice de proc\u00e9dure du fait de la mise en application de cette nouvelle sectorisation sans publication pr\u00e9alable d\u2019un arr\u00eat\u00e9 minist\u00e9riel comme le pr\u00e9voit la loi. Au-del\u00e0 de cet aspect juridique et technique et tandis que la plate-forme Affelnet est ouverte depuis le 5 mai, les parents d\u2019\u00e9l\u00e8ves, eux, remettent en cause tout <a href=\"https:\/\/www.leparisien.fr\/societe\/affectation-dans-les-lycees-parisiens-lancien-systeme-creait-beaucoup-de-deceptions-09-02-2023-WUZAGSDKTRDU7IHXAX56JALGVA.php\" target=\"_self\" rel=\"nofollow noopener\">le syst\u00e8me d\u2019affectation des \u00e9l\u00e8ves<\/a>.<\/p>\n","protected":false},"excerpt":{"rendered":"C\u2019est un vice de proc\u00e9dure, une \u00ab erreur de droit \u00bb du rectorat de Paris, qui remet en&hellip;\n","protected":false},"author":2,"featured_media":93512,"comment_status":"","ping_status":"","sticky":false,"template":"","format":"standard","meta":{"footnotes":""},"categories":[1888],"tags":[11,1777,674,1011,27,1944,12,626,25,104],"class_list":{"0":"post-93511","1":"post","2":"type-post","3":"status-publish","4":"format-standard","5":"has-post-thumbnail","7":"category-paris","8":"tag-actualites","9":"tag-eu","10":"tag-europe","11":"tag-fr","12":"tag-france","13":"tag-ma-ville","14":"tag-news","15":"tag-paris","16":"tag-republique-francaise","17":"tag-societe"},"share_on_mastodon":{"url":"https:\/\/pubeurope.com\/@fr\/114493347830482848","error":""},"_links":{"self":[{"href":"https:\/\/www.europesays.com\/fr\/wp-json\/wp\/v2\/posts\/93511","targetHints":{"allow":["GET"]}}],"collection":[{"href":"https:\/\/www.europesays.com\/fr\/wp-json\/wp\/v2\/posts"}],"about":[{"href":"https:\/\/www.europesays.com\/fr\/wp-json\/wp\/v2\/types\/post"}],"author":[{"embeddable":true,"href":"https:\/\/www.europesays.com\/fr\/wp-json\/wp\/v2\/users\/2"}],"replies":[{"embeddable":true,"href":"https:\/\/www.europesays.com\/fr\/wp-json\/wp\/v2\/comments?post=93511"}],"version-history":[{"count":0,"href":"https:\/\/www.europesays.com\/fr\/wp-json\/wp\/v2\/posts\/93511\/revisions"}],"wp:featuredmedia":[{"embeddable":true,"href":"https:\/\/www.europesays.com\/fr\/wp-json\/wp\/v2\/media\/93512"}],"wp:attachment":[{"href":"https:\/\/www.europesays.com\/fr\/wp-json\/wp\/v2\/media?parent=93511"}],"wp:term":[{"taxonomy":"category","embeddable":true,"href":"https:\/\/www.europesays.com\/fr\/wp-json\/wp\/v2\/categories?post=93511"},{"taxonomy":"post_tag","embeddable":true,"href":"https:\/\/www.europesays.com\/fr\/wp-json\/wp\/v2\/tags?post=93511"}],"curies":[{"name":"wp","href":"https:\/\/api.w.org\/{rel}","templated":true}]}}