{"id":93523,"date":"2025-05-12T06:08:11","date_gmt":"2025-05-12T06:08:11","guid":{"rendered":"https:\/\/www.europesays.com\/fr\/93523\/"},"modified":"2025-05-12T06:08:11","modified_gmt":"2025-05-12T06:08:11","slug":"vers-des-refoulements-systematiques-a-la-frontiere-video","status":"publish","type":"post","link":"https:\/\/www.europesays.com\/fr\/93523\/","title":{"rendered":"vers des refoulements syst\u00e9matiques \u00e0 la fronti\u00e8re [Vid\u00e9o]"},"content":{"rendered":"<p style=\"text-align: justify;\">\u00c0 peine nomm\u00e9, Alexander Dobrindt, nouveau ministre allemand de l\u2019Int\u00e9rieur, a ordonn\u00e9 une mesure sans pr\u00e9c\u00e9dent depuis 2015 : la police f\u00e9d\u00e9rale est d\u00e9sormais charg\u00e9e de refuser l\u2019entr\u00e9e aux migrants sans papiers, m\u00eame si ceux-ci demandent l\u2019asile. Seuls les groupes vuln\u00e9rables (femmes enceintes et enfants) sont exempt\u00e9s. L\u2019annonce, faite le 7 mai, marque un retour \u00e0 une politique de contr\u00f4le strict, abrogeant une directive adopt\u00e9e oralement en ao\u00fbt 2015 au plus fort de la crise migratoire. Cette derni\u00e8re autorisait, de fait, l\u2019entr\u00e9e sur le territoire de tout demandeur d\u2019asile, m\u00eame sans documents.<\/p>\n<p style=\"text-align: justify;\">Selon l\u2019hebdomadaire allemand Junge Freiheit, cette directive est rest\u00e9e en vigueur 3 533 jours avant d\u2019\u00eatre formellement r\u00e9voqu\u00e9e. Alexander Dobrindt, membre de la CSU bavaroise, a donn\u00e9 instruction \u00e0 la police f\u00e9d\u00e9rale de renforcer ses effectifs : 2 000 \u00e0 3 000 agents suppl\u00e9mentaires viendront s\u2019ajouter aux 11 000 d\u00e9j\u00e0 pr\u00e9sents. Objectif : accro\u00eetre les refus d\u2019entr\u00e9e aux fronti\u00e8res terrestres, notamment avec la Pologne, la Tch\u00e9quie, ou encore la Suisse. Le journal Le Parisien pr\u00e9cise que le gouvernement allemand s\u2019appuie sur le droit europ\u00e9en, qui autorise le refoulement de demandeurs d\u2019asile arrivant de pays tiers consid\u00e9r\u00e9s comme s\u00fbrs, ce qui est le cas de tous les pays limitrophes de l\u2019Allemagne.<\/p>\n<p><strong>Une d\u00e9cision \u00e0 forte port\u00e9e politique et diplomatique<\/strong><\/p>\n<p style=\"text-align: justify;\">Le tour de vis migratoire n\u2019est pas qu\u2019une affaire int\u00e9rieure. \u00c0 Varsovie, Donald Tusk a exprim\u00e9 sa pr\u00e9occupation, appelant \u00e0 pr\u00e9server la coh\u00e9sion de Schengen. Ces nouvelles directives interviennent dans un contexte de tension croissante au sein de l\u2019UE sur la gestion des flux migratoires.<\/p>\n<p style=\"text-align: justify;\">Sur le plan interne en Allemagne, la mesure r\u00e9pond \u00e0 une pression \u00e9lectorale croissante. <a href=\"https:\/\/www.breizh-info.com\/2025\/02\/03\/243457\/allemagne-le-blocage-dune-loi-anti-immigration-revele-lhysterie-de-la-classe-politique-face-a-lafd\/\" target=\"_blank\" rel=\"noopener\">L\u2019AfD<\/a>, en t\u00eate de plusieurs sondages r\u00e9cents, a fait de la lutte contre l\u2019immigration son cheval de bataille. Le gouvernement Merz tente ainsi de reprendre l\u2019initiative sur un terrain qui lui \u00e9chappe. Pourtant, m\u00eame au sein de l\u2019AfD, on d\u00e9nonce une mise en \u0153uvre insuffisante. Une vid\u00e9o virale post\u00e9e sur X critiquait r\u00e9cemment des contr\u00f4les \u00ab sporadiques \u00bb, accusant le gouvernement allemand de poursuivre une politique d\u2019apparence.<\/p>\n<blockquote class=\"twitter-tweet\">\n<p dir=\"ltr\" lang=\"de\">Nachdem uns gestern <a href=\"https:\/\/twitter.com\/BILD?ref_src=twsrc%5Etfw\" target=\"_blank\" rel=\"noopener\">@Bild<\/a> erkl\u00e4rte, wir seien zu fr\u00fch an der Grenze gewesen, haben wir nochmal nachgesehen. Es gibt sporadische Grenzkontrollen \u2013 die gab es jedoch in gleicher Form schon w\u00e4hrend der Ampel-Regierung. Von mehr Grenzschutz kann auch heute keine Rede sein. <a href=\"https:\/\/t.co\/eCre8LDKSR\">pic.twitter.com\/eCre8LDKSR<\/a><\/p>\n<p>\u2014 Alice Weidel (@Alice_Weidel) <a href=\"https:\/\/twitter.com\/Alice_Weidel\/status\/1920470053415198816?ref_src=twsrc%5Etfw\" target=\"_blank\" rel=\"noopener\">May 8, 2025<\/a><\/p>\n<\/blockquote>\n<p><strong>Vers un tournant structurel ?<\/strong><\/p>\n<p style=\"text-align: justify;\">Depuis octobre 2023, plus de 10 000 personnes ont d\u00e9j\u00e0 \u00e9t\u00e9 refoul\u00e9es, selon la police f\u00e9d\u00e9rale, et 53 000 depuis un an, selon l\u2019ancienne ministre Nancy Faeser. Des contr\u00f4les avaient \u00e9t\u00e9 r\u00e9tablis progressivement aux fronti\u00e8res avec l\u2019Autriche, le Danemark ou les Pays-Bas, mais Berlin franchit d\u00e9sormais un cap.<\/p>\n<p style=\"text-align: justify;\">En affirmant que l\u2019entr\u00e9e sur le territoire ne garantit plus l\u2019examen de la demande d\u2019asile, le gouvernement f\u00e9d\u00e9ral change de paradigme. Reste \u00e0 voir si ce durcissement sera suivi d\u2019effets.<\/p>\n<p style=\"text-align: justify;\">Cr\u00e9dit photo : capture YouTube (photo d\u2019illustration)<br \/>[cc] Breizh-info.com, 2025, d\u00e9p\u00eaches libres de copie et de diffusion sous r\u00e9serve de mention et de lien vers la source d\u2019origine<\/p>\n<p>\t\t\t\t<script async src=\"https:\/\/platform.twitter.com\/widgets.js\" charset=\"utf-8\"><\/script><\/p>\n","protected":false},"excerpt":{"rendered":"\u00c0 peine nomm\u00e9, Alexander Dobrindt, nouveau ministre allemand de l\u2019Int\u00e9rieur, a ordonn\u00e9 une mesure sans pr\u00e9c\u00e9dent depuis 2015&hellip;\n","protected":false},"author":2,"featured_media":93524,"comment_status":"","ping_status":"","sticky":false,"template":"","format":"standard","meta":{"footnotes":""},"categories":[1587],"tags":[11,1862,20594,672,1804,1805,1803,1777,674,1801,1251,12,1802],"class_list":{"0":"post-93523","1":"post","2":"type-post","3":"status-publish","4":"format-standard","5":"has-post-thumbnail","7":"category-allemagne","8":"tag-actualites","9":"tag-afd","10":"tag-alexander-dobrindt","11":"tag-allemagne","12":"tag-bundesrepublik-deutschland","13":"tag-de","14":"tag-deutschland","15":"tag-eu","16":"tag-europe","17":"tag-germany","18":"tag-migrants","19":"tag-news","20":"tag-republique-federale-dallemagne"},"share_on_mastodon":{"url":"https:\/\/pubeurope.com\/@fr\/114493371570943428","error":""},"_links":{"self":[{"href":"https:\/\/www.europesays.com\/fr\/wp-json\/wp\/v2\/posts\/93523","targetHints":{"allow":["GET"]}}],"collection":[{"href":"https:\/\/www.europesays.com\/fr\/wp-json\/wp\/v2\/posts"}],"about":[{"href":"https:\/\/www.europesays.com\/fr\/wp-json\/wp\/v2\/types\/post"}],"author":[{"embeddable":true,"href":"https:\/\/www.europesays.com\/fr\/wp-json\/wp\/v2\/users\/2"}],"replies":[{"embeddable":true,"href":"https:\/\/www.europesays.com\/fr\/wp-json\/wp\/v2\/comments?post=93523"}],"version-history":[{"count":0,"href":"https:\/\/www.europesays.com\/fr\/wp-json\/wp\/v2\/posts\/93523\/revisions"}],"wp:featuredmedia":[{"embeddable":true,"href":"https:\/\/www.europesays.com\/fr\/wp-json\/wp\/v2\/media\/93524"}],"wp:attachment":[{"href":"https:\/\/www.europesays.com\/fr\/wp-json\/wp\/v2\/media?parent=93523"}],"wp:term":[{"taxonomy":"category","embeddable":true,"href":"https:\/\/www.europesays.com\/fr\/wp-json\/wp\/v2\/categories?post=93523"},{"taxonomy":"post_tag","embeddable":true,"href":"https:\/\/www.europesays.com\/fr\/wp-json\/wp\/v2\/tags?post=93523"}],"curies":[{"name":"wp","href":"https:\/\/api.w.org\/{rel}","templated":true}]}}