{"id":93543,"date":"2025-05-12T06:19:08","date_gmt":"2025-05-12T06:19:08","guid":{"rendered":"https:\/\/www.europesays.com\/fr\/93543\/"},"modified":"2025-05-12T06:19:08","modified_gmt":"2025-05-12T06:19:08","slug":"motogp-juge-coupable-du-crash-1-pilote-penalise-apres-larrivee-du-gp-de-france","status":"publish","type":"post","link":"https:\/\/www.europesays.com\/fr\/93543\/","title":{"rendered":"MotoGP Jug\u00e9 coupable du crash, 1 pilote p\u00e9nalis\u00e9 apr\u00e8s l&rsquo;arriv\u00e9e du GP de France"},"content":{"rendered":"<p>Plusieurs heures apr\u00e8s l\u2019arriv\u00e9e du Grand-Prix de France de MotoGP, les commissaires ont s\u00e9vi, quant au crash survenu au Mans, en d\u00e9but d\u2019\u00e9preuve, dimanche dernier. Un accident fatal, notamment, \u00e0 Francesco Bagnaia, qui a perdu gros dans cet incident, apr\u00e8s la deuxi\u00e8me place d\u00e9croch\u00e9e par Marc Marquez.<\/p>\n<p>MotoGP : long-lap pour \u201cla b\u00eate\u201d !<\/p>\n<p>Et l\u2019homme incrimin\u00e9 n\u2019est autre qu\u2019En\u00e9a Bastianini. En effet, le pilote KTM Tech3 a litt\u00e9ralement oubli\u00e9 de freiner, envoyant plusieurs de ses camarades \u00e0 terre. Parmi les victimes, Johann Zarco aurait pu lui aussi chuter mais, bien heureusement, apr\u00e8s une perte d\u2019\u00e9quilibre, le tricolore parvenait \u00e0 rester sur sa Honda. Avec le d\u00e9nouement final que nous connaissons d\u00e9sormais, le num\u00e9ro 5 ayant gagn\u00e9 la course\u2026<\/p>\n<p>Quoiqu\u2019il en soit, le pilote Italien a donc \u00e9t\u00e9 jug\u00e9 coupable de cette manoeuvre dangereuse. D\u2019o\u00f9 cette sanction \u00e0 savoir, une p\u00e9nalit\u00e9 de long-lap \u00e0 ex\u00e9cuter, \u00e0 l\u2019occasion du Grand-Prix de Grande Bretagne de MotoGP 2025, qui aura lieu dans deux semaines, \u00e0 Silverstone. C\u2019est donc, bien, le dimanche, qu\u2019il devra observer sa p\u00e9nalit\u00e9 et non lors de l\u2019\u00e9preuve sprint du samedi.<\/p>\n<blockquote class=\"twitter-tweet\">\n<p dir=\"ltr\" lang=\"en\">The FIM <a href=\"https:\/\/twitter.com\/hashtag\/MotoGP?src=hash&amp;ref_src=twsrc%5Etfw\" target=\"_blank\" rel=\"noopener nofollow\">#MotoGP<\/a> Stewards handed a Long Lap Penalty to MotoGP rider #23 Enea Bastianini for riding in a irresponsible manner causing a crash, involving rider #63 Francesco Bagnaia, to be served at the next Grand Prix \u26a0\ufe0f<a href=\"https:\/\/twitter.com\/hashtag\/FrenchGP?src=hash&amp;ref_src=twsrc%5Etfw\" target=\"_blank\" rel=\"noopener nofollow\">#FrenchGP<\/a> \ud83c\uddeb\ud83c\uddf7<\/p>\n<p>\u2014 MotoGP\u2122\ud83c\udfc1 (@MotoGP) <a href=\"https:\/\/twitter.com\/MotoGP\/status\/1921585815093682682?ref_src=twsrc%5Etfw\" target=\"_blank\" rel=\"noopener nofollow\">May 11, 2025<\/a><\/p>\n<\/blockquote>\n<p>Class\u00e9 treizi\u00e8me du Grand-Prix de France de MotoGP, En\u00e9a Bastianni s\u2019en est tout de m\u00eame bien sorti, lui qui partait tr\u00e8s loin sur la grille de d\u00e9part. Alors que l\u2019Italien se sera retrouv\u00e9 au sol deux fois, au total, dimanche dernier\u2026<\/p>\n<p>\u201cCourse de folie ! Il s\u2019est pass\u00e9 beaucoup de choses aujourd\u2019hui, avec une m\u00e9t\u00e9o changeante : une minute, il pleuvait, puis tout s\u2019est arr\u00eat\u00e9\u201c, t\u00e9moignait En\u00e9a, apr\u00e8s l\u2019arriv\u00e9e de l\u2019\u00e9preuve courue sur le circuit du Mans. \u201cNous avons commenc\u00e9 le tour de chauffe en pneus slicks, puis il a plu, alors nous avons chang\u00e9 de moto, et apr\u00e8s, ce fut la catastrophe, et nous avons encore chang\u00e9. La situation \u00e9tait difficile \u00e0 g\u00e9rer pour tout le monde, nous avons chut\u00e9 deux fois, entra\u00eenant malheureusement Pecco (Francesco Bagnaia) au d\u00e9part, ce qui me vaudra une p\u00e9nalit\u00e9 lors de la prochaine manche. Mais au final, j\u2019ai quand m\u00eame r\u00e9ussi \u00e0 marquer quelques points avec la 13e place. Nous avons fait de notre mieux aujourd\u2019hui, notre rythme \u00e9tait bon une fois le chaos pass\u00e9, m\u00eame si nous aurions pu adopter une meilleure strat\u00e9gie d\u00e8s le d\u00e9part, mais c\u2019est comme \u00e7a ! Concentrons-nous tous sur le bon travail \u00e0 Silverstone\u201c, concluait le pilote du Team tricolore Tech3, qui ram\u00e8ne \u00e0 nouveau des points \u00e0 son \u00e9quipe, qui plus est, \u00e0 domicile.<\/p>\n<p>Pour sa part, Maverick Vinal\u00e8s s\u2019offre un nouveau top 5 et marque, lui aussi, des gros points pour son \u00e9quipe. Ce malgr\u00e9 les deux long-lap, p\u00e9nalit\u00e9 pr\u00e9vue dans le cadre de la modification du r\u00e8glement, lorsque les conditions de piste changent et qu\u2019un pilote rentre dans la pit-lane pour changer de pneus avant m\u00eame le d\u00e9part de la course. Ainsi, plus de la moiti\u00e9 des pilotes ont \u00e9t\u00e9 punis de la m\u00eame sanction.<\/p>\n<p>Nicolas Goyon, le manager de l\u2019\u00e9curie Fran\u00e7aise, commente ce Grand-Prix chaotique \u00ab La course que nous venons de vivre au Mans a \u00e9t\u00e9 mouvement\u00e9e. En v\u00e9rifiant les conditions m\u00e9t\u00e9o ce matin, nous savions qu\u2019il pouvait pleuvoir ou s\u00e9cher, nous \u00e9tions donc pr\u00eats \u00e0 tout. Apr\u00e8s deux changements de moto et une double p\u00e9nalit\u00e9 pour long lap, Maverick Vi\u00f1ales a r\u00e9ussi \u00e0 nous ramener une \u00e9tonnante 5e place apr\u00e8s une performance incroyable. Il a \u00e9t\u00e9 rapide sur le sec comme sur la pluie ce week-end, ce qui met en \u00e9vidence ses progr\u00e8s avec la KTM. F\u00e9licitations \u00e0 lui pour sa performance. <\/p>\n<p>Enea Bastianini s\u2019est retrouv\u00e9 bloqu\u00e9 dans les premiers virages d\u00e9licats du d\u00e9part, et a chut\u00e9 une fois, puis une autre quelques tours plus tard. D\u00e8s qu\u2019il a commenc\u00e9 \u00e0 pleuvoir fort, il a chang\u00e9 de moto et le rythme s\u2019est am\u00e9lior\u00e9. Il \u00e9tait de toute fa\u00e7on trop loin, mais il a quand m\u00eame r\u00e9ussi \u00e0 prendre 3 points avec la 13e place. Heureux d\u2019avoir surv\u00e9cu \u00e0 ces conditions difficiles avec les deux pilotes dans les points, concentrons-nous maintenant sur la prochaine manche \u00e0 Silverstone ! \u00bb, concluait le tricolore, qui se tourne d\u2019ores et d\u00e9j\u00e0 vers le Grand-Prix de Grande Bretagne.<\/p>\n<p>Rappelons que, outre En\u00e9a Bastianini, Fabio Quartararo a \u00e9galement \u00e9t\u00e9 sanctionn\u00e9 par les commissaires. Il sera donc priv\u00e9 des dix premi\u00e8res minutes des essais libres 1, lors de la prochaine manche.<\/p>\n<p>Article publi\u00e9 le 12\/05\/2025 \u00e0 5h58<\/p>\n<p>                                                            <script async src=\"https:\/\/platform.twitter.com\/widgets.js\" charset=\"utf-8\"><\/script><\/p>\n","protected":false},"excerpt":{"rendered":"Plusieurs heures apr\u00e8s l\u2019arriv\u00e9e du Grand-Prix de France de MotoGP, les commissaires ont s\u00e9vi, quant au crash survenu&hellip;\n","protected":false},"author":2,"featured_media":93544,"comment_status":"","ping_status":"","sticky":false,"template":"","format":"standard","meta":{"footnotes":""},"categories":[1413],"tags":[1578,1011,27,1457,1456,1458,2129,60],"class_list":{"0":"post-93543","1":"post","2":"type-post","3":"status-publish","4":"format-standard","5":"has-post-thumbnail","7":"category-moto","8":"tag-enu00e9a-bastianini","9":"tag-fr","10":"tag-france","11":"tag-moto","12":"tag-motocycle","13":"tag-motogp","14":"tag-pu00e9nalitu00e9","15":"tag-sports"},"share_on_mastodon":{"url":"https:\/\/pubeurope.com\/@fr\/114493414633954955","error":""},"_links":{"self":[{"href":"https:\/\/www.europesays.com\/fr\/wp-json\/wp\/v2\/posts\/93543","targetHints":{"allow":["GET"]}}],"collection":[{"href":"https:\/\/www.europesays.com\/fr\/wp-json\/wp\/v2\/posts"}],"about":[{"href":"https:\/\/www.europesays.com\/fr\/wp-json\/wp\/v2\/types\/post"}],"author":[{"embeddable":true,"href":"https:\/\/www.europesays.com\/fr\/wp-json\/wp\/v2\/users\/2"}],"replies":[{"embeddable":true,"href":"https:\/\/www.europesays.com\/fr\/wp-json\/wp\/v2\/comments?post=93543"}],"version-history":[{"count":0,"href":"https:\/\/www.europesays.com\/fr\/wp-json\/wp\/v2\/posts\/93543\/revisions"}],"wp:featuredmedia":[{"embeddable":true,"href":"https:\/\/www.europesays.com\/fr\/wp-json\/wp\/v2\/media\/93544"}],"wp:attachment":[{"href":"https:\/\/www.europesays.com\/fr\/wp-json\/wp\/v2\/media?parent=93543"}],"wp:term":[{"taxonomy":"category","embeddable":true,"href":"https:\/\/www.europesays.com\/fr\/wp-json\/wp\/v2\/categories?post=93543"},{"taxonomy":"post_tag","embeddable":true,"href":"https:\/\/www.europesays.com\/fr\/wp-json\/wp\/v2\/tags?post=93543"}],"curies":[{"name":"wp","href":"https:\/\/api.w.org\/{rel}","templated":true}]}}