{"id":93557,"date":"2025-05-12T06:26:10","date_gmt":"2025-05-12T06:26:10","guid":{"rendered":"https:\/\/www.europesays.com\/fr\/93557\/"},"modified":"2025-05-12T06:26:10","modified_gmt":"2025-05-12T06:26:10","slug":"fallait-pas-le-dire-laurent-delahousse-met-son-invite-dans-lembarras-dans-20h30-le-dimanche","status":"publish","type":"post","link":"https:\/\/www.europesays.com\/fr\/93557\/","title":{"rendered":"\u00ab\u00a0Fallait pas le dire\u00a0\u00bb : Laurent Delahousse met son invit\u00e9 dans l\u2019embarras dans 20h30 le dimanche"},"content":{"rendered":"<p class=\"p1\">Pour finir le week-end en beaut\u00e9, <strong>Laurent<br \/>\nDelahousse<\/strong> accorde <strong>un grand entretien<\/strong> \u00e0<br \/>\nune c\u00e9l\u00e9brit\u00e9 <strong>dans<\/strong> <a href=\"https:\/\/www.closermag.fr\/people\/gilbert-montagne-interpelle-eric-zemmour-dans-20h30-le-dimanche-laurent-delahousse-perd-pied-1422903\" target=\"_blank\" rel=\"noopener\"><br \/>\n20H30 Le Dimanche<\/a> sur la cha\u00eene France 2. L&rsquo;\u00e9mission diffus\u00e9e<br \/>\nen seconde partie du journal de 20h retrace l'\u00a0\u00bbhistoire<br \/>\nfran\u00e7aise\u00a0\u00bb de son invit\u00e9. Le rendez-vous dominical s&rsquo;ach\u00e8ve<br \/>\nd&rsquo;ordinaire par une performance musicale live d&rsquo;un artiste ou d&rsquo;un<br \/>\ngroupe.<\/p>\n<p class=\"p1\">Le programme a rencontr\u00e9 <strong>un fort succ\u00e8s<br \/>\nd&rsquo;audience ce samedi<\/strong>. Selon les donn\u00e9es relay\u00e9es par<br \/>\nPurem\u00e9dias, 3,88 millions sont rest\u00e9s devant leurs \u00e9crans sur la<br \/>\ndeuxi\u00e8me cha\u00eene du PAF apr\u00e8s le JT du week-end. \u00ab\u00a0Le 20 heures\u00a0\u00bb<br \/>\ngagne 0,9 point et 20h30 le samedi; consacr\u00e9 \u00e0 l&rsquo;Eurovision, gagne<br \/>\n1,4 point et passe la barre des 25% de PDA\u00a0\u00bb, indiquent nos<br \/>\nconfr\u00e8res.<\/p>\n<p>Laurent Delahousse : la g\u00eane de son invit\u00e9 dans<br \/>\n20h30 le dimanche<\/p>\n<p class=\"p1\">Dans la premi\u00e8re partie de son \u00e9mission,<br \/>\n<strong>Laurent Delahousse a re\u00e7u<\/strong> <a href=\"https:\/\/www.closermag.fr\/people\/squeezie-pourquoi-le-celebre-youtubeur-est-devenu-une-star-en-roumanie-1544603\" target=\"_blank\" rel=\"noopener\"><br \/>\nSqueezie<\/a>. Le YouTubeur a retrac\u00e9 les grandes \u00e9tapes de sa<br \/>\ncarri\u00e8re depuis ses jeunes ann\u00e9es. Il a notamment \u00e9t\u00e9 question de<br \/>\nses passions d&rsquo;adolescence. Le journaliste a mis les pieds dans le<br \/>\nplat : \u00ab\u00a0<strong>Dans cette chambre d&rsquo;ado, il y avait un<br \/>\nposter<\/strong>, il y avait des h\u00e9ros\u00a0\u00bb.<\/p>\n<p class=\"p1\">Squeezie a embray\u00e9 : \u00ab\u00a0Il y avait plein de<br \/>\nposters. Le poster des Simpsons, c&rsquo;est le principal dont je me<br \/>\nrappelle\u00a0\u00bb. Et Laurent Delahousse de lui rafra\u00eechir la m\u00e9moire<br \/>\n: \u00ab\u00a0Il y en avait un autre&#8230;\u00a0\u00bb. Est alors apparue \u00e0 l&rsquo;\u00e9cran<br \/>\n<strong>une photo de Lorie<\/strong>. La g\u00eane \u00e9tait palpable en<br \/>\nplateau. \u00ab\u00a0<strong>Fallait pas le dire<\/strong>. C&rsquo;est mon petit<br \/>\np\u00e9ch\u00e9 mignon\u00a0\u00bb, a confess\u00e9 Squeezie, manifestement<br \/>\nembarrass\u00e9.<\/p>\n<p>Laurent Delahousse : ce d\u00e9fi lanc\u00e9 \u00e0<br \/>\nson invit\u00e9 du dimanche<\/p>\n<p class=\"p1\">Une vid\u00e9o enregistr\u00e9e par la chanteuse a \u00e9t\u00e9 ensuite<br \/>\ndiffus\u00e9e. <a href=\"https:\/\/www.telestar.fr\/people\/lorie-pester-au-dernier-moment-elle-explique-son-absence-des-enfoires-2024-859730\" target=\"_blank\" rel=\"noopener\"><br \/>\nLorie<\/a> semblait bien inform\u00e9e : \u00ab\u00a0Apparement avec ton fr\u00e8re,<br \/>\nvous vous lancez des d\u00e9fis depuis tout petit. Il me semble qu&rsquo;un<br \/>\ndes d\u00e9fis \u00e9tait de taguer une de mes photos qui \u00e9tait dans ta<br \/>\nchambre, si je ne me trompe pas. Vu que vous \u00eates tr\u00e8s joueurs,<br \/>\ntous les deux, <strong>je vais vous lancer un d\u00e9fi<\/strong> \u00e0 toi<br \/>\net ton fr\u00e8re\u00a0\u00bb.<\/p>\n<p class=\"p1\">Et de poursuivre : \u00ab\u00a0Votre d\u00e9fi, si vous<br \/>\nl&rsquo;acceptez, est de <strong>venir chanter<\/strong><br \/>\n<strong>Week-end<\/strong>, qui je crois est le premier CD que<br \/>\ntu as achet\u00e9, <strong>avec moi \u00e0 un de mes concerts au Z\u00e9nith de<br \/>\nParis<\/strong>. Alors, vous acceptez ou pas ?\u00a0\u00bb L&rsquo;id\u00e9e<br \/>\na sembl\u00e9 s\u00e9duire Squeezie : \u00ab\u00a0Lorie, c&rsquo;est avec plaisir, bien<br \/>\ns\u00fbr. \u00c7a fera un high-five au moins en France. Je suis tr\u00e8s<br \/>\ncontent\u00a0\u00bb. La chanteuse montera sur la sc\u00e8ne du Z\u00e9nith de Paris<br \/>\n<strong>les 23 et 24 mai prochains.<\/strong><\/p>\n","protected":false},"excerpt":{"rendered":"Pour finir le week-end en beaut\u00e9, Laurent Delahousse accorde un grand entretien \u00e0 une c\u00e9l\u00e9brit\u00e9 dans 20H30 Le&hellip;\n","protected":false},"author":2,"featured_media":93558,"comment_status":"","ping_status":"","sticky":false,"template":"","format":"standard","meta":{"footnotes":""},"categories":[1356],"tags":[548,58,59,1011,27,5097,252,1364],"class_list":{"0":"post-93557","1":"post","2":"type-post","3":"status-publish","4":"format-standard","5":"has-post-thumbnail","7":"category-television","8":"tag-article-simple","9":"tag-divertissement","10":"tag-entertainment","11":"tag-fr","12":"tag-france","13":"tag-laurent-delahousse","14":"tag-television","15":"tag-tv"},"share_on_mastodon":{"url":"https:\/\/pubeurope.com\/@fr\/114493442208651572","error":""},"_links":{"self":[{"href":"https:\/\/www.europesays.com\/fr\/wp-json\/wp\/v2\/posts\/93557","targetHints":{"allow":["GET"]}}],"collection":[{"href":"https:\/\/www.europesays.com\/fr\/wp-json\/wp\/v2\/posts"}],"about":[{"href":"https:\/\/www.europesays.com\/fr\/wp-json\/wp\/v2\/types\/post"}],"author":[{"embeddable":true,"href":"https:\/\/www.europesays.com\/fr\/wp-json\/wp\/v2\/users\/2"}],"replies":[{"embeddable":true,"href":"https:\/\/www.europesays.com\/fr\/wp-json\/wp\/v2\/comments?post=93557"}],"version-history":[{"count":0,"href":"https:\/\/www.europesays.com\/fr\/wp-json\/wp\/v2\/posts\/93557\/revisions"}],"wp:featuredmedia":[{"embeddable":true,"href":"https:\/\/www.europesays.com\/fr\/wp-json\/wp\/v2\/media\/93558"}],"wp:attachment":[{"href":"https:\/\/www.europesays.com\/fr\/wp-json\/wp\/v2\/media?parent=93557"}],"wp:term":[{"taxonomy":"category","embeddable":true,"href":"https:\/\/www.europesays.com\/fr\/wp-json\/wp\/v2\/categories?post=93557"},{"taxonomy":"post_tag","embeddable":true,"href":"https:\/\/www.europesays.com\/fr\/wp-json\/wp\/v2\/tags?post=93557"}],"curies":[{"name":"wp","href":"https:\/\/api.w.org\/{rel}","templated":true}]}}